{"id":9740,"date":"2019-04-13T20:21:45","date_gmt":"2019-04-13T18:21:45","guid":{"rendered":"http:\/\/huberpower.com\/wordpress\/?p=9740"},"modified":"2024-03-25T14:06:39","modified_gmt":"2024-03-25T13:06:39","slug":"start-perlfisch-laichzeit-am-13-april-2019","status":"publish","type":"post","link":"https:\/\/huberpower.com\/wordpress\/?p=9740","title":{"rendered":"START PERLFISCH LAICHZEIT AM 13. APRIL 2019"},"content":{"rendered":"\n<p class=\"wp-block-paragraph\">Heute kamen zwei Meldungen von Fischereischutzorganen herein, dass die Perlfische, oder &#8222;Stachler&#8220;, wie sie im Salzkammergut genannt werden, ihren Laichzug gestartet haben. Dh. die Perlfische formatieren sich zum Laichgesch\u00e4ft. Ein besonderes Schauspiel f\u00fcr Naturliebhaber ist der Laichzug der Perlfische (Stachler oder Maifisch). Hunderte von Fischen str\u00f6men zeitgleich vom Wolfgangsee flussabw\u00e4rts in die Ischl herunter und meistens etwas zeitversetzt kommen welche vom Traunsee herauf. <\/p>\n\n\n\n\n\n<p class=\"wp-block-paragraph\">Historisch wie aktuell ist der Perfisch in den Voralpenseen im Salzkammergut zuhause und zieht zur Laichzeit in die Seenausrinne Ischl und Traun. Die zahlreichen aktuellen Nachweise trotz vergleichsweise schwieriger Bestimmbarkeit zeigen jedenfalls das nach wie vor hohe Wissensdefizit \u00fcber die Art und werfen unweigerlich weitere Fragen auf, beispielsweise \u00fcber Austauschprozesse zwischen den Metapopulationen \u00bbTraunsee\/Wolfgangsee\u00ab und die Frage, kommt er auch am Hallst\u00e4ttersee vor? Interessant wird heuer die Beobachtung, ob die Durchg\u00e4ngigkeit der Ischl einen Austausch der beiden Populationen stattfinden wird.<\/p>\n\n\n\n&nbsp;\n<p style=\"text-align: center;\"><strong><span style=\"color: #99cc00;\">\u201eFischereimanagement ist wie das Leben \u2013 eine Kunst, keine Wissenschaft\u201c \n<\/span><\/strong><\/p>\n<p style=\"text-align: center;\">Zitat Prof. Robert Arlinghaus <\/p>\n<p style=\"text-align: center;\"><\/p>\n&nbsp;\n","protected":false},"excerpt":{"rendered":"<p>Heute kamen zwei Meldungen von Fischereischutzorganen herein, dass die Perlfische, oder &#8222;Stachler&#8220;, wie sie im Salzkammergut genannt werden, ihren Laichzug gestartet haben. Dh. die Perlfische formatieren sich zum Laichgesch\u00e4ft. Ein&#8230; <a class=\"read-more\" href=\"https:\/\/huberpower.com\/wordpress\/?p=9740\">[Weiterlesen]<\/a><\/p>\n","protected":false},"author":4,"featured_media":52,"comment_status":"closed","ping_status":"open","sticky":false,"template":"","format":"standard","meta":{"_crdt_document":"","footnotes":""},"categories":[18,150],"tags":[153,152,151],"class_list":["post-9740","post","type-post","status-publish","format-standard","has-post-thumbnail","hentry","category-bewirtschaftung","category-perlfisch","tag-laichzug","tag-maifisch","tag-stachler"],"_links":{"self":[{"href":"https:\/\/huberpower.com\/wordpress\/index.php?rest_route=\/wp\/v2\/posts\/9740","targetHints":{"allow":["GET"]}}],"collection":[{"href":"https:\/\/huberpower.com\/wordpress\/index.php?rest_route=\/wp\/v2\/posts"}],"about":[{"href":"https:\/\/huberpower.com\/wordpress\/index.php?rest_route=\/wp\/v2\/types\/post"}],"author":[{"embeddable":true,"href":"https:\/\/huberpower.com\/wordpress\/index.php?rest_route=\/wp\/v2\/users\/4"}],"replies":[{"embeddable":true,"href":"https:\/\/huberpower.com\/wordpress\/index.php?rest_route=%2Fwp%2Fv2%2Fcomments&post=9740"}],"version-history":[{"count":3,"href":"https:\/\/huberpower.com\/wordpress\/index.php?rest_route=\/wp\/v2\/posts\/9740\/revisions"}],"predecessor-version":[{"id":31213,"href":"https:\/\/huberpower.com\/wordpress\/index.php?rest_route=\/wp\/v2\/posts\/9740\/revisions\/31213"}],"wp:featuredmedia":[{"embeddable":true,"href":"https:\/\/huberpower.com\/wordpress\/index.php?rest_route=\/wp\/v2\/media\/52"}],"wp:attachment":[{"href":"https:\/\/huberpower.com\/wordpress\/index.php?rest_route=%2Fwp%2Fv2%2Fmedia&parent=9740"}],"wp:term":[{"taxonomy":"category","embeddable":true,"href":"https:\/\/huberpower.com\/wordpress\/index.php?rest_route=%2Fwp%2Fv2%2Fcategories&post=9740"},{"taxonomy":"post_tag","embeddable":true,"href":"https:\/\/huberpower.com\/wordpress\/index.php?rest_route=%2Fwp%2Fv2%2Ftags&post=9740"}],"curies":[{"name":"wp","href":"https:\/\/api.w.org\/{rel}","templated":true}]}}