{"id":876,"date":"2023-06-18T20:42:00","date_gmt":"2023-06-18T18:42:00","guid":{"rendered":"http:\/\/huberpower.com\/wordpress\/?p=876"},"modified":"2024-03-25T14:06:33","modified_gmt":"2024-03-25T13:06:33","slug":"schwallbetrieb","status":"publish","type":"post","link":"https:\/\/huberpower.com\/wordpress\/?p=876","title":{"rendered":"SUNK SITUATION OBERE TRAUN"},"content":{"rendered":"\n<p class=\"wp-block-paragraph\"><strong>Schwallbetrieb<\/strong>&nbsp;(auch Schwellbetrieb) bezeichnet eine besondere Form des Betriebs von Wasserkraftwerken. Wir haben an der Oberen Traun zwar keinen Schwallbetrieb, der durch Kraftwerke ausgel\u00f6st wird, sondern wir haben <strong><mark style=\"background-color:rgba(0, 0, 0, 0)\" class=\"has-inline-color has-luminous-vivid-orange-color\">am Ausfluss des Hallst\u00e4tter See eine Seeklause und dies verursacht in einer Niederwasserphase, eine k\u00fcnstlich erzeugte Wasserabsenkung (Sunk).<\/mark><\/strong> Generell wird eine hohe Wasserf\u00fchrung als Schwall bezeichnet, niedere Wasserf\u00fchrung als Sunk. Die unterschiedlichen Wasserf\u00fchrungen verursacht, speziell im Zeitraum nach der Schneeschmelze, eine Reihe von \u00f6kologischen Problemen.<\/p>\n\n\n\n\n\n<h2 class=\"wp-block-heading\">Abflussschwankungen verringern die Biomasse und Artenvielfalt <\/h2>\n\n\n\n<p class=\"wp-block-paragraph\">Diese <strong><mark style=\"background-color:rgba(0, 0, 0, 0)\" class=\"has-inline-color has-luminous-vivid-orange-color\">unnat\u00fcrlichen Abflussschwankungen<\/mark><\/strong> durch den Betrieb der Seeklause beeintr\u00e4chtigen die hydrologischen und hydraulischen Bedingungen in der betroffenen Flussstrecke. Die Obere Traun als \u00c4schen Region werden neben der \u00c4sche von vielen Organismen als Lebensraum genutzt. Durch den &#8222;Sunk&#8220; werden diese direkt und indirekt gesch\u00e4digt. Geht der Abfluss zur\u00fcck, sind die Organismen <strong><mark style=\"background-color:rgba(0, 0, 0, 0)\" class=\"has-inline-color has-luminous-vivid-orange-color\">durch Stranden in der Uferzone gef\u00e4hrdet<\/mark><\/strong> und zur Laichzeit k\u00f6nnen unter anderem Laichgruben von Fischen und Substratbewohner gesch\u00e4digt werden. In der Summe verringern diese Prozesse die Biomasse und Artenvielfalt der betroffenen Organismengruppen.<\/p>\n\n\n\n<figure class=\"wp-block-image size-large\"><img loading=\"lazy\" decoding=\"async\" width=\"1024\" height=\"538\" src=\"https:\/\/huberpower.com\/wordpress\/wp-content\/uploads\/2022\/06\/image-52-1024x538.png\" alt=\"\" class=\"wp-image-21453\" srcset=\"https:\/\/huberpower.com\/wordpress\/wp-content\/uploads\/2022\/06\/image-52-1024x538.png 1024w, https:\/\/huberpower.com\/wordpress\/wp-content\/uploads\/2022\/06\/image-52-450x236.png 450w, https:\/\/huberpower.com\/wordpress\/wp-content\/uploads\/2022\/06\/image-52.png 1422w\" sizes=\"auto, (max-width: 1024px) 100vw, 1024px\" \/><figcaption class=\"wp-element-caption\">Wasserstands Absenkungen (SUNK) vernichtet viele Jungfische, die nicht aus den Flachwasserzonen kommen oder in kleinen T\u00fcmpel und Vertiefungen zur\u00fcckbleiben und dort qualvoll verenden.  <\/figcaption><\/figure>\n\n\n\n<h2 class=\"wp-block-heading\">Timeline der Wasserf\u00fchrung der Oberen Traun <\/h2>\n\n\n\n<p class=\"wp-block-paragraph\">Nachfolgende Zeitstrahl ist eine Darstellung von Zeitr\u00e4umen und Abfolgen zeitlicher Ereignisse in Form einer Graphik, denn ich schematisch mit den Pegel Daten vom Pegel Maxquell in Bad Ischl dargestellt habe und mit den Entwicklungsstadien der \u00c4sche in eine Zeitleiste gelegt habe. Daraus ist recht leicht zu erkennen, dass wir ab Mitte Mai, je nach Dauer der Schneeschmelze, in eine recht sensible Phase f\u00fcr die \u00c4schen Brut gelangen.<\/p>\n\n\n\n<figure class=\"wp-block-image size-large\"><img loading=\"lazy\" decoding=\"async\" width=\"1024\" height=\"567\" src=\"https:\/\/huberpower.com\/wordpress\/wp-content\/uploads\/2022\/06\/image-8-1024x567.png\" alt=\"\" class=\"wp-image-21130\" srcset=\"https:\/\/huberpower.com\/wordpress\/wp-content\/uploads\/2022\/06\/image-8-1024x567.png 1024w, https:\/\/huberpower.com\/wordpress\/wp-content\/uploads\/2022\/06\/image-8-450x249.png 450w, https:\/\/huberpower.com\/wordpress\/wp-content\/uploads\/2022\/06\/image-8-1536x850.png 1536w, https:\/\/huberpower.com\/wordpress\/wp-content\/uploads\/2022\/06\/image-8-2048x1133.png 2048w\" sizes=\"auto, (max-width: 1024px) 100vw, 1024px\" \/><figcaption class=\"wp-element-caption\">Nach der Schneeschmelze kommen wir an der Oberen Traun in die kritische Phase f\u00fcr die Fischbrut. Abrupte Wasserstands Absenkungen (SUNK) vernichtet viele Jungfische, die nicht aus den Flachwasserzonen kommen oder in kleinen T\u00fcmpel und Vertiefungen zur\u00fcckbleiben und dort qualvoll verenden.  <\/figcaption><\/figure>\n\n\n\n<h2 class=\"wp-block-heading\">Niederwasserphase Anfang J\u00e4nner bis 23. M\u00e4rz<\/h2>\n\n\n\n<p class=\"wp-block-paragraph\">Anfang eines Jahres bis 23. M\u00e4rz wird die Seeklause lt. &#8222;<strong><mark style=\"background-color:rgba(0, 0, 0, 0)\" class=\"has-inline-color has-luminous-vivid-orange-color\">Klaus Wehr Verordnung<\/mark><\/strong>&#8220; aufgemacht um den Seespiegel am Hallst\u00e4tter See abzusenken. Je nach Wasserf\u00fchrung, ist jedoch hier <strong><mark style=\"background-color:rgba(0, 0, 0, 0)\" class=\"has-inline-color has-luminous-vivid-orange-color\">nur der Zeitpunkt beim Zumachen der Klause ein kritischer Zeitpunkt.<\/mark><\/strong> D.h. um den 23. M\u00e4rz eines Jahres ist darauf zu achten, dass ein abruptes Absenken vermieden wird. Wenn wir einen zu diesen Zeitpunkt einen h\u00f6heren Wasserstand im Bereich Maxquell Pegel &gt; 250 cm ist es weniger kritisch. Sollte jedoch zu diesen Datum eine Niederwasser-Phase sein, sollte das Schlie\u00dfen der Klause &#8222;sanft&#8220; erfolgen. Hier haben wir in Abstimmung mit der Zust\u00e4ndigen Beh\u00f6rde und deren Mitarbeiten schon eine gute Zusammenarbeit gefunden. Denn zu diesen Zeitpunkt ist die Regenbogenforellen aktiv im Laichgesch\u00e4ft und daher m\u00fcssen die Laichgruben gesch\u00fctzt werden.<\/p>\n\n\n\n<h2 class=\"wp-block-heading\">Klaus Wehr Verordnung<\/h2>\n\n\n\n<figure class=\"wp-block-embed is-type-wp-embed is-provider-fischereimanagement-salzkammergut wp-block-embed-fischereimanagement-salzkammergut\"><div class=\"wp-block-embed__wrapper\">\n<blockquote class=\"wp-embedded-content\" data-secret=\"ItIJ16sKol\"><a href=\"https:\/\/huberpower.com\/wordpress\/?p=11562\">KLAUSWEHRVERORDNUNG STEEG<\/a><\/blockquote><iframe loading=\"lazy\" class=\"wp-embedded-content\" sandbox=\"allow-scripts\" security=\"restricted\" style=\"position: absolute; clip: rect(1px, 1px, 1px, 1px);\" title=\"&#8222;KLAUSWEHRVERORDNUNG STEEG&#8220; &#8212; Fischereimanagement Salzkammergut\" src=\"https:\/\/huberpower.com\/wordpress\/?p=11562&#038;embed=true#?secret=OtiNd8nnhK#?secret=ItIJ16sKol\" data-secret=\"ItIJ16sKol\" width=\"600\" height=\"338\" frameborder=\"0\" marginwidth=\"0\" marginheight=\"0\" scrolling=\"no\"><\/iframe>\n<\/div><\/figure>\n\n\n\n<p class=\"wp-block-paragraph\">Die&nbsp;<span style=\"color: #99cc00;\"><strong>Seeklause in Steeg<\/strong><\/span>&nbsp;(Gemeinde&nbsp;Bad Goisern am Hallst\u00e4tter See) ist ein zu Beginn des 16. Jahrhunderts erbautes&nbsp;Stauwerk, mit dem der Wasserstand des&nbsp;Hallst\u00e4tter Sees&nbsp;reguliert werden kann. Die Seeklause gilt als das \u00e4lteste technische Denkmal&nbsp;des <strong><span style=\"color: #99cc00;\">ober\u00f6sterreichischen&nbsp;Salzkammerguts<\/span><\/strong>, das noch zu Beginn des 21. Jahrhunderts in Betrieb ist.&nbsp;Das 110,23 m lange, auf Holzpf\u00e4hlen gegr\u00fcndete Bauwerk dient heute lediglich zur Sicherung bestimmter Wasserst\u00e4nde des&nbsp;Hallst\u00e4tter Sees&nbsp;und der&nbsp;Traun, wobei der Seespiegel bis zu einem Meter gehoben werden kann.<\/p>\n\n\n\n<h2 class=\"wp-block-heading\">Start der \u00c4schen Laichzeit &#8211; Anfang April<\/h2>\n\n\n\n<figure class=\"wp-block-embed is-type-video is-provider-youtube wp-block-embed-youtube wp-embed-aspect-16-9 wp-has-aspect-ratio\"><div class=\"wp-block-embed__wrapper\">\n<iframe loading=\"lazy\" title=\"GOISERER TRAUN \u00c4SCHEN\" width=\"640\" height=\"360\" src=\"https:\/\/www.youtube.com\/embed\/IjplfLymIMo?feature=oembed\" frameborder=\"0\" allow=\"accelerometer; autoplay; clipboard-write; encrypted-media; gyroscope; picture-in-picture; web-share\" referrerpolicy=\"strict-origin-when-cross-origin\" allowfullscreen><\/iframe>\n<\/div><\/figure>\n\n\n\n<p class=\"wp-block-paragraph\">Die \u00c4schen Laichzeit beginnt bei uns an der Oberen Traun zumeist mit Anfang April und hat ihren H\u00f6hepunkt ab Mitte bis Ende April bis Anfang Mai und ist sehr stark von der Wassertemperatur abh\u00e4ngig. Wie Temperatur Aufzeichnungen mit Datenlogger in den letzten Jahren Zeigen, parallel mit den Laichbeobachtungen der \u00c4sche, haben wir optimale Wasser-Temperatur Bedingungen im Bereich von 9,0 bis 11,0 Grad Celsius ermittelt.    <\/p>\n\n\n\n<h2 class=\"wp-block-heading\">Einsetzen der Schneeschmelze<\/h2>\n\n\n\n<p class=\"wp-block-paragraph\">Im Zenith der Laichaktivit\u00e4ten, der \u00c4sche, setzt auch jahreszeitlich geringf\u00fcgig Verschoben, je nach Au\u00dfentemperatur auch die Schneeschmelze ein und der Wasserstand steigt an. Durch den h\u00f6heren Wasserstand ist die Fischbrut gesch\u00fctzt.<\/p>\n\n\n\n<figure class=\"wp-block-image size-large\"><img loading=\"lazy\" decoding=\"async\" width=\"1024\" height=\"574\" src=\"https:\/\/huberpower.com\/wordpress\/wp-content\/uploads\/2022\/06\/image-50-1024x574.png\" alt=\"\" class=\"wp-image-21438\" srcset=\"https:\/\/huberpower.com\/wordpress\/wp-content\/uploads\/2022\/06\/image-50-1024x574.png 1024w, https:\/\/huberpower.com\/wordpress\/wp-content\/uploads\/2022\/06\/image-50-450x252.png 450w, https:\/\/huberpower.com\/wordpress\/wp-content\/uploads\/2022\/06\/image-50.png 1245w\" sizes=\"auto, (max-width: 1024px) 100vw, 1024px\" \/><figcaption class=\"wp-element-caption\">Zumeist haben wir ab Anfang Mai die Schneeschmelze und h\u00f6here Wasserst\u00e4nde.<\/figcaption><\/figure>\n\n\n\n<h2 class=\"wp-block-heading\">Kritische Zeit &#8211; nach der Schneeschmelze <\/h2>\n\n\n<div class=\"wp-block-image\">\n<figure class=\"aligncenter size-large is-resized\"><img loading=\"lazy\" decoding=\"async\" src=\"https:\/\/huberpower.com\/wordpress\/wp-content\/uploads\/2022\/06\/image-43-608x1024.png\" alt=\"\" class=\"wp-image-21420\" width=\"312\" height=\"526\" srcset=\"https:\/\/huberpower.com\/wordpress\/wp-content\/uploads\/2022\/06\/image-43-608x1024.png 608w, https:\/\/huberpower.com\/wordpress\/wp-content\/uploads\/2022\/06\/image-43-190x320.png 190w, https:\/\/huberpower.com\/wordpress\/wp-content\/uploads\/2022\/06\/image-43.png 626w\" sizes=\"auto, (max-width: 312px) 100vw, 312px\" \/><\/figure>\n<\/div>\n\n\n<p class=\"wp-block-paragraph\">Prinzipiell ist zu sagen, dass die Sensibilit\u00e4t der Jungfische gegen\u00fcber Sunk mit zunehmendem Alter stark abnimmt. Auch ist diese Situation in der massiven Sch\u00e4den auftreten k\u00f6nnen, saisonal auf Mai bis Juli und auf das juvenile Lebensstadium zutreffend. Daher sollte man im Fr\u00fchjahr zur Zeit der Larvenstadien bei Forelle und \u00c4sche in Form eines \u201e<strong>Larvenfensters<\/strong> <strong>in der Klaus Wehr Verordnung<\/strong>\u201c eine Regelung finden und festlegen als f\u00fcr die restliche Jahreszeit, wo es diese Sunk-Sch\u00e4digungen nicht geben kann. <strong><mark style=\"background-color:rgba(0, 0, 0, 0)\" class=\"has-inline-color has-vivid-green-cyan-color\">D.h. in einem ersten Schritt sollte eine mehrw\u00f6chige Schonzeit f\u00fcr Jungfische ab Mitte Mai bis Mitte Juli helfen. In dieser Zeit sollte ein Sunk Belastung gestoppt oder zumindest stark verringert werden. <\/mark><\/strong>  <\/p>\n\n\n\n<h2 class=\"wp-block-heading\">16. Juni 2023<\/h2>\n\n\n\n<p class=\"wp-block-paragraph\"><strong><mark style=\"background-color:rgba(0, 0, 0, 0)\" class=\"has-inline-color has-luminous-vivid-orange-color\">Genau im sehr kritischen Bereich, f\u00fcr die \u00c4schen Brut, werden wir mit Absenkungen konfrontiert, die j\u00e4hrlich \u00fcber 30 Kilometer Traun, innerhalb von ca. 1 Stunde zu einer recht raschen Pegel-Absenkung von bis zu 20 cm f\u00fchrt. Dadurch werden gro\u00dfen Ausf\u00e4llen vom \u00c4schen Nachwuchs verursacht. <\/mark><\/strong><\/p>\n\n\n\n<figure class=\"wp-block-image size-large\"><img loading=\"lazy\" decoding=\"async\" width=\"1024\" height=\"772\" src=\"https:\/\/huberpower.com\/wordpress\/wp-content\/uploads\/2023\/06\/image-8-1024x772.png\" alt=\"\" class=\"wp-image-25609\" srcset=\"https:\/\/huberpower.com\/wordpress\/wp-content\/uploads\/2023\/06\/image-8-1024x772.png 1024w, https:\/\/huberpower.com\/wordpress\/wp-content\/uploads\/2023\/06\/image-8-425x320.png 425w, https:\/\/huberpower.com\/wordpress\/wp-content\/uploads\/2023\/06\/image-8.png 1149w\" sizes=\"auto, (max-width: 1024px) 100vw, 1024px\" \/><\/figure>\n\n\n\n<p class=\"wp-block-paragraph\">Am kritischsten ist die Situation in Flachwasserzonen, wo die Fisch-Brut in T\u00fcmpel und Mulden verbleibt, die in vielen F\u00e4llen trocken fallen und den Nachwuchs vernichten. <\/p>\n\n\n\n<figure class=\"wp-block-image size-full is-resized\"><img loading=\"lazy\" decoding=\"async\" src=\"https:\/\/huberpower.com\/wordpress\/wp-content\/uploads\/2023\/06\/image-9.png\" alt=\"\" class=\"wp-image-25611\" width=\"839\" height=\"534\" srcset=\"https:\/\/huberpower.com\/wordpress\/wp-content\/uploads\/2023\/06\/image-9.png 693w, https:\/\/huberpower.com\/wordpress\/wp-content\/uploads\/2023\/06\/image-9-450x286.png 450w\" sizes=\"auto, (max-width: 839px) 100vw, 839px\" \/><figcaption class=\"wp-element-caption\">An den Ufersteinen ist die abrupte Absenkung zu beobachten.  <\/figcaption><\/figure>\n\n\n\n<h2 class=\"wp-block-heading\">15. Juni 2022<\/h2>\n\n\n\n<p class=\"wp-block-paragraph\">Alle Jahre zur ann\u00e4hernd selben Zeit, werden in der abklingenden Schneeschmelze die Tore bei der Seeklause geschlossen und die Br\u00fctlinge in der Flachwasserzone und in den Altarmen haben wenig Chance mit der abrupten Absenkung mit zu wandern.    <\/p>\n\n\n\n<figure class=\"wp-block-image size-large\"><img loading=\"lazy\" decoding=\"async\" width=\"1024\" height=\"624\" src=\"https:\/\/huberpower.com\/wordpress\/wp-content\/uploads\/2022\/06\/image-42-1024x624.png\" alt=\"\" class=\"wp-image-21412\" srcset=\"https:\/\/huberpower.com\/wordpress\/wp-content\/uploads\/2022\/06\/image-42-1024x624.png 1024w, https:\/\/huberpower.com\/wordpress\/wp-content\/uploads\/2022\/06\/image-42-450x274.png 450w, https:\/\/huberpower.com\/wordpress\/wp-content\/uploads\/2022\/06\/image-42-1536x936.png 1536w, https:\/\/huberpower.com\/wordpress\/wp-content\/uploads\/2022\/06\/image-42-2048x1248.png 2048w\" sizes=\"auto, (max-width: 1024px) 100vw, 1024px\" \/><figcaption class=\"wp-element-caption\">Wenn die Schneeschmelze nachl\u00e4sst und sich die Pegel auf Normalwasserst\u00e4nde einpendeln, kommen wir in einer kritische Phase. Da ist die \u00c4schen Brut geschl\u00fcpft und ist in der Uferzone Schwarmweise unterwegs. <\/figcaption><\/figure>\n\n\n\n<figure class=\"wp-block-image size-large\"><img loading=\"lazy\" decoding=\"async\" width=\"1024\" height=\"1015\" src=\"https:\/\/huberpower.com\/wordpress\/wp-content\/uploads\/2022\/06\/image-41-1024x1015.png\" alt=\"\" class=\"wp-image-21409\" srcset=\"https:\/\/huberpower.com\/wordpress\/wp-content\/uploads\/2022\/06\/image-41-1024x1015.png 1024w, https:\/\/huberpower.com\/wordpress\/wp-content\/uploads\/2022\/06\/image-41-323x320.png 323w, https:\/\/huberpower.com\/wordpress\/wp-content\/uploads\/2022\/06\/image-41-1536x1522.png 1536w, https:\/\/huberpower.com\/wordpress\/wp-content\/uploads\/2022\/06\/image-41.png 1538w\" sizes=\"auto, (max-width: 1024px) 100vw, 1024px\" \/><figcaption class=\"wp-element-caption\">Innerhalb kurzer Zeit, haben wir an der Oberen Traun eine sunk artige Wasserstands Absenkung.<\/figcaption><\/figure>\n\n\n\n<h2 class=\"wp-block-heading\">Sunk Betrieb in der Oberen Traun<\/h2>\n\n\n\n<p class=\"wp-block-paragraph\"><strong>Im Wechsel der Schneeschmelze in eine Mittel- und Normalwasser Phase<\/strong> sind sehr starke Wasserstand &#8211; Schwankungen festzustellen. Eigentlich <strong><mark style=\"background-color:rgba(0, 0, 0, 0)\" class=\"has-inline-color has-vivid-green-cyan-color\">nicht der Schwall, sondern die kurzzeitigen Absenkungen sind bei uns das \u00dcbel.<\/mark><\/strong> Diese sind f\u00fcr die im Fr\u00fchsommer, in den Flachwasserzonen vorhanden Fischbrut t\u00f6dlich. Die Fischbrut kann durch die abrupten Absenkungen die Flachwasserzonen nicht verlassen und geht in den austrocknenden T\u00fcmpeln elendig zu Grunde.<\/p>\n\n\n\n<figure class=\"wp-block-image size-large\"><img loading=\"lazy\" decoding=\"async\" width=\"1024\" height=\"509\" src=\"https:\/\/huberpower.com\/wordpress\/wp-content\/uploads\/2022\/06\/image-46-1024x509.png\" alt=\"\" class=\"wp-image-21432\" srcset=\"https:\/\/huberpower.com\/wordpress\/wp-content\/uploads\/2022\/06\/image-46-1024x509.png 1024w, https:\/\/huberpower.com\/wordpress\/wp-content\/uploads\/2022\/06\/image-46-450x223.png 450w, https:\/\/huberpower.com\/wordpress\/wp-content\/uploads\/2022\/06\/image-46-1536x763.png 1536w, https:\/\/huberpower.com\/wordpress\/wp-content\/uploads\/2022\/06\/image-46.png 1907w\" sizes=\"auto, (max-width: 1024px) 100vw, 1024px\" \/><figcaption class=\"wp-element-caption\">Die Fischbrut kann durch die abrupten Absenkungen die Flachwasserzonen nicht verlassen und geht elendig zu Grunde. Schade, dass Fische nicht schreien k\u00f6nnen. <\/figcaption><\/figure>\n\n\n\n<figure class=\"wp-block-image size-large\"><img loading=\"lazy\" decoding=\"async\" width=\"1024\" height=\"752\" src=\"https:\/\/huberpower.com\/wordpress\/wp-content\/uploads\/2022\/06\/image-53-1024x752.png\" alt=\"\" class=\"wp-image-21457\" srcset=\"https:\/\/huberpower.com\/wordpress\/wp-content\/uploads\/2022\/06\/image-53-1024x752.png 1024w, https:\/\/huberpower.com\/wordpress\/wp-content\/uploads\/2022\/06\/image-53-436x320.png 436w, https:\/\/huberpower.com\/wordpress\/wp-content\/uploads\/2022\/06\/image-53-1536x1128.png 1536w, https:\/\/huberpower.com\/wordpress\/wp-content\/uploads\/2022\/06\/image-53-260x190.png 260w, https:\/\/huberpower.com\/wordpress\/wp-content\/uploads\/2022\/06\/image-53.png 1855w\" sizes=\"auto, (max-width: 1024px) 100vw, 1024px\" \/><figcaption class=\"wp-element-caption\">Es geht darum, dass die Absenkungen, die kurz danach zumeist wieder zu einen Anstieg f\u00fchren aus zu nivelliert und den Wasser R\u00fcckgang zu verlangsamen. Damit k\u00f6nnte man viele Jungfische und den sich nat\u00fcrlich entwickelnden Fischbestand an der Oberen Traun helfen.  <\/figcaption><\/figure>\n\n\n\n<p class=\"wp-block-paragraph\"><strong><mark style=\"background-color:rgba(0, 0, 0, 0)\" class=\"has-inline-color has-luminous-vivid-orange-color\">Die Fischbrut h\u00e4lt sich in erster Linie im Uferbereich auf und durch dies abrupte Absenkung haben viele Fische keine Chance aus den Flachwasser &#8211; Bereich oder aus den Stein &#8211; Nischen der Ufer &#8211; Verbauung zu entkommen und ersticken qualvoll.<\/mark><\/strong> <\/p>\n\n\n\n<figure class=\"wp-block-image size-large\"><img loading=\"lazy\" decoding=\"async\" width=\"1024\" height=\"496\" src=\"https:\/\/huberpower.com\/wordpress\/wp-content\/uploads\/2022\/06\/image-47-1024x496.png\" alt=\"\" class=\"wp-image-21433\" srcset=\"https:\/\/huberpower.com\/wordpress\/wp-content\/uploads\/2022\/06\/image-47-1024x496.png 1024w, https:\/\/huberpower.com\/wordpress\/wp-content\/uploads\/2022\/06\/image-47-450x218.png 450w, https:\/\/huberpower.com\/wordpress\/wp-content\/uploads\/2022\/06\/image-47.png 1533w\" sizes=\"auto, (max-width: 1024px) 100vw, 1024px\" \/><figcaption class=\"wp-element-caption\">Es geht nicht um ein paar Fische, es geht um tausende Fische.<\/figcaption><\/figure>\n\n\n\n<p class=\"wp-block-paragraph\">Diese starke Absenkung mit \u00fcber 20 cm in einer recht kurzen Zeitspanne sollte sich ev. durch eine technisch bessere L\u00f6sung regeln lassen. Es geht darum, dass die Absenkungen, die kurz danach zumeist wieder zu einen Anstieg f\u00fchren aus zu nivelliert und den Wasser R\u00fcckgang zu verlangsamen. Damit k\u00f6nnte man viele Jungfische und den sich nat\u00fcrlich entwickelnden Fischbestand an der Oberen Traun helfen.  <\/p>\n\n\n\n<h2 class=\"wp-block-heading\">Man sieht sie nicht, man h\u00f6rt sie nicht, aber sie sind da<\/h2>\n\n\n\n<figure class=\"wp-block-image size-large\"><img loading=\"lazy\" decoding=\"async\" width=\"1024\" height=\"576\" src=\"https:\/\/huberpower.com\/wordpress\/wp-content\/uploads\/2022\/06\/SUNK_020-1024x576.jpg\" alt=\"\" class=\"wp-image-21458\" srcset=\"https:\/\/huberpower.com\/wordpress\/wp-content\/uploads\/2022\/06\/SUNK_020-1024x576.jpg 1024w, https:\/\/huberpower.com\/wordpress\/wp-content\/uploads\/2022\/06\/SUNK_020-450x253.jpg 450w, https:\/\/huberpower.com\/wordpress\/wp-content\/uploads\/2022\/06\/SUNK_020-1536x864.jpg 1536w, https:\/\/huberpower.com\/wordpress\/wp-content\/uploads\/2022\/06\/SUNK_020.jpg 1600w\" sizes=\"auto, (max-width: 1024px) 100vw, 1024px\" \/><figcaption class=\"wp-element-caption\">Man sieht sie nicht &#8230;<\/figcaption><\/figure>\n\n\n\n<figure class=\"wp-block-image size-large\"><img loading=\"lazy\" decoding=\"async\" width=\"1024\" height=\"574\" src=\"https:\/\/huberpower.com\/wordpress\/wp-content\/uploads\/2022\/06\/SUNK_030-1024x574.jpg\" alt=\"\" class=\"wp-image-21460\" srcset=\"https:\/\/huberpower.com\/wordpress\/wp-content\/uploads\/2022\/06\/SUNK_030-1024x574.jpg 1024w, https:\/\/huberpower.com\/wordpress\/wp-content\/uploads\/2022\/06\/SUNK_030-450x252.jpg 450w, https:\/\/huberpower.com\/wordpress\/wp-content\/uploads\/2022\/06\/SUNK_030-1536x861.jpg 1536w, https:\/\/huberpower.com\/wordpress\/wp-content\/uploads\/2022\/06\/SUNK_030-2048x1148.jpg 2048w\" sizes=\"auto, (max-width: 1024px) 100vw, 1024px\" \/><figcaption class=\"wp-element-caption\">Man h\u00f6rt sie nicht &#8230;<\/figcaption><\/figure>\n\n\n\n<figure class=\"wp-block-image size-large\"><img loading=\"lazy\" decoding=\"async\" width=\"1024\" height=\"575\" src=\"https:\/\/huberpower.com\/wordpress\/wp-content\/uploads\/2022\/06\/SUNK_010-1024x575.jpg\" alt=\"\" class=\"wp-image-21461\" srcset=\"https:\/\/huberpower.com\/wordpress\/wp-content\/uploads\/2022\/06\/SUNK_010-1024x575.jpg 1024w, https:\/\/huberpower.com\/wordpress\/wp-content\/uploads\/2022\/06\/SUNK_010-450x253.jpg 450w, https:\/\/huberpower.com\/wordpress\/wp-content\/uploads\/2022\/06\/SUNK_010-1536x862.jpg 1536w, https:\/\/huberpower.com\/wordpress\/wp-content\/uploads\/2022\/06\/SUNK_010-2048x1150.jpg 2048w\" sizes=\"auto, (max-width: 1024px) 100vw, 1024px\" \/><figcaption class=\"wp-element-caption\">&#8230; aber sie sind da &#8230;<\/figcaption><\/figure>\n\n\n\n<figure class=\"wp-block-image size-large\"><img loading=\"lazy\" decoding=\"async\" width=\"1024\" height=\"568\" src=\"https:\/\/huberpower.com\/wordpress\/wp-content\/uploads\/2022\/06\/SUNK_035-1024x568.jpg\" alt=\"\" class=\"wp-image-21462\" srcset=\"https:\/\/huberpower.com\/wordpress\/wp-content\/uploads\/2022\/06\/SUNK_035-1024x568.jpg 1024w, https:\/\/huberpower.com\/wordpress\/wp-content\/uploads\/2022\/06\/SUNK_035-450x250.jpg 450w, https:\/\/huberpower.com\/wordpress\/wp-content\/uploads\/2022\/06\/SUNK_035-1536x852.jpg 1536w, https:\/\/huberpower.com\/wordpress\/wp-content\/uploads\/2022\/06\/SUNK_035-2048x1136.jpg 2048w\" sizes=\"auto, (max-width: 1024px) 100vw, 1024px\" \/><figcaption class=\"wp-element-caption\">Hunderte, tausende Jungfische entlang der Uferkannte und in den Flachwasserzonen. Lauter &#8222;Jung \u00c4schen&#8220;, die an der Obere Traun noch vorhanden sind und sich nat\u00fcrlich reproduzieren.<\/figcaption><\/figure>\n\n\n<div class=\"wp-block-image\">\n<figure class=\"aligncenter\"><a href=\"https:\/\/huberpower.com\/wordpress\/wp-content\/uploads\/2012\/09\/PEGEL_ISCHLER_TRAUN_25_8_BIS_8_9_2012.jpg\"><img loading=\"lazy\" decoding=\"async\" width=\"779\" height=\"568\" src=\"https:\/\/huberpower.com\/wordpress\/wp-content\/uploads\/2012\/09\/PEGEL_ISCHLER_TRAUN_25_8_BIS_8_9_2012.jpg\" alt=\"PEGEL ISCHLER TRAUN 25.8 BIS 8.9.2012\" class=\"wp-image-877\" srcset=\"https:\/\/huberpower.com\/wordpress\/wp-content\/uploads\/2012\/09\/PEGEL_ISCHLER_TRAUN_25_8_BIS_8_9_2012.jpg 779w, https:\/\/huberpower.com\/wordpress\/wp-content\/uploads\/2012\/09\/PEGEL_ISCHLER_TRAUN_25_8_BIS_8_9_2012-300x218.jpg 300w, https:\/\/huberpower.com\/wordpress\/wp-content\/uploads\/2012\/09\/PEGEL_ISCHLER_TRAUN_25_8_BIS_8_9_2012-680x495.jpg 680w\" sizes=\"auto, (max-width: 779px) 100vw, 779px\" \/><\/a><figcaption class=\"wp-element-caption\">PEGEL ISCHLER TRAUN 25.8 BIS 8.9.2012<\/figcaption><\/figure>\n<\/div>\n\n\n<h2 class=\"wp-block-heading\">Die \u201eMinus-Welle\u201c (SUNK)<\/h2>\n\n\n\n<p class=\"wp-block-paragraph\">Durch die Seespiegel Korrekturen f\u00fcr den Hallst\u00e4tter, haben wir an der Oberen Traun, zwischen Hallst\u00e4tter See und Ebensee eine &#8222;Minus-Welle&#8220;, sprich eine Sunk-Situation, die speziell nachdem die \u00c4schen Larven geschl\u00fcpft sind und sich ab Mitte Mai bis Ende Juli in der Uferzone (Flachwasserzone) aufhalten, bei abrupten Wasserstands Absenkungen eine gro\u00dfen Ausfall der \u00c4schen Brut bedeuten. <\/p>\n\n\n\n<figure class=\"wp-block-image size-large\"><img loading=\"lazy\" decoding=\"async\" width=\"1024\" height=\"730\" src=\"https:\/\/huberpower.com\/wordpress\/wp-content\/uploads\/2022\/06\/image-45-1024x730.png\" alt=\"\" class=\"wp-image-21426\" srcset=\"https:\/\/huberpower.com\/wordpress\/wp-content\/uploads\/2022\/06\/image-45-1024x730.png 1024w, https:\/\/huberpower.com\/wordpress\/wp-content\/uploads\/2022\/06\/image-45-450x320.png 450w, https:\/\/huberpower.com\/wordpress\/wp-content\/uploads\/2022\/06\/image-45.png 1158w\" sizes=\"auto, (max-width: 1024px) 100vw, 1024px\" \/><figcaption class=\"wp-element-caption\">In Steeg am Hallst\u00e4tter See befindet sich die Seeklause, die den Abfluss in die Traun reguliert bzw. den Seespiegel des Hallst\u00e4tter See und anhand der Zeitachse, sieht man die zeitlichen Versetzten Auswirkungen.<\/figcaption><\/figure>\n\n\n\n<h2 class=\"wp-block-heading\">Wehrklappen Schlie\u00dfung verursacht abrupte Absenkungen (Sunk)<\/h2>\n\n\n<div class=\"wp-block-image\">\n<figure class=\"aligncenter\"><a href=\"https:\/\/huberpower.com\/wordpress\/wp-content\/uploads\/2012\/09\/20090501_26713_DSC_2140_20090501_3324_c-by-huberpower-1.jpg\"><img loading=\"lazy\" decoding=\"async\" width=\"903\" height=\"600\" src=\"https:\/\/huberpower.com\/wordpress\/wp-content\/uploads\/2012\/09\/20090501_26713_DSC_2140_20090501_3324_c-by-huberpower-1.jpg\" alt=\"Die Seeklause in Steeg regelt den Wasserstand \" class=\"wp-image-885\" srcset=\"https:\/\/huberpower.com\/wordpress\/wp-content\/uploads\/2012\/09\/20090501_26713_DSC_2140_20090501_3324_c-by-huberpower-1.jpg 903w, https:\/\/huberpower.com\/wordpress\/wp-content\/uploads\/2012\/09\/20090501_26713_DSC_2140_20090501_3324_c-by-huberpower-1-300x199.jpg 300w, https:\/\/huberpower.com\/wordpress\/wp-content\/uploads\/2012\/09\/20090501_26713_DSC_2140_20090501_3324_c-by-huberpower-1-680x451.jpg 680w\" sizes=\"auto, (max-width: 903px) 100vw, 903px\" \/><\/a><figcaption class=\"wp-element-caption\">Die Seeklause in Steeg regelt den Wasserstand.<\/figcaption><\/figure>\n<\/div>\n\n\n<p class=\"wp-block-paragraph\">L\u00e4sst sich die technische Wehranlage, mit einer manuellen Wehrklappenschlie\u00dfung nicht auf eine intelligentere Weise steuern?  Wir haben an der Oberen Traun zwischen Hallst\u00e4tter See und Traunsee ein drastisches Sinken (Sunk) des Wasserspiegels, der speziell im Fr\u00fchsommer, wo die \u00c4schen Brut geschl\u00fcpft ist und sich in den Flachwasserzonen aufh\u00e4lt und bei APRUPTEN Absenkungen den Tod von tausenden Jungfischen und Fischlarven pro Jahr verursacht. Diese Situation, wie in der Zwischenzeit in Tirol ermittelt wurde, stelle auch einen Versto\u00df gegen das Tierschutzrecht dar, weil auch Jungfische den Schutz auf ihr Leben haben. <\/p>\n\n\n\n<figure class=\"wp-block-image size-large\"><img loading=\"lazy\" decoding=\"async\" width=\"1024\" height=\"791\" src=\"https:\/\/huberpower.com\/wordpress\/wp-content\/uploads\/2022\/06\/image-6-1024x791.png\" alt=\"\" class=\"wp-image-21105\" srcset=\"https:\/\/huberpower.com\/wordpress\/wp-content\/uploads\/2022\/06\/image-6-1024x791.png 1024w, https:\/\/huberpower.com\/wordpress\/wp-content\/uploads\/2022\/06\/image-6-414x320.png 414w, https:\/\/huberpower.com\/wordpress\/wp-content\/uploads\/2022\/06\/image-6-1536x1187.png 1536w, https:\/\/huberpower.com\/wordpress\/wp-content\/uploads\/2022\/06\/image-6-2048x1582.png 2048w\" sizes=\"auto, (max-width: 1024px) 100vw, 1024px\" \/><figcaption class=\"wp-element-caption\">Ev. kann durch eine parallele Steuerung bei der Seeklause im linksufrigen Auslauf, mit einer Wehrklappen Steuerung, ein manuelles \u00f6ffnen der Klaus Tore, besser geregelt und der Abfluss aus nivelliert werden?<\/figcaption><\/figure>\n\n\n\n<h2 class=\"wp-block-heading\">Schutz der Laichpl\u00e4tze &amp; Wat Verbot bis Ende Mai<\/h2>\n\n\n\n<figure class=\"wp-block-image size-large\"><img loading=\"lazy\" decoding=\"async\" width=\"1024\" height=\"563\" src=\"https:\/\/huberpower.com\/wordpress\/wp-content\/uploads\/2022\/06\/image-9-1024x563.png\" alt=\"\" class=\"wp-image-21144\" srcset=\"https:\/\/huberpower.com\/wordpress\/wp-content\/uploads\/2022\/06\/image-9-1024x563.png 1024w, https:\/\/huberpower.com\/wordpress\/wp-content\/uploads\/2022\/06\/image-9-450x247.png 450w, https:\/\/huberpower.com\/wordpress\/wp-content\/uploads\/2022\/06\/image-9-1536x844.png 1536w, https:\/\/huberpower.com\/wordpress\/wp-content\/uploads\/2022\/06\/image-9-2048x1126.png 2048w\" sizes=\"auto, (max-width: 1024px) 100vw, 1024px\" \/><figcaption class=\"wp-element-caption\">Von Seiten der Fischerei werden die Laichpl\u00e4tze besonders geschont. In den letzten Jahren musste durch eine Verschiebung der Laichzeit die Schonung bis auf Ende Mai ausgedehnt werden. Weiters gibt es in diesen Zeitraum auch ein &#8222;Wat Verbot&#8220;, dh. es darf nicht im Gew\u00e4sser gewatet werden um die Laichpl\u00e4tze nicht zu gef\u00e4hrden.  <\/figcaption><\/figure>\n\n\n\n<figure class=\"wp-block-image size-large\"><img loading=\"lazy\" decoding=\"async\" width=\"1024\" height=\"575\" src=\"https:\/\/huberpower.com\/wordpress\/wp-content\/uploads\/2022\/06\/image-7-1024x575.png\" alt=\"\" class=\"wp-image-21107\" srcset=\"https:\/\/huberpower.com\/wordpress\/wp-content\/uploads\/2022\/06\/image-7-1024x575.png 1024w, https:\/\/huberpower.com\/wordpress\/wp-content\/uploads\/2022\/06\/image-7-450x253.png 450w, https:\/\/huberpower.com\/wordpress\/wp-content\/uploads\/2022\/06\/image-7.png 1420w\" sizes=\"auto, (max-width: 1024px) 100vw, 1024px\" \/><\/figure>\n\n\n\n<h2 class=\"wp-block-heading\">Flachwasserzonen werden zu Jungfisch Fallen<\/h2>\n\n\n\n<p class=\"wp-block-paragraph\">In Abschnitten mit vielf\u00e4ltiger Morphologie ist die Gefahr des Strandens in der Regel h\u00f6her als in kanalisierten Abschnitten, da die Neigung der Uferzone geringer ist und die Tiere beim Abflussr\u00fcckgang eine gr\u00f6\u00dfere Distanz zur\u00fccklegen m\u00fcssen, aber auch weil Vertiefungen in der Uferzone als Fallen wirken k\u00f6nnen. Generell ist die Gefahr des Strandens bei gr\u00f6berem Substrat gr\u00f6sser, aufgrund der Bildung von Wasserfl\u00e4chen in Vertiefungen und dem vorwiegend vertikalen R\u00fcckzug des Wassers im Vergleich zu feinem Substrat. D.h. bei k\u00fcnftigen Revitalisierungen unserer Gew\u00e4sser sollte auf diesen Umstand geachtet werden. Sonst bekommen wir die n\u00e4chsten Fischfallen, zwar mit einer guten Absicht jedoch f\u00fcr die Fische mit katastrophalen Folgen.   <\/p>\n\n\n\n<figure class=\"wp-block-image size-large\"><img loading=\"lazy\" decoding=\"async\" width=\"1024\" height=\"467\" src=\"https:\/\/huberpower.com\/wordpress\/wp-content\/uploads\/2022\/06\/image-54-1024x467.png\" alt=\"\" class=\"wp-image-21468\" srcset=\"https:\/\/huberpower.com\/wordpress\/wp-content\/uploads\/2022\/06\/image-54-1024x467.png 1024w, https:\/\/huberpower.com\/wordpress\/wp-content\/uploads\/2022\/06\/image-54-450x205.png 450w, https:\/\/huberpower.com\/wordpress\/wp-content\/uploads\/2022\/06\/image-54-1536x700.png 1536w, https:\/\/huberpower.com\/wordpress\/wp-content\/uploads\/2022\/06\/image-54-2048x934.png 2048w\" sizes=\"auto, (max-width: 1024px) 100vw, 1024px\" \/><figcaption class=\"wp-element-caption\">Bei neuen \u00f6kologischen Begleitma\u00dfnahmen sind &#8222;Flachwasserzonen&#8220; modern geworden. Prinzipiell spricht ja auch nichts dagegen. Nur haben wir an der Oberen Traun kurzzeitige Wasserstands Absenkungen die alle Jahre in der Fr\u00fchsommerzeit, vielen Jungfischen das Leben kosten. D.h. bei k\u00fcnftigen Revitalisierungen unserer Gew\u00e4sser sollte auf diesen Umstand geachtet werden.<\/figcaption><\/figure>\n\n\n\n<p class=\"wp-block-paragraph\"><strong><mark style=\"background-color:rgba(0, 0, 0, 0)\" class=\"has-inline-color has-luminous-vivid-orange-color\">Die Gefahr des Strandend und Trockenfallen ist auch abh\u00e4ngig von den Eigenschaften und Verhaltensweisen der Organismen. Neben dem Laich sind Br\u00fctlinge (0+) und S\u00f6mmerlinge (1+) der Forellen und \u00c4schen u.a. besonders gef\u00e4hrdet, da sie sich im Vergleich zu adulten Fischen n\u00e4her an der Substratoberfl\u00e4che und in seichten Bereichen der Uferzone aufhalten und weniger gute Schwimmer sind. <\/mark><\/strong><\/p>\n\n\n\n<p class=\"wp-block-paragraph\">In morphologisch vielf\u00e4ltigen Abschnitten sind bei h\u00f6herer Wasserf\u00fchrung die Nebengerinne, Seitenarme, angebunde Neben- und Altarme und Senken mit dem Hauptgerinne verbunden. Tiere k\u00f6nnen dann aktiv oder passiv Nebengerinne erreichen, die bei Sunk wieder abgetrennt werden, wodurch die Tiere darin blockiert werden.<\/p>\n\n\n\n<figure class=\"wp-block-image size-large\"><img loading=\"lazy\" decoding=\"async\" width=\"1024\" height=\"601\" src=\"https:\/\/huberpower.com\/wordpress\/wp-content\/uploads\/2022\/06\/image-51-1024x601.png\" alt=\"\" class=\"wp-image-21444\" srcset=\"https:\/\/huberpower.com\/wordpress\/wp-content\/uploads\/2022\/06\/image-51-1024x601.png 1024w, https:\/\/huberpower.com\/wordpress\/wp-content\/uploads\/2022\/06\/image-51-450x264.png 450w, https:\/\/huberpower.com\/wordpress\/wp-content\/uploads\/2022\/06\/image-51.png 1271w\" sizes=\"auto, (max-width: 1024px) 100vw, 1024px\" \/><figcaption class=\"wp-element-caption\">Die \u00c4schen Brut hat Mitte Juni eine Gr\u00f6\u00dfe von 25 bis 30 mm und kann kaum befischt werden. Von Einzel F\u00e4ngen mit einen feinmaschigen Fischnetz abgesehen, kann man den einen oder anderen aus eine &#8222;Pf\u00fctze&#8220; retten. Die vielen tausend \u00c4schen Larven sind jedoch mit einer Elektrobefischung noch nicht ansprechbar, bzw. werden sie mit dem Strom und der Manipulation in einen sehr hohen Ausma\u00dfe get\u00f6tet. D.h. wir brauchen andere L\u00f6sungen f\u00fcr diesen Zeitraum um den Jungfischbestand zu retten.     <\/figcaption><\/figure>\n\n\n\n<p class=\"wp-block-paragraph\">Aufgrund des fehlenden Wasseraustausches k\u00f6nnen sich die physikalischen, chemischen und biologischen Bedingungen im Nebengerinne deutlich \u00e4ndern, wie Sauerstoffabnahme, Temperaturver\u00e4nderung, Anreicherung von chemischen Stoffen, weniger R\u00fcckzugm\u00f6glichkeiten vor<br \/>Fressfeinden bis hin zum Austrocknen, wodurch die darin blockierten Organismen die Dauer bis zur erneuten Anbindung an das Hauptgerinne nicht \u00fcberleben.<\/p>\n\n\n\n<figure class=\"wp-block-embed is-type-wp-embed is-provider-fischereimanagement-salzkammergut wp-block-embed-fischereimanagement-salzkammergut\"><div class=\"wp-block-embed__wrapper\">\n<blockquote class=\"wp-embedded-content\" data-secret=\"qeaw79Z6Vf\"><a href=\"https:\/\/huberpower.com\/wordpress\/?p=8404\">ENGLEITHEN ALTARM AUSTROCKNUNG FEBRUAR-MAERZ 2018<\/a><\/blockquote><iframe loading=\"lazy\" class=\"wp-embedded-content\" sandbox=\"allow-scripts\" security=\"restricted\" style=\"position: absolute; clip: rect(1px, 1px, 1px, 1px);\" title=\"&#8222;ENGLEITHEN ALTARM AUSTROCKNUNG FEBRUAR-MAERZ 2018&#8220; &#8212; Fischereimanagement Salzkammergut\" src=\"https:\/\/huberpower.com\/wordpress\/?p=8404&#038;embed=true#?secret=C4yjGrihTC#?secret=qeaw79Z6Vf\" data-secret=\"qeaw79Z6Vf\" width=\"600\" height=\"338\" frameborder=\"0\" marginwidth=\"0\" marginheight=\"0\" scrolling=\"no\"><\/iframe>\n<\/div><\/figure>\n\n\n\n<h2 class=\"wp-block-heading\">Mit was Fische gut umgehen k\u00f6nnen<\/h2>\n\n\n\n<p class=\"wp-block-paragraph\">Nicht als Schwall und Sunk gelten nat\u00fcrliche Abflussschwankungen, wie sie, bedingt durch die Schneeschmelze, im Sommerhalbjahr sehr ausgepr\u00e4gt sein k\u00f6nnen. Auch unregelm\u00e4\u00dfige, meist durch Hochwasser ausgel\u00f6ste Abflussspitzen erreichen oft viel h\u00f6here Werte als ein k\u00fcnstlich erzeugter Schwall-Sunk Betrieb, die jedoch zumeist auch wesentlich flacher verlaufen.<\/p>\n\n\n\n<h2 class=\"wp-block-heading\">Multifaktorielle Ursachen<\/h2>\n\n\n\n<p class=\"wp-block-paragraph\">Schwere Zeiten f\u00fcr \u00c4schen, Forellen, Elritzen und Koppen: Die Best\u00e4nde der S\u00fc\u00dfwasserfische sind europaweit seit den 1970er-Jahren um bis zu 90 Prozent zur\u00fcckgegangen. Das zeigen uns viele Untersuchung und Vergleiche mit Fischbestandsaufnahmen aus dieser Zeit. Auch wir im Salzkammergut sind davon nicht ausgenommen und verschont geblieben. Nur eine Ursache f\u00fcr den dramatischen Einbruch zu nennen ist nicht m\u00f6glich. Wie unsere &#8222;<strong><mark style=\"background-color:rgba(0, 0, 0, 0)\" class=\"has-inline-color has-luminous-vivid-orange-color\">Defizit Analysen<\/mark><\/strong>&#8220; im Zuge des <strong><mark style=\"background-color:rgba(0, 0, 0, 0)\" class=\"has-inline-color has-luminous-vivid-orange-color\">S\u00c4EEP &#8211; Salzkammergut \u00c4schen- Erhaltungs- und Entwicklung Projektes<\/mark><\/strong> zeigen, haben wir es mit vielen Faktoren zu tun, mit sogenannten <strong><mark style=\"background-color:rgba(0, 0, 0, 0)\" class=\"has-inline-color has-luminous-vivid-orange-color\">multifaktoriellen Ursachen<\/mark><\/strong>, die in Summe f\u00fcr die Dezimierung unserer Fischarten- und Best\u00e4nde verantwortlich sind. Ich m\u00f6chte hier eine Aufz\u00e4hlung von diesen Ursachen vermeiden und mich in dieser Abhandlung nur auf die &#8222;Sunk-Situation&#8220; beschr\u00e4nken.  &nbsp;<\/p>\n\n\n\n<p class=\"wp-block-paragraph\">F\u00fcr die Obere Traun vom Ausfluss aus dem Hallst\u00e4tter See bis in den Traunsee und den heutigen technischen M\u00f6glichkeiten, mit der man Pegeldaten auswerten kann, um damit R\u00fcckschl\u00fcsse auf die &#8222;Sunk-Situation&#8220; und deren Auswirkungen analysieren kann. <\/p>\n\n\n\n<p class=\"wp-block-paragraph\">Die Auswirkungen von Sunk auf die Gew\u00e4sserbioz\u00f6nose lassen sich anhand der Pegelinformationen recht genau auswerten und beschreiben. Die anthropogenen Abflussschwankungen wirken durch die Wasserspiegel\u00e4nderungen auf die Habitate der Wasserwechselzone. Diese Uferbereiche stellen einen essentiellen Lebensraum f\u00fcr Fischn\u00e4hrtiere und Jungfische dar. <strong><mark style=\"background-color:rgba(0, 0, 0, 0)\" class=\"has-inline-color has-luminous-vivid-orange-color\">Drift und Strandung f\u00fchren dort zur Ausd\u00fcnnung der Fischn\u00e4hrtiere und Jungfische. Folglich nehmen Biomasse und Abundanz der Fische ab und der fisch\u00f6kologische Zustand verschlechtert sich zusehends.<\/mark><\/strong><\/p>\n\n\n\n<p class=\"wp-block-paragraph\">Erkennen ist das eine, Ma\u00dfnahmen zu setzen ist das andere. In Summe, m\u00fcssen wir an vielen &#8222;Schr\u00e4ubchen&#8220; drehen um unseren Fischen die Lebensbedingungen zu verbessern. Es gibt viele positive Entwicklungen und auch das mit dem &#8222;Sunk&#8220;, werden wir versuchen Verbesserungen und L\u00f6sungen zu finden.  <\/p>\n\n\n\n<h2 class=\"wp-block-heading\">Weitere Informationen<\/h2>\n\n\n\n<figure class=\"wp-block-embed is-type-wp-embed is-provider-fischereimanagement-salzkammergut wp-block-embed-fischereimanagement-salzkammergut\"><div class=\"wp-block-embed__wrapper\">\n<blockquote class=\"wp-embedded-content\" data-secret=\"rs3hklteDU\"><a href=\"https:\/\/huberpower.com\/wordpress\/?p=8806\">OBERE TRAUN AUF TIEFSTSTAND<\/a><\/blockquote><iframe loading=\"lazy\" class=\"wp-embedded-content\" sandbox=\"allow-scripts\" security=\"restricted\" style=\"position: absolute; clip: rect(1px, 1px, 1px, 1px);\" title=\"&#8222;OBERE TRAUN AUF TIEFSTSTAND&#8220; &#8212; Fischereimanagement Salzkammergut\" src=\"https:\/\/huberpower.com\/wordpress\/?p=8806&#038;embed=true#?secret=FufLYxvUDW#?secret=rs3hklteDU\" data-secret=\"rs3hklteDU\" width=\"600\" height=\"338\" frameborder=\"0\" marginwidth=\"0\" marginheight=\"0\" scrolling=\"no\"><\/iframe>\n<\/div><\/figure>\n\n\n\n<figure class=\"wp-block-embed is-type-wp-embed is-provider-fischereimanagement-salzkammergut wp-block-embed-fischereimanagement-salzkammergut\"><div class=\"wp-block-embed__wrapper\">\n<blockquote class=\"wp-embedded-content\" data-secret=\"Nnh7DVYhiC\"><a href=\"https:\/\/huberpower.com\/wordpress\/?p=43\">PEGEL MAXQUELL BAD ISCHL<\/a><\/blockquote><iframe loading=\"lazy\" class=\"wp-embedded-content\" sandbox=\"allow-scripts\" security=\"restricted\" style=\"position: absolute; clip: rect(1px, 1px, 1px, 1px);\" title=\"&#8222;PEGEL MAXQUELL BAD ISCHL&#8220; &#8212; Fischereimanagement Salzkammergut\" src=\"https:\/\/huberpower.com\/wordpress\/?p=43&#038;embed=true#?secret=ROoGvHUMpk#?secret=Nnh7DVYhiC\" data-secret=\"Nnh7DVYhiC\" width=\"600\" height=\"338\" frameborder=\"0\" marginwidth=\"0\" marginheight=\"0\" scrolling=\"no\"><\/iframe>\n<\/div><\/figure>\n\n\n\n<p class=\"wp-block-paragraph\"><a href=\"mailto:?body=https%3A%2F%2Ftt.com%2Fgo%2F30805666&amp;subject=Artikelempfehlung%3A%20Kraftwerke%20als%20Gefahr%20f%C3%BCr%20Fische%3A%20WWF%20wirft%20juristische%20Angel%20aus\"><\/a><\/p>\n\n\n\n\n\n<p style=\"text-align: center;\"><strong><span style=\"color: #99cc00;\">\u201eAlle sagten: Das geht nicht.<\/span><\/strong><\/p><p style=\"text-align: center;\"><strong><\/strong><strong><span style=\"color: #99cc00;\"> \nDann kam einer, der wusste das nicht und hat&#8217;s gemacht.\u201c\n<\/span><\/strong><\/p><p style=\"text-align: center;\"><strong>Allgemeine Lebensweisheit<\/strong><\/p><strong>\n<p style=\"text-align: center;\"><\/p>\n&nbsp;<\/strong>\n","protected":false},"excerpt":{"rendered":"<p>Schwallbetrieb&nbsp;(auch Schwellbetrieb) bezeichnet eine besondere Form des Betriebs von Wasserkraftwerken. Wir haben an der Oberen Traun zwar keinen Schwallbetrieb, der durch Kraftwerke ausgel\u00f6st wird, sondern wir haben am Ausfluss des&#8230; <a class=\"read-more\" href=\"https:\/\/huberpower.com\/wordpress\/?p=876\">[Weiterlesen]<\/a><\/p>\n","protected":false},"author":4,"featured_media":877,"comment_status":"closed","ping_status":"closed","sticky":false,"template":"","format":"standard","meta":{"_crdt_document":"","footnotes":""},"categories":[36,18,15,197,94,55,33,88,211,210],"tags":[58],"class_list":["post-876","post","type-post","status-publish","format-standard","has-post-thumbnail","hentry","category-aesche","category-bewirtschaftung","category-engleithen-nebenarm","category-ffh-richtlinie","category-fischereirevier-oberes-salzkammergut","category-gewaesserbewirtschaften","category-ischler-traun","category-pegel","category-sunk","category-umweltschaeden","tag-pegel"],"_links":{"self":[{"href":"https:\/\/huberpower.com\/wordpress\/index.php?rest_route=\/wp\/v2\/posts\/876","targetHints":{"allow":["GET"]}}],"collection":[{"href":"https:\/\/huberpower.com\/wordpress\/index.php?rest_route=\/wp\/v2\/posts"}],"about":[{"href":"https:\/\/huberpower.com\/wordpress\/index.php?rest_route=\/wp\/v2\/types\/post"}],"author":[{"embeddable":true,"href":"https:\/\/huberpower.com\/wordpress\/index.php?rest_route=\/wp\/v2\/users\/4"}],"replies":[{"embeddable":true,"href":"https:\/\/huberpower.com\/wordpress\/index.php?rest_route=%2Fwp%2Fv2%2Fcomments&post=876"}],"version-history":[{"count":4,"href":"https:\/\/huberpower.com\/wordpress\/index.php?rest_route=\/wp\/v2\/posts\/876\/revisions"}],"predecessor-version":[{"id":31135,"href":"https:\/\/huberpower.com\/wordpress\/index.php?rest_route=\/wp\/v2\/posts\/876\/revisions\/31135"}],"wp:featuredmedia":[{"embeddable":true,"href":"https:\/\/huberpower.com\/wordpress\/index.php?rest_route=\/wp\/v2\/media\/877"}],"wp:attachment":[{"href":"https:\/\/huberpower.com\/wordpress\/index.php?rest_route=%2Fwp%2Fv2%2Fmedia&parent=876"}],"wp:term":[{"taxonomy":"category","embeddable":true,"href":"https:\/\/huberpower.com\/wordpress\/index.php?rest_route=%2Fwp%2Fv2%2Fcategories&post=876"},{"taxonomy":"post_tag","embeddable":true,"href":"https:\/\/huberpower.com\/wordpress\/index.php?rest_route=%2Fwp%2Fv2%2Ftags&post=876"}],"curies":[{"name":"wp","href":"https:\/\/api.w.org\/{rel}","templated":true}]}}