{"id":8404,"date":"2018-03-23T00:21:48","date_gmt":"2018-03-22T23:21:48","guid":{"rendered":"http:\/\/huberpower.com\/wordpress\/?p=8404"},"modified":"2024-03-25T14:35:52","modified_gmt":"2024-03-25T13:35:52","slug":"engleithen-altarm-austrockung-februar-maerz-2018","status":"publish","type":"post","link":"https:\/\/huberpower.com\/wordpress\/?p=8404","title":{"rendered":"ENGLEITHEN ALTARM AUSTROCKNUNG FEBRUAR-MAERZ 2018"},"content":{"rendered":"<figure id=\"attachment_8409\" aria-describedby=\"caption-attachment-8409\" style=\"width: 450px\" class=\"wp-caption alignnone\"><img loading=\"lazy\" decoding=\"async\" class=\"wp-image-8409 size-medium\" src=\"https:\/\/huberpower.com\/wordpress\/wp-content\/uploads\/2018\/04\/IMG-20180323-WA0006-450x289.jpg\" alt=\"\" width=\"450\" height=\"289\" srcset=\"https:\/\/huberpower.com\/wordpress\/wp-content\/uploads\/2018\/04\/IMG-20180323-WA0006-450x289.jpg 450w, https:\/\/huberpower.com\/wordpress\/wp-content\/uploads\/2018\/04\/IMG-20180323-WA0006-1024x657.jpg 1024w, https:\/\/huberpower.com\/wordpress\/wp-content\/uploads\/2018\/04\/IMG-20180323-WA0006-680x436.jpg 680w, https:\/\/huberpower.com\/wordpress\/wp-content\/uploads\/2018\/04\/IMG-20180323-WA0006.jpg 1600w\" sizes=\"auto, (max-width: 450px) 100vw, 450px\" \/><figcaption id=\"caption-attachment-8409\" class=\"wp-caption-text\">Am 19. Februar 2018 hatten wir wieder einen Totalausfall &#8230;&#8230;<\/figcaption><\/figure>\n<p style=\"font-weight: 400;\">Oberhalb von Bad Ischl wurde 2011 ein neuer Nebenarm der Traun \u201eEngleithen\u201c durch eine gro\u00dfz\u00fcgige Spende von Frau Juliane Schmid errichtet. (siehe Artikel aus den O.\u00d6.Nachrichten)<\/p>\n<p style=\"font-weight: 400;\">Es sollte nicht nur dem Hochwasserschutz dienen, sondern auch ein \u00f6kologische Ma\u00dfnahme beinhalten, so wie im Sinne von Frau Juliane Schmid.&nbsp;Leider hat sich die \u00f6kologische Situation desastr\u00f6s entwickelt. Zum einen hat sich seit der Fertigstellung, durch Hochw\u00e4sser immer wieder ein Geschiebeeintrag in den Nebenarm ergeben. Zum anderen hat sich durch die gro\u00dfen Hochw\u00e4sser seit der Errichtung, die Traun in diesem Bereich mehr und mehr eingetieft, was dann zur Folge hat, dass bei Niederwassersituation der Nebenarm und auch die angelegten Wasserbecken speziell f\u00fcr Amphibien total trockenfallen. Dieses Szenario wiederholt sich mehrfach, jedes Jahr!&nbsp;<\/p>\n<figure id=\"attachment_8410\" aria-describedby=\"caption-attachment-8410\" style=\"width: 450px\" class=\"wp-caption alignnone\"><img loading=\"lazy\" decoding=\"async\" class=\"wp-image-8410 size-medium\" src=\"https:\/\/huberpower.com\/wordpress\/wp-content\/uploads\/2018\/04\/IMG-20180323-WA0003-450x253.jpg\" alt=\"\" width=\"450\" height=\"253\" srcset=\"https:\/\/huberpower.com\/wordpress\/wp-content\/uploads\/2018\/04\/IMG-20180323-WA0003-450x253.jpg 450w, https:\/\/huberpower.com\/wordpress\/wp-content\/uploads\/2018\/04\/IMG-20180323-WA0003-1024x576.jpg 1024w, https:\/\/huberpower.com\/wordpress\/wp-content\/uploads\/2018\/04\/IMG-20180323-WA0003-680x383.jpg 680w, https:\/\/huberpower.com\/wordpress\/wp-content\/uploads\/2018\/04\/IMG-20180323-WA0003.jpg 1600w\" sizes=\"auto, (max-width: 450px) 100vw, 450px\" \/><figcaption id=\"caption-attachment-8410\" class=\"wp-caption-text\">Wasserbecken speziell f\u00fcr Amphibien sind auch trocken gefallen&#8230;.<\/figcaption><\/figure>\n<figure id=\"attachment_8411\" aria-describedby=\"caption-attachment-8411\" style=\"width: 450px\" class=\"wp-caption alignnone\"><img loading=\"lazy\" decoding=\"async\" class=\"wp-image-8411\" src=\"https:\/\/huberpower.com\/wordpress\/wp-content\/uploads\/2018\/04\/IMG-20180323-WA0004-320x320.jpg\" alt=\"\" width=\"450\" height=\"450\" srcset=\"https:\/\/huberpower.com\/wordpress\/wp-content\/uploads\/2018\/04\/IMG-20180323-WA0004-320x320.jpg 320w, https:\/\/huberpower.com\/wordpress\/wp-content\/uploads\/2018\/04\/IMG-20180323-WA0004-250x250.jpg 250w, https:\/\/huberpower.com\/wordpress\/wp-content\/uploads\/2018\/04\/IMG-20180323-WA0004-1024x1024.jpg 1024w, https:\/\/huberpower.com\/wordpress\/wp-content\/uploads\/2018\/04\/IMG-20180323-WA0004-680x680.jpg 680w, https:\/\/huberpower.com\/wordpress\/wp-content\/uploads\/2018\/04\/IMG-20180323-WA0004.jpg 1407w\" sizes=\"auto, (max-width: 450px) 100vw, 450px\" \/><figcaption id=\"caption-attachment-8411\" class=\"wp-caption-text\">Durch die K\u00e4lteperiode ist der Laich der Amphibien vernichtet worden.<\/figcaption><\/figure>\n<p style=\"font-weight: 400;\">Die Folgen sind massenhaftes Verenden von Jungfischen (\u00c4sche, Koppe, Forelle, Elritze\u2026) Amphibien und deren Laich in den Wasserbecken.&nbsp;Im Bescheid punkto Funktionalit\u00e4t des Nebenarmes gibt es einen Passus, der einen Trockenfall nicht ausschlie\u00dft!&nbsp;Eigentlich d\u00fcrfte in einem Bescheid nicht gegen bestehende Gesetze versto\u00dfen werden, in diesem Fall w\u00e4re es das Naturschutzgesetz!<\/p>\n<figure id=\"attachment_8412\" aria-describedby=\"caption-attachment-8412\" style=\"width: 450px\" class=\"wp-caption alignnone\"><img loading=\"lazy\" decoding=\"async\" class=\"wp-image-8412 size-medium\" src=\"https:\/\/huberpower.com\/wordpress\/wp-content\/uploads\/2018\/04\/image001-450x300.jpg\" alt=\"\" width=\"450\" height=\"300\" srcset=\"https:\/\/huberpower.com\/wordpress\/wp-content\/uploads\/2018\/04\/image001-450x300.jpg 450w, https:\/\/huberpower.com\/wordpress\/wp-content\/uploads\/2018\/04\/image001.jpg 472w\" sizes=\"auto, (max-width: 450px) 100vw, 450px\" \/><figcaption id=\"caption-attachment-8412\" class=\"wp-caption-text\">Viele tausend Jungfische sind qualvoll verendet &#8230;.<\/figcaption><\/figure>\n<p style=\"font-weight: 400;\">Aus unserer Sicht der Fischer ist dieser Nebenarm eine reine Fischvernichtungsanlage.<\/p>\n<p style=\"font-weight: 400;\">Das Gew\u00e4sser\u00f6kologische Institut Blattfisch von Gumpinger Clemens aus Wels, f\u00fchrte im Auftrag des Gew\u00e4sserbezirkes Gmunden ein \u00f6kologisches Monitoring \u00fcber einen Zeitraum von einem halben Jahr durch. Das Ergebnis bescheinigte eine au\u00dfergew\u00f6hnlich hohe Dichte an juvenilen Fischen, trotz des Umstandes, dass auch in diesem Zeitfenster des Monitorings einmal ein Trockenfall sich ereignete!<\/p>\n<figure id=\"attachment_8413\" aria-describedby=\"caption-attachment-8413\" style=\"width: 450px\" class=\"wp-caption alignnone\"><img loading=\"lazy\" decoding=\"async\" class=\"wp-image-8413 size-medium\" src=\"https:\/\/huberpower.com\/wordpress\/wp-content\/uploads\/2018\/04\/20180219_100519-450x253.jpg\" alt=\"\" width=\"450\" height=\"253\" srcset=\"https:\/\/huberpower.com\/wordpress\/wp-content\/uploads\/2018\/04\/20180219_100519-450x253.jpg 450w, https:\/\/huberpower.com\/wordpress\/wp-content\/uploads\/2018\/04\/20180219_100519-1024x576.jpg 1024w, https:\/\/huberpower.com\/wordpress\/wp-content\/uploads\/2018\/04\/20180219_100519-680x383.jpg 680w, https:\/\/huberpower.com\/wordpress\/wp-content\/uploads\/2018\/04\/20180219_100519.jpg 1200w\" sizes=\"auto, (max-width: 450px) 100vw, 450px\" \/><figcaption id=\"caption-attachment-8413\" class=\"wp-caption-text\">Auch viele \u00c4schen wurden vernichtet. Nur einige wenige konnten durch eine Notabfischung getrettet werden.<\/figcaption><\/figure>\n<p style=\"font-weight: 400;\">Als durch das schwere Hochwasser 2013 gro\u00dfe Mengen an Geschiebe sich im Nebenarm ablagerten, kam man auf die Idee, im Einlaufbereich des Nebenarmes einen Damm mit einem engen Durchlass zu bauen, der das Geschiebe zur\u00fcckh\u00e4lt, um bei den n\u00e4chsten Hochw\u00e4ssern nicht wieder baggern zu m\u00fcssen. Leider wurde der Damm erst errichtet, nachdem ausgebaggert wurde und so wie wir es bef\u00fcrchteten, kam wieder ein (mittleres) Hochwasser und schwemmte den provisorischen Damm in den Nebenarm und wieder mit einer betr\u00e4chtlichen Menge an Geschiebe! Nachdem der Damm fertiggestellt war, wurde das Geschiebe nicht mehr abtransportiert, sondern seitlich so gut es ging in den Uferbereich von einem Bagger eingebaut. Anders ging es leider nicht, es war kein Geld mehr da \u2013 so sagte man uns!<\/p>\n<figure id=\"attachment_8414\" aria-describedby=\"caption-attachment-8414\" style=\"width: 450px\" class=\"wp-caption alignnone\"><img loading=\"lazy\" decoding=\"async\" class=\"wp-image-8414 size-medium\" src=\"https:\/\/huberpower.com\/wordpress\/wp-content\/uploads\/2018\/04\/20180219_074632-450x253.jpg\" alt=\"\" width=\"450\" height=\"253\" srcset=\"https:\/\/huberpower.com\/wordpress\/wp-content\/uploads\/2018\/04\/20180219_074632-450x253.jpg 450w, https:\/\/huberpower.com\/wordpress\/wp-content\/uploads\/2018\/04\/20180219_074632-1024x576.jpg 1024w, https:\/\/huberpower.com\/wordpress\/wp-content\/uploads\/2018\/04\/20180219_074632-680x383.jpg 680w, https:\/\/huberpower.com\/wordpress\/wp-content\/uploads\/2018\/04\/20180219_074632.jpg 1200w\" sizes=\"auto, (max-width: 450px) 100vw, 450px\" \/><figcaption id=\"caption-attachment-8414\" class=\"wp-caption-text\">Wenn Fische schreien w\u00fcrden, h\u00e4tte es einen ordentliche L\u00e4rm gegeben &#8230;.<\/figcaption><\/figure>\n<p style=\"font-weight: 400;\">Als die n\u00e4chsten Hochw\u00e4sser kamen, best\u00e4tigte sich die Sinnhaftigkeit des Dammes punkto neuerlicher Geschiebeeintr\u00e4ge. Nur das Material das der Bagger vorher im Uferbereich einbaute wurde wieder in den Flusslauf des Nebenarmes eingeschwemmt und so ist bis heute die Sohle des Nebenarmes zu hoch und bei Niederwasser f\u00e4llt der Nebenarm dadurch trocken.<\/p>\n<p style=\"font-weight: 400;\">Jedes Jahr ziehen die Salmoniden in den Nebenarm zum laichen. Wenn dieser Nebenarm nie trockenfallen w\u00fcrde, w\u00e4re es ein ideales Jungfisch- u. Laichhabitat. Au\u00dferdem wird er von Pr\u00e4datoren wie Kormoran, G\u00e4nses\u00e4ger\u2026.. nur wenig aufgesucht.<\/p>\n<p style=\"font-weight: 400;\">Wehrverodnung f\u00fchrt zu Fischsterben&nbsp;<\/p>\n<p style=\"font-weight: 400;\">Was bei uns Fischer am meisten Unverst\u00e4ndnis hervorruft, dass durch den Wehrbetrieb in Steeg (Ausfluss Hallst\u00e4ttersee) nach Beendigung des Winterbetriebes (3. J\u00e4nner bis 23. M\u00e4rz) ohne R\u00fccksicht auf eine Niederwassersituation, der Hallst\u00e4ttersee aufgestaut wird und die Traun auf einen derart niedrigen Wasserstand herabf\u00e4llt, dass Nebenarme trockenfallen! Dies Betrifft nicht nur die Situation im Engleithen Altarm, sondern genauso in der B\u00e4rentraun, denn Altarm beim Schulersteg und der Rudolfsbr\u00fccke.<\/p>\n<p style=\"font-weight: 400;\">Der Winterbetrieb der Wehranlage in Steg dient dem Zweck, Bootshaus-, Ufer Reparaturen etc. durch den niedrigen Seewasserstand durchf\u00fchren zu k\u00f6nnen.&nbsp;Eigentlich ist in diesen Gegebenheiten totaler Widerspruch: Die Beh\u00f6rden stellen solche Bescheide und Wehrbetriebsordnungen aus, die bei Gott nicht wirklich \u00f6kologisches beinhalten und zugleich gibt es in der Landesregierung eine Naturschutzabteilung! Die Landesregierung f\u00f6rdert auf der einen Seite teure Aktionen wie \u201eRettet die Traun \u00c4sche\u201c&nbsp; (woran sich auch die Fischereivereine finanziell beteiligen) und dann wie zuvor erw\u00e4hnt auf Grund dessen viele \u00c4schen wieder vernichtet werden.<\/p>\n<p style=\"font-weight: 400;\">Drei Ma\u00dfnahmen m\u00fcssten erf\u00fcllt werden, dass es auch bei Niederwasser zu keinem Trockenfall mehr kommen kann:<\/p>\n<ol>\n<li style=\"font-weight: 400;\">Der Passus der Nichtgew\u00e4hrleistung einer permanenten Wasserf\u00fchrung des Nebenarmes Engleithen m\u00fcsste aus dem Bescheid gestrichen werden.<\/li>\n<li>Der Nebenarm m\u00fcsste noch einmal von seinem Geschiebe befreit werden durch Abtransport mit LKW\u2019s.<\/li>\n<li>Die Wehrbetriebsordnung von Steeg (Ausfluss Hallst\u00e4ttersee) die 2007 erstellt wurde, m\u00fcsste dahingehend ge\u00e4ndert werden, dass bei Niederwassersituation die Wehrfelder nicht geschlossen werden d\u00fcrfen z.B. im Falle des Endes vom \u201eWinterbetrieb\u201c, bei Niederwasser.<\/li>\n<\/ol>\n<figure id=\"attachment_8415\" aria-describedby=\"caption-attachment-8415\" style=\"width: 450px\" class=\"wp-caption alignnone\"><img loading=\"lazy\" decoding=\"async\" class=\"wp-image-8415 size-medium\" src=\"https:\/\/huberpower.com\/wordpress\/wp-content\/uploads\/2018\/04\/20180219_074429-450x252.jpg\" alt=\"\" width=\"450\" height=\"252\" srcset=\"https:\/\/huberpower.com\/wordpress\/wp-content\/uploads\/2018\/04\/20180219_074429-450x252.jpg 450w, https:\/\/huberpower.com\/wordpress\/wp-content\/uploads\/2018\/04\/20180219_074429-1024x573.jpg 1024w, https:\/\/huberpower.com\/wordpress\/wp-content\/uploads\/2018\/04\/20180219_074429-680x380.jpg 680w, https:\/\/huberpower.com\/wordpress\/wp-content\/uploads\/2018\/04\/20180219_074429.jpg 1200w\" sizes=\"auto, (max-width: 450px) 100vw, 450px\" \/><figcaption id=\"caption-attachment-8415\" class=\"wp-caption-text\">Es muss eine L\u00f6sung gefunden werden &#8230;.<\/figcaption><\/figure>\n<p style=\"font-weight: 400;\">Um bez\u00fcglich des Engleithen Altarm unsererseits zu dokumentieren, war im Folgejahr 2017 eine gl\u00fcckliche Periode im Hinblick \u201eTrockenfall\u201c.&nbsp;Im Fr\u00fchjahr 2017 laichten wieder zahlreiche \u00c4schen, M\u00fchlkoppen, Elritzen und Regenbogenforellen im Engleithen Altarm ab und die kleinen Strukturma\u00dfnahmen die wir mit ihrem Einvernehmen schon get\u00e4tigt haben, wurden von den Jungfischen sehr gut angenommen.<\/p>\n<p style=\"font-weight: 400;\">Zu Anfang dieses Jahres war uns wieder viel Gl\u00fcck beschert, immer wieder bevor es vom Wasserstand knapp wurde, ist durch Warmwetter und Regen der Wasserstand wieder in sichere Bereiche hochgeklettert.<\/p>\n<p style=\"font-weight: 400;\">Aber am Montag 19. Februar 2018 mussten wir wieder einen herben R\u00fcckschlag in kauf nehmen, die Engleithen ist zu 95% &nbsp;trocken gefallen! Wir waren auf Grund der kritischen Situation schon darauf vorbereitet, aber die Eisbildung durch die tiefen Temperaturen w\u00e4hrend der Nacht, erschwerten unsere Rettungsaktion erheblich. Obwohl der Pegelstand der Traun schon \u00fcber l\u00e4ngeren Zeitraum relativ konstant um die 180cm (Pegel Max Quelle) sich bewegt, ist genau in den Nachtstunden davor, trotzdem die Engleithen pl\u00f6tzlich trocken gefallen.<\/p>\n<p style=\"font-weight: 400;\">Irgendwann kommt es da anscheinend, so unsere These, ab einem gewissen Zeitpunkt zu einer Richtungsumkehr des Grundwassers, dass sich dann zur Traun hin bewegt und zu einer raschen Austrocknug im unteren Altarm Bereich f\u00fchrt.&nbsp;Wieder verendeten viele Fische und Makrozoobenthos, der durch die tiefen Temperaturen, gr\u00f6\u00dftenteils vernichtet wurde, weil die Sohle und das Schotterbett durchfrieren.<\/p>\n<p>&nbsp;<\/p>\n<p style=\"text-align: center;\"><strong><span style=\"color: #99cc00;\">\u201eEin ingenieurbiologisches Vorhaben wird dann am besten gelingen, wenn wir die Ursachen des Problems und seine Entwicklung verstehen und von da nach L\u00f6sungen suchen\u201c<br \/>\n<\/span><\/strong><\/p>\n<p style=\"text-align: center;\">Zitat: (FR\u00d6HLICH)<\/p>\n<p style=\"text-align: center;\">\n<p>&nbsp;<\/p>\n","protected":false},"excerpt":{"rendered":"<p>Oberhalb von Bad Ischl wurde 2011 ein neuer Nebenarm der Traun \u201eEngleithen\u201c durch eine gro\u00dfz\u00fcgige Spende von Frau Juliane Schmid errichtet. (siehe Artikel aus den O.\u00d6.Nachrichten) Es sollte nicht nur&#8230; <a class=\"read-more\" href=\"https:\/\/huberpower.com\/wordpress\/?p=8404\">[Weiterlesen]<\/a><\/p>\n","protected":false},"author":4,"featured_media":8412,"comment_status":"closed","ping_status":"open","sticky":false,"template":"","format":"standard","meta":{"_crdt_document":"","footnotes":""},"categories":[15,104],"tags":[],"class_list":["post-8404","post","type-post","status-publish","format-standard","has-post-thumbnail","hentry","category-engleithen-nebenarm","category-fischsterben"],"_links":{"self":[{"href":"https:\/\/huberpower.com\/wordpress\/index.php?rest_route=\/wp\/v2\/posts\/8404","targetHints":{"allow":["GET"]}}],"collection":[{"href":"https:\/\/huberpower.com\/wordpress\/index.php?rest_route=\/wp\/v2\/posts"}],"about":[{"href":"https:\/\/huberpower.com\/wordpress\/index.php?rest_route=\/wp\/v2\/types\/post"}],"author":[{"embeddable":true,"href":"https:\/\/huberpower.com\/wordpress\/index.php?rest_route=\/wp\/v2\/users\/4"}],"replies":[{"embeddable":true,"href":"https:\/\/huberpower.com\/wordpress\/index.php?rest_route=%2Fwp%2Fv2%2Fcomments&post=8404"}],"version-history":[{"count":3,"href":"https:\/\/huberpower.com\/wordpress\/index.php?rest_route=\/wp\/v2\/posts\/8404\/revisions"}],"predecessor-version":[{"id":31393,"href":"https:\/\/huberpower.com\/wordpress\/index.php?rest_route=\/wp\/v2\/posts\/8404\/revisions\/31393"}],"wp:featuredmedia":[{"embeddable":true,"href":"https:\/\/huberpower.com\/wordpress\/index.php?rest_route=\/wp\/v2\/media\/8412"}],"wp:attachment":[{"href":"https:\/\/huberpower.com\/wordpress\/index.php?rest_route=%2Fwp%2Fv2%2Fmedia&parent=8404"}],"wp:term":[{"taxonomy":"category","embeddable":true,"href":"https:\/\/huberpower.com\/wordpress\/index.php?rest_route=%2Fwp%2Fv2%2Fcategories&post=8404"},{"taxonomy":"post_tag","embeddable":true,"href":"https:\/\/huberpower.com\/wordpress\/index.php?rest_route=%2Fwp%2Fv2%2Ftags&post=8404"}],"curies":[{"name":"wp","href":"https:\/\/api.w.org\/{rel}","templated":true}]}}