{"id":8340,"date":"2018-02-19T12:44:33","date_gmt":"2018-02-19T11:44:33","guid":{"rendered":"http:\/\/huberpower.com\/wordpress\/?p=8340"},"modified":"2024-10-15T17:09:04","modified_gmt":"2024-10-15T15:09:04","slug":"elisabethbruecke-totalsperre-19-februar-bis-mitte-juli-2018","status":"publish","type":"post","link":"https:\/\/huberpower.com\/wordpress\/?p=8340","title":{"rendered":"ELISABETHBRUECKE SPERRE FEBRUAR BIS MITTE JULI 2018"},"content":{"rendered":"\n<p class=\"wp-block-paragraph\">Beim Hochwasser von 1897 wurde die \u201eHauptbr\u00fccke\u201c \u00fcber die Traun, in Bad Ischl zerst\u00f6rt, wobei auch eine um 1867 angebrachte h\u00f6lzerne Statue des \u201eBr\u00fcckenheiligen\u201c St. Johannes-Nepomuk den Hochwasser zum Opfer fiel. F\u00fcr die neue, 1900 er\u00f6ffnete Eisenbr\u00fccke spendete 1899 Amalie Drouot aus Linz, ein langj\u00e4hriger Sommergast und m\u00f6glicherweise verwandt mit der Ischler Familie Vockenhuber, eine Gusseisen Statue des Heiligen. Zuletzt restauriert 2008 vom \u201eIschler Heimatverein\u201c. 2014 verlor er durch einen Vandalen Akt seinen Heiligenschein, der jedoch wieder erg\u00e4nzt wurde.<\/p>\n\n\n\n<h2 class=\"wp-block-heading\">Elisabethbr\u00fccke Sanierung und Totalsperre<\/h2>\n\n\n\n<figure class=\"wp-block-image size-large\"><img loading=\"lazy\" decoding=\"async\" width=\"1024\" height=\"520\" src=\"https:\/\/huberpower.com\/wordpress\/wp-content\/uploads\/2023\/06\/image-31-1024x520.png\" alt=\"\" class=\"wp-image-25709\" srcset=\"https:\/\/huberpower.com\/wordpress\/wp-content\/uploads\/2023\/06\/image-31-1024x520.png 1024w, https:\/\/huberpower.com\/wordpress\/wp-content\/uploads\/2023\/06\/image-31-450x229.png 450w, https:\/\/huberpower.com\/wordpress\/wp-content\/uploads\/2023\/06\/image-31-1536x780.png 1536w, https:\/\/huberpower.com\/wordpress\/wp-content\/uploads\/2023\/06\/image-31.png 1642w\" sizes=\"auto, (max-width: 1024px) 100vw, 1024px\" \/><\/figure>\n\n\n\n<p class=\"wp-block-paragraph\">Die ELISABETHBR\u00dcCKE (Hauptbr\u00fccke) im Zentrum von Bad Ischl, die \u00fcber die Traun f\u00fchrt, wird wegen umfassender Sanierungsarbeiten f\u00fcr die Zeit von&nbsp;<strong>Montag, 19. Februar 2018 bis voraussichtlich Mitte Juli 2018<\/strong>&nbsp;f\u00fcr jeglichen Fahrzeugverkehr gesperrt (<strong>Totalsperre!<\/strong>).&nbsp;Der Fu\u00dfg\u00e4ngerverkehr wird &#8211; mit \u00f6rtlichen und tempor\u00e4ren Einschr\u00e4nkungen \u2013 m\u00f6glich bleiben.<\/p>\n\n\n\n<figure class=\"wp-block-image size-large\"><img loading=\"lazy\" decoding=\"async\" width=\"1024\" height=\"736\" src=\"https:\/\/huberpower.com\/wordpress\/wp-content\/uploads\/2023\/06\/image-30-1024x736.png\" alt=\"\" class=\"wp-image-25708\" srcset=\"https:\/\/huberpower.com\/wordpress\/wp-content\/uploads\/2023\/06\/image-30-1024x736.png 1024w, https:\/\/huberpower.com\/wordpress\/wp-content\/uploads\/2023\/06\/image-30-445x320.png 445w, https:\/\/huberpower.com\/wordpress\/wp-content\/uploads\/2023\/06\/image-30.png 1152w\" sizes=\"auto, (max-width: 1024px) 100vw, 1024px\" \/><\/figure>\n\n\n\n<p class=\"wp-block-paragraph\">Die &#8222;Elisabeth Br\u00fccke&#8220;, wie der vollst\u00e4ndige Name lautet, oder auch unter Hauptbr\u00fccke bekannt, steht auf der&nbsp;Liste der denkmalgesch\u00fctzten Objekte in Bad Ischl.&nbsp;Elisabeth-Br\u00fccke wurde&nbsp;1899 erbaut.&nbsp;Am rechten Ufer der Traun, oberhalb der Elisabethbr\u00fccke steht die markante Leh\u00e1r-Villa, in der der Komponist und Kunstsammler Franz Leh\u00e1r von 1910 bis zu seinem Tod im Jahre 1948 wohnte und arbeitete. \u00dcber die Elisabethbr\u00fccke erreicht man das ehemalige Salzfertigerhaus an der Esplanade, in welchem das Museum der Stadt untergebracht ist. Dort kann man die Entwicklung der Stadt Bad Ischl, besonders die Bedeutung der Salzgewinnung und den Aufstieg des Ortes zum Kurbad und zur kaiserlichen Sommerresidenz, nachvollziehen.<\/p>\n\n\n\n<figure class=\"wp-block-image alignnone is-resized wp-image-8492\"><img loading=\"lazy\" decoding=\"async\" width=\"435\" height=\"320\" src=\"https:\/\/huberpower.com\/wordpress\/wp-content\/uploads\/2018\/02\/ELISABETHBR\u00dcCKE_2-435x320.jpg\" alt=\"\" class=\"wp-image-8492\" style=\"width:839px;height:617px\" srcset=\"https:\/\/huberpower.com\/wordpress\/wp-content\/uploads\/2018\/02\/ELISABETHBR\u00dcCKE_2-435x320.jpg 435w, https:\/\/huberpower.com\/wordpress\/wp-content\/uploads\/2018\/02\/ELISABETHBR\u00dcCKE_2-1024x753.jpg 1024w, https:\/\/huberpower.com\/wordpress\/wp-content\/uploads\/2018\/02\/ELISABETHBR\u00dcCKE_2-680x500.jpg 680w, https:\/\/huberpower.com\/wordpress\/wp-content\/uploads\/2018\/02\/ELISABETHBR\u00dcCKE_2.jpg 1101w\" sizes=\"auto, (max-width: 435px) 100vw, 435px\" \/><figcaption class=\"wp-element-caption\">Um die Br\u00fcckenlager zu erneuern, mussten auch noch die Betonfundamente betoniert werden, damit die Br\u00fccke angehoben werden kann&#8230;.<\/figcaption><\/figure>\n\n\n\n<h2 class=\"wp-block-heading\">Der Bagger hat seinen Spuren hinterlassen<\/h2>\n\n\n\n<figure class=\"wp-block-image size-large\"><img loading=\"lazy\" decoding=\"async\" width=\"1024\" height=\"588\" src=\"https:\/\/huberpower.com\/wordpress\/wp-content\/uploads\/2023\/06\/image-28-1024x588.png\" alt=\"\" class=\"wp-image-25700\" srcset=\"https:\/\/huberpower.com\/wordpress\/wp-content\/uploads\/2023\/06\/image-28-1024x588.png 1024w, https:\/\/huberpower.com\/wordpress\/wp-content\/uploads\/2023\/06\/image-28-450x258.png 450w, https:\/\/huberpower.com\/wordpress\/wp-content\/uploads\/2023\/06\/image-28-1536x881.png 1536w, https:\/\/huberpower.com\/wordpress\/wp-content\/uploads\/2023\/06\/image-28-305x175.png 305w, https:\/\/huberpower.com\/wordpress\/wp-content\/uploads\/2023\/06\/image-28.png 1638w\" sizes=\"auto, (max-width: 1024px) 100vw, 1024px\" \/><\/figure>\n\n\n\n<h2 class=\"wp-block-heading\">Biozid Belastung durch Bauarbeiten?<\/h2>\n\n\n\n<p class=\"wp-block-paragraph\">So alte Bauwerke wie die Elisabethbr\u00fccke wurden vielfach mit giftige Biozid haltige Farben gestrichen. Unsere Bedenken, dass durch die Sanierungsarbeiten umweltgef\u00e4hrliche Biozide in die Traun gelangen k\u00f6nnten, wurden jedoch sowohl vom Bauamt Bad Ischl, wie auch vom zust\u00e4ndigen Bauleiter, der beauftragten Baufirma zerstreut. Ein gro\u00dfer Teil der Bauteile wird abgebaut werden und nicht Vorort entrostet. F\u00fcr die Sandstrahlarbeiten, die Bauseits erfolgen, werden entsprechende Abdeckungen angebracht werden.&nbsp;<\/p>\n\n\n\n<p class=\"wp-block-paragraph\"><strong>Wir werden ein Auge darauf haben, damit uns hier keine Schadstoffe, die Umwelt, N\u00e4hrtiere und Fische gef\u00e4hrden k\u00f6nnen, ins Wasser gelangen.&nbsp;<\/strong><\/p>\n\n\n\n<figure class=\"wp-block-image size-full\"><img loading=\"lazy\" decoding=\"async\" width=\"1019\" height=\"364\" src=\"https:\/\/huberpower.com\/wordpress\/wp-content\/uploads\/2023\/06\/image-27.png\" alt=\"\" class=\"wp-image-25699\" srcset=\"https:\/\/huberpower.com\/wordpress\/wp-content\/uploads\/2023\/06\/image-27.png 1019w, https:\/\/huberpower.com\/wordpress\/wp-content\/uploads\/2023\/06\/image-27-450x161.png 450w\" sizes=\"auto, (max-width: 1019px) 100vw, 1019px\" \/><\/figure>\n\n\n\n<p class=\"wp-block-paragraph\">Die Elisabethbr\u00fccke ist der zentrale Punkt im Stadtrevier der &#8222;Kaiser Traun&#8220; und liegt zwischen den beiden Fu\u00dfg\u00e4ngerbr\u00fccken &#8222;Tauber Steg&#8220; und &#8222;Kreuzersteg&#8220;. <\/p>\n\n\n\n<figure class=\"wp-block-image size-large\"><img loading=\"lazy\" decoding=\"async\" width=\"1024\" height=\"515\" src=\"https:\/\/huberpower.com\/wordpress\/wp-content\/uploads\/2023\/06\/image-29-1024x515.png\" alt=\"\" class=\"wp-image-25703\" srcset=\"https:\/\/huberpower.com\/wordpress\/wp-content\/uploads\/2023\/06\/image-29-1024x515.png 1024w, https:\/\/huberpower.com\/wordpress\/wp-content\/uploads\/2023\/06\/image-29-450x226.png 450w, https:\/\/huberpower.com\/wordpress\/wp-content\/uploads\/2023\/06\/image-29-1536x772.png 1536w, https:\/\/huberpower.com\/wordpress\/wp-content\/uploads\/2023\/06\/image-29.png 1730w\" sizes=\"auto, (max-width: 1024px) 100vw, 1024px\" \/><\/figure>\n\n\n\n<p class=\"wp-block-paragraph\">Hier im urbanen Umfeld ist ein geringer Pr\u00e4datoren Druck und durch diesen Umstand konnten sich auch recht gute \u00c4schen-Best\u00e4nde halten.  <\/p>\n\n\n\n<h2 class=\"wp-block-heading\">Stadtrevier <\/h2>\n\n\n\n<figure class=\"wp-block-image size-large\"><img loading=\"lazy\" decoding=\"async\" width=\"1024\" height=\"595\" src=\"https:\/\/huberpower.com\/wordpress\/wp-content\/uploads\/2023\/06\/image-32-1024x595.png\" alt=\"\" class=\"wp-image-25712\" srcset=\"https:\/\/huberpower.com\/wordpress\/wp-content\/uploads\/2023\/06\/image-32-1024x595.png 1024w, https:\/\/huberpower.com\/wordpress\/wp-content\/uploads\/2023\/06\/image-32-450x261.png 450w, https:\/\/huberpower.com\/wordpress\/wp-content\/uploads\/2023\/06\/image-32.png 1467w\" sizes=\"auto, (max-width: 1024px) 100vw, 1024px\" \/><figcaption class=\"wp-element-caption\">Zwischen der Kaltenbach M\u00fcndung und der (Oberen) Eisenbahnbr\u00fccke befindet sich das &#8222;Filetst\u00fcck&#8220; der Kaiser-Traun.<\/figcaption><\/figure>\n\n\n\n<figure class=\"wp-block-image size-large\"><img loading=\"lazy\" decoding=\"async\" width=\"1024\" height=\"463\" src=\"https:\/\/huberpower.com\/wordpress\/wp-content\/uploads\/2023\/06\/image-33-1024x463.png\" alt=\"\" class=\"wp-image-25717\" srcset=\"https:\/\/huberpower.com\/wordpress\/wp-content\/uploads\/2023\/06\/image-33-1024x463.png 1024w, https:\/\/huberpower.com\/wordpress\/wp-content\/uploads\/2023\/06\/image-33-450x203.png 450w, https:\/\/huberpower.com\/wordpress\/wp-content\/uploads\/2023\/06\/image-33-1536x695.png 1536w, https:\/\/huberpower.com\/wordpress\/wp-content\/uploads\/2023\/06\/image-33.png 1725w\" sizes=\"auto, (max-width: 1024px) 100vw, 1024px\" \/><figcaption class=\"wp-element-caption\">Im Stadtrevier auf \u00c4schen-Fang! Im Hintergrund die Katrin.<\/figcaption><\/figure>\n\n\n\n<figure class=\"wp-block-image size-large\"><img loading=\"lazy\" decoding=\"async\" width=\"1024\" height=\"552\" src=\"https:\/\/huberpower.com\/wordpress\/wp-content\/uploads\/2023\/06\/image-26-1024x552.png\" alt=\"\" class=\"wp-image-25698\" srcset=\"https:\/\/huberpower.com\/wordpress\/wp-content\/uploads\/2023\/06\/image-26-1024x552.png 1024w, https:\/\/huberpower.com\/wordpress\/wp-content\/uploads\/2023\/06\/image-26-450x243.png 450w, https:\/\/huberpower.com\/wordpress\/wp-content\/uploads\/2023\/06\/image-26.png 1368w\" sizes=\"auto, (max-width: 1024px) 100vw, 1024px\" \/><figcaption class=\"wp-element-caption\">Niederwasser im Fr\u00fchjahr, bevor die Fischereisaison beginnt. Die Kaiser Traun, mit Elisabethbr\u00fccke und im Hintergrund die &#8222;Hohe Schrott&#8220;. <\/figcaption><\/figure>\n\n\n\n<h2 class=\"wp-block-heading\">Quelle und weitere Informationen<\/h2>\n\n\n\n<figure class=\"wp-block-embed is-type-wp-embed is-provider-fischereimanagement-salzkammergut wp-block-embed-fischereimanagement-salzkammergut\"><div class=\"wp-block-embed__wrapper\">\n<blockquote class=\"wp-embedded-content\" data-secret=\"qptueIeLpu\"><a href=\"https:\/\/huberpower.com\/wordpress\/?p=8340\">ELISABETHBRUECKE SPERRE FEBRUAR BIS MITTE JULI 2018<\/a><\/blockquote><iframe loading=\"lazy\" class=\"wp-embedded-content\" sandbox=\"allow-scripts\" security=\"restricted\" style=\"position: absolute; visibility: hidden;\" title=\"&#8222;ELISABETHBRUECKE SPERRE FEBRUAR BIS MITTE JULI 2018&#8220; &#8212; Fischereimanagement Salzkammergut\" src=\"https:\/\/huberpower.com\/wordpress\/?p=8340&#038;embed=true#?secret=fOhTEewHp6#?secret=qptueIeLpu\" data-secret=\"qptueIeLpu\" width=\"600\" height=\"338\" frameborder=\"0\" marginwidth=\"0\" marginheight=\"0\" scrolling=\"no\"><\/iframe>\n<\/div><\/figure>\n\n\n\n<figure class=\"wp-block-embed is-type-wp-embed is-provider-fischereimanagement-salzkammergut wp-block-embed-fischereimanagement-salzkammergut\"><div class=\"wp-block-embed__wrapper\">\n<blockquote class=\"wp-embedded-content\" data-secret=\"5FCVV9V9ux\"><a href=\"https:\/\/huberpower.com\/wordpress\/?p=29722\">WASSERBAU AN DER OBEREN TRAUN<\/a><\/blockquote><iframe loading=\"lazy\" class=\"wp-embedded-content\" sandbox=\"allow-scripts\" security=\"restricted\" style=\"position: absolute; visibility: hidden;\" title=\"&#8222;WASSERBAU AN DER OBEREN TRAUN&#8220; &#8212; Fischereimanagement Salzkammergut\" src=\"https:\/\/huberpower.com\/wordpress\/?p=29722&#038;embed=true#?secret=yBUvXK7nPc#?secret=5FCVV9V9ux\" data-secret=\"5FCVV9V9ux\" width=\"600\" height=\"338\" frameborder=\"0\" marginwidth=\"0\" marginheight=\"0\" scrolling=\"no\"><\/iframe>\n<\/div><\/figure>\n\n\n\n&nbsp;\n<p style=\"text-align: center;\"><strong><span style=\"color: #99cc00;\">\u201eInmitten der Schwierigkeiten liegt die M\u00f6glichkeit.\u201c<\/span><\/strong><\/p>\n<p style=\"text-align: center;\">Zitat von: Albert Einstein<\/p>\n<p style=\"text-align: center;\"><a href=\"https:\/\/huberpower.com\/wordpress\/\"><img loading=\"lazy\" decoding=\"async\" class=\"aligncenter size-full wp-image-121\" title=\"20080303_17463_Home 250x Fisherman is Home_3333_bearbeitet-1\" src=\"https:\/\/huberpower.com\/wordpress\/wp-content\/uploads\/2012\/07\/20080303_17463_Home-250x-Fisherman-is-Home_3333_bearbeitet-1.jpg\" alt=\"\" width=\"208\" height=\"243\" \/><\/a><\/p>\n&nbsp;\n \n\n\n","protected":false},"excerpt":{"rendered":"<p>Beim Hochwasser von 1897 wurde die \u201eHauptbr\u00fccke\u201c \u00fcber die Traun, in Bad Ischl zerst\u00f6rt, wobei auch eine um 1867 angebrachte h\u00f6lzerne Statue des \u201eBr\u00fcckenheiligen\u201c St. Johannes-Nepomuk den Hochwasser zum Opfer&#8230; <a class=\"read-more\" href=\"https:\/\/huberpower.com\/wordpress\/?p=8340\">[Weiterlesen]<\/a><\/p>\n","protected":false},"author":4,"featured_media":8490,"comment_status":"closed","ping_status":"open","sticky":false,"template":"","format":"standard","meta":{"_crdt_document":"","footnotes":""},"categories":[93,254,18,445,156,55,113,33,210],"tags":[148,149,147],"class_list":["post-8340","post","type-post","status-publish","format-standard","has-post-thumbnail","hentry","category-baustellen","category-behoerde","category-bewirtschaftung","category-bruecken","category-geschichte","category-gewaesserbewirtschaften","category-gewaesserbezirk","category-ischler-traun","category-umweltschaeden","tag-baustelle","tag-entschaedigung","tag-ischler-traun"],"_links":{"self":[{"href":"https:\/\/huberpower.com\/wordpress\/index.php?rest_route=\/wp\/v2\/posts\/8340","targetHints":{"allow":["GET"]}}],"collection":[{"href":"https:\/\/huberpower.com\/wordpress\/index.php?rest_route=\/wp\/v2\/posts"}],"about":[{"href":"https:\/\/huberpower.com\/wordpress\/index.php?rest_route=\/wp\/v2\/types\/post"}],"author":[{"embeddable":true,"href":"https:\/\/huberpower.com\/wordpress\/index.php?rest_route=\/wp\/v2\/users\/4"}],"replies":[{"embeddable":true,"href":"https:\/\/huberpower.com\/wordpress\/index.php?rest_route=%2Fwp%2Fv2%2Fcomments&post=8340"}],"version-history":[{"count":15,"href":"https:\/\/huberpower.com\/wordpress\/index.php?rest_route=\/wp\/v2\/posts\/8340\/revisions"}],"predecessor-version":[{"id":34783,"href":"https:\/\/huberpower.com\/wordpress\/index.php?rest_route=\/wp\/v2\/posts\/8340\/revisions\/34783"}],"wp:featuredmedia":[{"embeddable":true,"href":"https:\/\/huberpower.com\/wordpress\/index.php?rest_route=\/wp\/v2\/media\/8490"}],"wp:attachment":[{"href":"https:\/\/huberpower.com\/wordpress\/index.php?rest_route=%2Fwp%2Fv2%2Fmedia&parent=8340"}],"wp:term":[{"taxonomy":"category","embeddable":true,"href":"https:\/\/huberpower.com\/wordpress\/index.php?rest_route=%2Fwp%2Fv2%2Fcategories&post=8340"},{"taxonomy":"post_tag","embeddable":true,"href":"https:\/\/huberpower.com\/wordpress\/index.php?rest_route=%2Fwp%2Fv2%2Ftags&post=8340"}],"curies":[{"name":"wp","href":"https:\/\/api.w.org\/{rel}","templated":true}]}}