{"id":7617,"date":"2017-04-03T23:46:21","date_gmt":"2017-04-03T21:46:21","guid":{"rendered":"http:\/\/huberpower.com\/wordpress\/?p=7617"},"modified":"2024-03-25T14:35:32","modified_gmt":"2024-03-25T13:35:32","slug":"aeschenbesatz-2017","status":"publish","type":"post","link":"https:\/\/huberpower.com\/wordpress\/?p=7617","title":{"rendered":"AESCHENBESATZ 2017"},"content":{"rendered":"<figure id=\"attachment_5744\" aria-describedby=\"caption-attachment-5744\" style=\"width: 450px\" class=\"wp-caption alignnone\"><img loading=\"lazy\" decoding=\"async\" class=\"wp-image-5744\" src=\"https:\/\/huberpower.com\/wordpress\/wp-content\/uploads\/2015\/04\/huberpower-2014-4-300x104.jpg\" alt=\"\" width=\"450\" height=\"156\" srcset=\"https:\/\/huberpower.com\/wordpress\/wp-content\/uploads\/2015\/04\/huberpower-2014-4-300x104.jpg 300w, https:\/\/huberpower.com\/wordpress\/wp-content\/uploads\/2015\/04\/huberpower-2014-4-1024x354.jpg 1024w, https:\/\/huberpower.com\/wordpress\/wp-content\/uploads\/2015\/04\/huberpower-2014-4-680x235.jpg 680w, https:\/\/huberpower.com\/wordpress\/wp-content\/uploads\/2015\/04\/huberpower-2014-4.jpg 1700w\" sizes=\"auto, (max-width: 450px) 100vw, 450px\" \/><figcaption id=\"caption-attachment-5744\" class=\"wp-caption-text\">\u00c4schenbesatz kommt mit 5-10 cm L\u00e4nge in den Aufzuchbach<\/figcaption><\/figure>\n<p>Die \u00c4sche (Thymallus thymallus) war aufgrund Ihrer fr\u00fcheren H\u00e4ufigkeit als Leitfisch namensgebend f\u00fcr die \u00c4schenregion in den Flussbereichen zwischen der oberhalb gelegenen Forellenregion und der flussab liegenden Barbenregion, d.h. f\u00fcr die Ober Traun zwischen Hallst\u00e4ttersee und Traunsee. Der \u00c4schenbestand gilt hier als Indikator und Zeigerorganismus f\u00fcr funktionierende \u00d6kosysteme in Flie\u00dfgew\u00e4ssern.<\/p>\n<p>Am 3. April 2017 wurden im Rahmen unseres schon seit vielen Jahren praktizierte Artenschutzprojektes zur Wiederansiedlung und Stabilisierung der \u00c4schebest\u00e4nde weitere 5.000 Jungfische in den Kaltenbach oberhalb von Bad Ischl eingesetzt um sich hier, in diesen Nebengew\u00e4sser der Ischler Traun an eine nat\u00fcrliche Umgebung in freier Natur zu gew\u00f6hnen.<\/p>\n<p>In einer 1996 gegr\u00fcndeten Aktion &#8222;Rettet die \u00c4sche&#8220; wird ein f\u00fcr Ober\u00f6sterreich bisher einzigartige Artenschutzma\u00dfnahme umgesetzt.<\/p>\n<figure id=\"attachment_7733\" aria-describedby=\"caption-attachment-7733\" style=\"width: 450px\" class=\"wp-caption alignnone\"><img loading=\"lazy\" decoding=\"async\" class=\"wp-image-7733 size-medium\" src=\"https:\/\/huberpower.com\/wordpress\/wp-content\/uploads\/2017\/04\/huberpower-2019-450x253.jpg\" alt=\"\" width=\"450\" height=\"253\" srcset=\"https:\/\/huberpower.com\/wordpress\/wp-content\/uploads\/2017\/04\/huberpower-2019-450x253.jpg 450w, https:\/\/huberpower.com\/wordpress\/wp-content\/uploads\/2017\/04\/huberpower-2019-1024x577.jpg 1024w, https:\/\/huberpower.com\/wordpress\/wp-content\/uploads\/2017\/04\/huberpower-2019-680x383.jpg 680w, https:\/\/huberpower.com\/wordpress\/wp-content\/uploads\/2017\/04\/huberpower-2019.jpg 1332w\" sizes=\"auto, (max-width: 450px) 100vw, 450px\" \/><figcaption id=\"caption-attachment-7733\" class=\"wp-caption-text\">Laichfische, speziellen die &#8222;Roggner&#8220; geh\u00f6ren retour ins Gew\u00e4sser &#8230;. Foto: \u00a9 by Harald Eidinger<\/figcaption><\/figure>\n<figure id=\"attachment_7734\" aria-describedby=\"caption-attachment-7734\" style=\"width: 450px\" class=\"wp-caption alignnone\"><img loading=\"lazy\" decoding=\"async\" class=\"wp-image-7734 size-medium\" src=\"https:\/\/huberpower.com\/wordpress\/wp-content\/uploads\/2017\/04\/huberpower-2017-2-450x300.jpg\" alt=\"\" width=\"450\" height=\"300\" srcset=\"https:\/\/huberpower.com\/wordpress\/wp-content\/uploads\/2017\/04\/huberpower-2017-2-450x300.jpg 450w, https:\/\/huberpower.com\/wordpress\/wp-content\/uploads\/2017\/04\/huberpower-2017-2-1024x682.jpg 1024w, https:\/\/huberpower.com\/wordpress\/wp-content\/uploads\/2017\/04\/huberpower-2017-2-680x453.jpg 680w, https:\/\/huberpower.com\/wordpress\/wp-content\/uploads\/2017\/04\/huberpower-2017-2.jpg 1225w\" sizes=\"auto, (max-width: 450px) 100vw, 450px\" \/><figcaption id=\"caption-attachment-7734\" class=\"wp-caption-text\">Damit diese im Fr\u00fchjahr f\u00fcr den Nachwuchs sorgen! Eigenaufkommen ist mit Besatz nicht zu kompensieren.&nbsp;Foto: \u00a9 by Harald Eidinger<\/figcaption><\/figure>\n<h4>Erhaltungsbesatz 2017:<\/h4>\n<p>In der Oberen Traun, ist der \u00c4schenbesatz unter &#8222;Erhaltungsbesatz&#8220; einzustufen. Wir haben zwar noch \u00c4schenpopulationen in der Ober Traun. Jedoch ohne den Bestand nicht mit zus\u00e4tzlichen Ma\u00dfnahmen zu st\u00fctzen w\u00fcrden die Best\u00e4nde verschwinden.&nbsp;Erhaltungsbesatz ist typisch f\u00fcr regulierte Gew\u00e4sser mit einer schlechten Auspr\u00e4gung an Laichhabidaten auf der einen Seite und durch einen starken Pr\u00e4datorendruck im Winter auf der anderen Seite. Nach \u00fcber 20 Jahren &#8222;Aktion Rettet die \u00c4sche&#8220; mit den begleitenden Besatzma\u00dfnahmen, konnten \u00c4schenbest\u00e4nde erhalten werden. Dazu kommt durch den Klimerwandel auch die Verswchiebung der \u00c4schenregion, die urspr\u00fcnglich bis zur Ischl M\u00fcndung angegeben wurde, dass sich diese Zwischenzeitlich bis zum Seeausrinn des Halst\u00e4ttersee erstreckt. Nicht zu vergessen die Situation mit der Bachforelle, die im Hauptfluss der Ischler Traun durch PKD, PKS infiziert, als ausgestorben einzustufen ist. Damit ist die \u00c4sche der verbleibende, heimische Fisch, der als sehr erhaltungsw\u00fcrding einzustufen ist. &nbsp;<\/p>\n<figure id=\"attachment_7736\" aria-describedby=\"caption-attachment-7736\" style=\"width: 450px\" class=\"wp-caption alignnone\"><img loading=\"lazy\" decoding=\"async\" class=\"wp-image-7736\" src=\"https:\/\/huberpower.com\/wordpress\/wp-content\/uploads\/2017\/04\/huberpower-2018-426x320.jpg\" alt=\"\" width=\"450\" height=\"338\" srcset=\"https:\/\/huberpower.com\/wordpress\/wp-content\/uploads\/2017\/04\/huberpower-2018-426x320.jpg 426w, https:\/\/huberpower.com\/wordpress\/wp-content\/uploads\/2017\/04\/huberpower-2018-1024x768.jpg 1024w, https:\/\/huberpower.com\/wordpress\/wp-content\/uploads\/2017\/04\/huberpower-2018-200x150.jpg 200w, https:\/\/huberpower.com\/wordpress\/wp-content\/uploads\/2017\/04\/huberpower-2018-680x510.jpg 680w, https:\/\/huberpower.com\/wordpress\/wp-content\/uploads\/2017\/04\/huberpower-2018.jpg 1154w\" sizes=\"auto, (max-width: 450px) 100vw, 450px\" \/><figcaption id=\"caption-attachment-7736\" class=\"wp-caption-text\">Es gibt noch einige \u00c4schen &#8230;.&nbsp;Foto: \u00a9 by Harald Eidinger<\/figcaption><\/figure>\n<p>Quelle und weiterf\u00fchrende Literatur \u00fcber eine &#8222;Nachhaltige Bweirtschaftung&#8220;:<\/p>\n<p>Arlinghaus, Robert&nbsp;<span class=\"field field--name-title field--type-string field--label-hidden\">Neuer Praxisleitfaden: Nachhaltiges Management von Angelgew\u00e4ssern<\/span><\/p>\n<p>Angelvereine k\u00f6nnen durch die Wahl von Fang- und Entnahmebestimmungen,&nbsp;durch das Aussetzen von Fischen sowie durch Lebensraum verbessernde&nbsp;Ma\u00dfnahmen die Gew\u00e4sser, die Fischgemeinschaften und die&nbsp;fischereilichen Bedingungen steuern und gestalten. Dieses Buch erl\u00e4utert&nbsp;die Bedingungen, die f\u00fcr oder gegen den Einsatz bestimmter Hegevorgehen&nbsp;sprechen. Eine neue Hegeplanungssoftware unterst\u00fctzt die Entscheidung.&nbsp;Das Buch richtet sich an alle, die sich f\u00fcr das Management der Angelgew\u00e4sser&nbsp;interessieren. Es ist eine Pflichtlekt\u00fcre f\u00fcr jeden Gew\u00e4sserwart und Bewirtschafter!<\/p>\n<p>&nbsp;<\/p>\n<p>&nbsp;<\/p>\n<p style=\"text-align: center;\"><strong><span style=\"color: #99cc00;\">\u201eFischereimanagement ist wie das Leben \u2013 eine Kunst, keine Wissenschaft\u201c<br \/>\n<\/span><\/strong><\/p>\n<p style=\"text-align: center;\">Zitat aus dem Buch Nachhaltiges Management von Angelgew\u00e4ssern von Robert Arlinghaus<\/p>\n<p style=\"text-align: center;\">\n<p>&nbsp;<\/p>\n","protected":false},"excerpt":{"rendered":"<p>Die \u00c4sche (Thymallus thymallus) war aufgrund Ihrer fr\u00fcheren H\u00e4ufigkeit als Leitfisch namensgebend f\u00fcr die \u00c4schenregion in den Flussbereichen zwischen der oberhalb gelegenen Forellenregion und der flussab liegenden Barbenregion, d.h. f\u00fcr&#8230; <a class=\"read-more\" href=\"https:\/\/huberpower.com\/wordpress\/?p=7617\">[Weiterlesen]<\/a><\/p>\n","protected":false},"author":4,"featured_media":5744,"comment_status":"closed","ping_status":"open","sticky":false,"template":"","format":"standard","meta":{"_crdt_document":"","footnotes":""},"categories":[36,18],"tags":[],"class_list":["post-7617","post","type-post","status-publish","format-standard","has-post-thumbnail","hentry","category-aesche","category-bewirtschaftung"],"_links":{"self":[{"href":"https:\/\/huberpower.com\/wordpress\/index.php?rest_route=\/wp\/v2\/posts\/7617","targetHints":{"allow":["GET"]}}],"collection":[{"href":"https:\/\/huberpower.com\/wordpress\/index.php?rest_route=\/wp\/v2\/posts"}],"about":[{"href":"https:\/\/huberpower.com\/wordpress\/index.php?rest_route=\/wp\/v2\/types\/post"}],"author":[{"embeddable":true,"href":"https:\/\/huberpower.com\/wordpress\/index.php?rest_route=\/wp\/v2\/users\/4"}],"replies":[{"embeddable":true,"href":"https:\/\/huberpower.com\/wordpress\/index.php?rest_route=%2Fwp%2Fv2%2Fcomments&post=7617"}],"version-history":[{"count":3,"href":"https:\/\/huberpower.com\/wordpress\/index.php?rest_route=\/wp\/v2\/posts\/7617\/revisions"}],"predecessor-version":[{"id":31360,"href":"https:\/\/huberpower.com\/wordpress\/index.php?rest_route=\/wp\/v2\/posts\/7617\/revisions\/31360"}],"wp:featuredmedia":[{"embeddable":true,"href":"https:\/\/huberpower.com\/wordpress\/index.php?rest_route=\/wp\/v2\/media\/5744"}],"wp:attachment":[{"href":"https:\/\/huberpower.com\/wordpress\/index.php?rest_route=%2Fwp%2Fv2%2Fmedia&parent=7617"}],"wp:term":[{"taxonomy":"category","embeddable":true,"href":"https:\/\/huberpower.com\/wordpress\/index.php?rest_route=%2Fwp%2Fv2%2Fcategories&post=7617"},{"taxonomy":"post_tag","embeddable":true,"href":"https:\/\/huberpower.com\/wordpress\/index.php?rest_route=%2Fwp%2Fv2%2Ftags&post=7617"}],"curies":[{"name":"wp","href":"https:\/\/api.w.org\/{rel}","templated":true}]}}