{"id":7452,"date":"2016-09-16T16:25:38","date_gmt":"2016-09-16T14:25:38","guid":{"rendered":"http:\/\/huberpower.com\/wordpress\/?p=7452"},"modified":"2024-03-25T14:35:33","modified_gmt":"2024-03-25T13:35:33","slug":"mysterioeses-bachforellensterben-auch-2016","status":"publish","type":"post","link":"https:\/\/huberpower.com\/wordpress\/?p=7452","title":{"rendered":"MYSTERIOESES BACHFORELLENSTERBEN AUCH 2016"},"content":{"rendered":"<p><img loading=\"lazy\" decoding=\"async\" class=\"alignnone wp-image-3649\" src=\"https:\/\/huberpower.com\/wordpress\/wp-content\/uploads\/2013\/09\/huberpower-100-300x225.jpg\" alt=\"huberpower-100\" width=\"450\" height=\"338\" srcset=\"https:\/\/huberpower.com\/wordpress\/wp-content\/uploads\/2013\/09\/huberpower-100-300x225.jpg 300w, https:\/\/huberpower.com\/wordpress\/wp-content\/uploads\/2013\/09\/huberpower-100-1024x768.jpg 1024w, https:\/\/huberpower.com\/wordpress\/wp-content\/uploads\/2013\/09\/huberpower-100-200x150.jpg 200w, https:\/\/huberpower.com\/wordpress\/wp-content\/uploads\/2013\/09\/huberpower-100-680x510.jpg 680w, https:\/\/huberpower.com\/wordpress\/wp-content\/uploads\/2013\/09\/huberpower-100.jpg 1333w\" sizes=\"auto, (max-width: 450px) 100vw, 450px\" \/><\/p>\n<p>Auch heuer sterben bei uns in der Ischler Traun wieder einige &#8222;Bachforellen&#8220;! Bei uns sterben die Bachforellen unbemerkt, still und heimlich. Nicht wie im Stadtgebiet in M\u00fcnchen, an der Isar, wo es doch den einen oder anderen etwas komisch vorkommt, wenn Fische tot im Wasser schwimmen. Auch wenn uns Trinkwasserqualit\u00e4t vorgegaukelt wird, sind viele Stoffe im Wasser, die unsere Bachforellen seit \u00fcber 20 Jahre nicht vertragen! In Bayern wurde dazu viel geforscht und Geld ausgegeben. Vielleicht hat man die Ursachen auch gefunden. Jedoch die Investitionen in die Behebung w\u00fcrden viele Millionen kosten. Da opfern wir lieber die Bachforellen &#8230;.<\/p>\n<p><img loading=\"lazy\" decoding=\"async\" class=\"alignnone wp-image-576\" src=\"https:\/\/huberpower.com\/wordpress\/wp-content\/uploads\/2012\/03\/20070810_23635_P8100274a-1-300x125.jpg\" alt=\"20070810_23635_P8100274a-1\" width=\"450\" height=\"188\" srcset=\"https:\/\/huberpower.com\/wordpress\/wp-content\/uploads\/2012\/03\/20070810_23635_P8100274a-1-300x125.jpg 300w, https:\/\/huberpower.com\/wordpress\/wp-content\/uploads\/2012\/03\/20070810_23635_P8100274a-1-1024x427.jpg 1024w, https:\/\/huberpower.com\/wordpress\/wp-content\/uploads\/2012\/03\/20070810_23635_P8100274a-1-680x283.jpg 680w, https:\/\/huberpower.com\/wordpress\/wp-content\/uploads\/2012\/03\/20070810_23635_P8100274a-1.jpg 1437w\" sizes=\"auto, (max-width: 450px) 100vw, 450px\" \/><\/p>\n<p>&nbsp;<\/p>\n<p>Sterbende Bachforellen k\u00f6nnen nicht schreien und abgesehen von der Isar im Stadtgebiet von M\u00fcnchen sieht das auch niemand. Nur ein paar Natursch\u00fctzer, auch Fischer genannt, die machtlos zusehen wie eine weitere Population in Gew\u00e4sserabschnitten wie der Ischler Traun komplett ausstierbt. Entweder sie sterben durch den unbekannten Virus, der zumeist immer nur unter Kl\u00e4ranlagen vorkommt, oder sie werden Opfer von Fischotter, Kormoran und G\u00e4nses\u00e4ger! Jedoch auch deren Best\u00e4nde werden sich regeln, wenn es keine Fische mehr gibt. Die Natur braucht zwar lang und ist sehr elastisch, jedoch wenn die Folgen wirken, werden wir bald fischlose Gew\u00e4sser haben und auch Kormoran, Fischotter &amp; Co werden in andere Gebiete abwandern und das in trinkwasser klaren Gew\u00e4ssern.<\/p>\n<figure id=\"attachment_577\" aria-describedby=\"caption-attachment-577\" style=\"width: 450px\" class=\"wp-caption alignnone\"><img loading=\"lazy\" decoding=\"async\" class=\"wp-image-577\" src=\"https:\/\/huberpower.com\/wordpress\/wp-content\/uploads\/2012\/03\/20070808_23632_P8080312-1-300x202.jpg\" alt=\"Schwarze Bachforelle in der Ischler Traun\" width=\"450\" height=\"304\" srcset=\"https:\/\/huberpower.com\/wordpress\/wp-content\/uploads\/2012\/03\/20070808_23632_P8080312-1-300x202.jpg 300w, https:\/\/huberpower.com\/wordpress\/wp-content\/uploads\/2012\/03\/20070808_23632_P8080312-1-680x459.jpg 680w, https:\/\/huberpower.com\/wordpress\/wp-content\/uploads\/2012\/03\/20070808_23632_P8080312-1.jpg 887w\" sizes=\"auto, (max-width: 450px) 100vw, 450px\" \/><figcaption id=\"caption-attachment-577\" class=\"wp-caption-text\">Schwarze Bachforelle in der Ischler Traun<\/figcaption><\/figure>\n<p>Wie stehts an anderen Gew\u00e4ssern:<\/p>\n<p>Zu\u00adn\u00e4chst wer\u00adden die Fo\u00adrel\u00adlen apa\u00adthisch und ver\u00adf\u00e4r\u00adben sich dun\u00adkel. Dann hal\u00adten sie sich nur noch in Ge\u00adw\u00e4s\u00adser\u00adab\u00adschnit\u00adten mit leich\u00adten Str\u00f6\u00admun\u00adgen auf und ster\u00adben. Zu be\u00adob\u00adach\u00adten ist dies an zahl\u00adrei\u00adchen s\u00fcd\u00adli\u00adchen Zufl\u00fcssen der Donau, wie bei\u00adspiels\u00adwei\u00adse an der Il\u00adler, der Mang\u00adfall, der Isar so\u00adwie der Ammer. Auch einigen \u00f6sterreichischen Fl\u00fcssen sind dabei.<\/p>\n<p>Oft wird dieses sterben der Bachforellen nicht mehr bemerkt! Wie gesagt, Bachforellen schreien nicht! Die Best\u00e4nde sind schon so gering. Nur was aus den Quellb\u00e4chen, wie Kaltenbach, Sulzbach etc. sich in die Traun verirrt kommt zum Handkuss und verendet qualvoll mit einem Multiorganversagen.<\/p>\n<p>S\u00fcddeutsche Zeitung schreibt dazu:\u00a0Mysteri\u00f6ses Bachforellensterben in der Isar<\/p>\n<p>Beobachtungen bitte melden an:<br \/>\nHeimo Huber<br \/>\nARGE.BACHFORELLE(a)LIVE.DE<\/p>\n<p style=\"text-align: center;\"><strong><span style=\"color: #99cc00;\">Gott sch\u00fctze diesen Erdball, die Elefanten, die Wale,<br \/>\ndie gemeine Fledermaus&#8230; <\/span><\/strong><strong><span style=\"color: #99cc00;\">Gott sch\u00fctze sie alle<br \/>\n&#8211; vor uns!<br \/>\n. . .und bitte auch die \u00c4sche und die Bachforelle . . .<\/span><\/strong><br \/>\n<span style=\"font-size: small; color: #99cc00;\">Zitat: Dieter Hildebrandt (mit Erg\u00e4nzung)<br \/>\n<\/span><\/p>\n<p style=\"text-align: center;\">\n<p>&nbsp;<\/p>\n<p style=\"text-align: center;\"><span style=\"color: #99cc00;\"><br \/>\n<\/span><\/p>\n","protected":false},"excerpt":{"rendered":"<p>Auch heuer sterben bei uns in der Ischler Traun wieder einige &#8222;Bachforellen&#8220;! Bei uns sterben die Bachforellen unbemerkt, still und heimlich. Nicht wie im Stadtgebiet in M\u00fcnchen, an der Isar,&#8230; <a class=\"read-more\" href=\"https:\/\/huberpower.com\/wordpress\/?p=7452\">[Weiterlesen]<\/a><\/p>\n","protected":false},"author":4,"featured_media":5636,"comment_status":"closed","ping_status":"open","sticky":false,"template":"","format":"standard","meta":{"_crdt_document":"","footnotes":""},"categories":[74],"tags":[],"class_list":["post-7452","post","type-post","status-publish","format-standard","has-post-thumbnail","hentry","category-bachforelle"],"_links":{"self":[{"href":"https:\/\/huberpower.com\/wordpress\/index.php?rest_route=\/wp\/v2\/posts\/7452","targetHints":{"allow":["GET"]}}],"collection":[{"href":"https:\/\/huberpower.com\/wordpress\/index.php?rest_route=\/wp\/v2\/posts"}],"about":[{"href":"https:\/\/huberpower.com\/wordpress\/index.php?rest_route=\/wp\/v2\/types\/post"}],"author":[{"embeddable":true,"href":"https:\/\/huberpower.com\/wordpress\/index.php?rest_route=\/wp\/v2\/users\/4"}],"replies":[{"embeddable":true,"href":"https:\/\/huberpower.com\/wordpress\/index.php?rest_route=%2Fwp%2Fv2%2Fcomments&post=7452"}],"version-history":[{"count":3,"href":"https:\/\/huberpower.com\/wordpress\/index.php?rest_route=\/wp\/v2\/posts\/7452\/revisions"}],"predecessor-version":[{"id":31375,"href":"https:\/\/huberpower.com\/wordpress\/index.php?rest_route=\/wp\/v2\/posts\/7452\/revisions\/31375"}],"wp:featuredmedia":[{"embeddable":true,"href":"https:\/\/huberpower.com\/wordpress\/index.php?rest_route=\/wp\/v2\/media\/5636"}],"wp:attachment":[{"href":"https:\/\/huberpower.com\/wordpress\/index.php?rest_route=%2Fwp%2Fv2%2Fmedia&parent=7452"}],"wp:term":[{"taxonomy":"category","embeddable":true,"href":"https:\/\/huberpower.com\/wordpress\/index.php?rest_route=%2Fwp%2Fv2%2Fcategories&post=7452"},{"taxonomy":"post_tag","embeddable":true,"href":"https:\/\/huberpower.com\/wordpress\/index.php?rest_route=%2Fwp%2Fv2%2Ftags&post=7452"}],"curies":[{"name":"wp","href":"https:\/\/api.w.org\/{rel}","templated":true}]}}