{"id":7013,"date":"2022-07-27T10:10:00","date_gmt":"2022-07-27T08:10:00","guid":{"rendered":"http:\/\/huberpower.com\/wordpress\/?p=7013"},"modified":"2026-03-13T18:41:42","modified_gmt":"2026-03-13T17:41:42","slug":"ufersaum-ist-lebensraum","status":"publish","type":"post","link":"https:\/\/huberpower.com\/wordpress\/?p=7013","title":{"rendered":"UFERSAUM IST LEBENSRAUM"},"content":{"rendered":"\n<p class=\"wp-block-paragraph\">Der Ufersaum ist weit mehr als nur eine h\u00fcbsche Kulisse; er fungiert quasi als die <strong>nat\u00fcrliche Klimaanlage<\/strong> unserer \u00d6kosysteme. Der Juli hat uns mit seinen Hitzewellen ganz sch\u00f6n ins Schwitzen gebracht. Aber auch im August werden die Temperaturen immer wieder \u00fcber 30\u00b0C<strong>&nbsp;<\/strong>klettern. Die meisten fl\u00fcchten an die Seen, an unsere Gew\u00e4sser oder ins Schwimmbad, aber auch ein Ausflug in den Wald kann sich lohnen:<\/p>\n\n\n\n<h2 class=\"wp-block-heading\">Abk\u00fchlungsleistung durch Gew\u00e4sser-Beschattung<\/h2>\n\n\n\n<p class=\"has-medium-font-size wp-block-paragraph\"><strong><mark style=\"background-color:rgba(0, 0, 0, 0)\" class=\"has-inline-color has-luminous-vivid-orange-color\">Denn durch die Beschattung unserer Gew\u00e4sser, wird an hei\u00dfen Tagen die Temperatur rund&nbsp;5\u00b0C k\u00fchler als au\u00dferhalb. Das best\u00e4tigt auch eine Studie der Klimaforschung.<\/mark><\/strong><\/p>\n\n\n\n<p class=\"wp-block-paragraph\">Die Abk\u00fchlungsleistung hat unter anderem mit der&nbsp;<strong>Belaubung der B\u00e4ume<\/strong>&nbsp;zu tun.&nbsp;Denn je dichter die Belaubung, desto weniger Sonnenstrahlung kann durch die Kronen hindurch dringen und die Waldluft erw\u00e4rmen.&nbsp;Die Erholungsleistung eines Waldes h\u00e4ngt also von seiner Belaubung ab. An Tagen mit voller Belaubung ist es im Wald um&nbsp;<strong>rund 4-5\u00b0C k\u00fchler als au\u00dferhalb<\/strong>. Bei einem Freilandmaximum von 30 \u00b0C werden im Wald im Schnitt also nur zwischen 25-26\u00b0C gemessen. Gerade in Zeiten des Klimawandels, durch den Hitzeperioden l\u00e4nger und Hitzetage h\u00e4ufiger werden, hebt dieses Ergebnis einmal mehr den gro\u00dfen Mehrwert des Waldes als Erholungsort hervor.<\/p>\n\n\n\n\n\n<h2 class=\"wp-block-heading\">Daher ist Uferzone und Beschattung wichtig f\u00fcr unsere Gew\u00e4sser &nbsp;<\/h2>\n\n\n\n<p class=\"has-text-align-center has-medium-font-size wp-block-paragraph\"><strong><mark style=\"background-color:rgba(0, 0, 0, 0)\" class=\"has-inline-color has-luminous-vivid-orange-color\">Oft wird der Ufersaum aus falsch verstandenem Ordnungssinn <\/mark><\/strong><br \/><strong><mark style=\"background-color:rgba(0, 0, 0, 0)\" class=\"has-inline-color has-luminous-vivid-orange-color\">oder zur Hochwasserabfuhr \u201egeputzt\u201c. Hier muss ein Umdenken stattfinden: <\/mark><\/strong><br \/><strong><mark style=\"background-color:rgba(0, 0, 0, 0)\" class=\"has-inline-color has-luminous-vivid-orange-color\">Ein wilder, beschatteter Ufersaum ist aktiver Fischschutz.<\/mark><\/strong><\/p>\n\n\n\n<p class=\"wp-block-paragraph\">Uferbewuchs hat neben der wichtigen Funktion der Beschattung und Abk\u00fchlung der Gew\u00e4sser noch zahlreiche weitere wertvolle Funktionen. <strong><mark style=\"background-color:rgba(0, 0, 0, 0)\" class=\"has-inline-color has-luminous-vivid-orange-color\">B\u00e4ume &#8211; von den einen geliebt, von den anderen gehasst<\/mark><\/strong>! Dabei sind sie integraler Bestandteil unserer Welt. <br \/><strong>Welches Mode-Stichwort heute auch fallen mag &#8211; Klimawandel, Biodiversit\u00e4t, Stadt- und Landschaftsplanung, B\u00e4ume spielen \u00fcberall eine wichtige Rolle.<\/strong> Leider allzu oft vernachl\u00e4ssigt bis vergessen ist ihre grundlegende Bedeutung an unseren Gew\u00e4ssern. An 80 % unserer Flie\u00dfstrecken, den B\u00e4chen und kleinen Fl\u00fcssen, sorgen altersgestufte Baumbest\u00e4nde mit Kronenschluss f\u00fcr ein spezielles Klima, das dem &#8222;sommerk\u00fchlen Bach&#8220; mit Licht und Schatten seine Eigenarten gibt und erh\u00e4lt. <\/p>\n\n\n\n<figure class=\"wp-block-image size-large\"><img loading=\"lazy\" decoding=\"async\" width=\"1024\" height=\"618\" src=\"https:\/\/huberpower.com\/wordpress\/wp-content\/uploads\/2025\/07\/Projekt_Leopold_Sulzbach_Beschattung_020-1024x618.jpg\" alt=\"\" class=\"wp-image-39024\" srcset=\"https:\/\/huberpower.com\/wordpress\/wp-content\/uploads\/2025\/07\/Projekt_Leopold_Sulzbach_Beschattung_020-1024x618.jpg 1024w, https:\/\/huberpower.com\/wordpress\/wp-content\/uploads\/2025\/07\/Projekt_Leopold_Sulzbach_Beschattung_020-450x271.jpg 450w, https:\/\/huberpower.com\/wordpress\/wp-content\/uploads\/2025\/07\/Projekt_Leopold_Sulzbach_Beschattung_020-1536x926.jpg 1536w, https:\/\/huberpower.com\/wordpress\/wp-content\/uploads\/2025\/07\/Projekt_Leopold_Sulzbach_Beschattung_020-360x217.jpg 360w, https:\/\/huberpower.com\/wordpress\/wp-content\/uploads\/2025\/07\/Projekt_Leopold_Sulzbach_Beschattung_020.jpg 1950w\" sizes=\"auto, (max-width: 1024px) 100vw, 1024px\" \/><figcaption class=\"wp-element-caption\">M\u00f6glichst keine Ufervegetation lautet die Devise f\u00fcr die Gew\u00e4sser Erhalter? &#8211; Oft wird der Ufersaum aus falsch verstandenem Ordnungssinn oder zur Hochwasserabfuhr \u201egeputzt\u201c. Hier muss ein Umdenken stattfinden: Ein wilder, beschatteter Ufersaum ist aktiver Fischschutz.<\/figcaption><\/figure>\n\n\n\n<p class=\"has-medium-font-size wp-block-paragraph\">Und w\u00e4hrend sich der kurzsichtige Angler dar\u00fcber \u00e4rgert, dass er sein Geschirr an \u00c4sten und Wurzeln abrei\u00dft, freuen sich der weitsichtige Angler und jeder Naturfreund und die Gew\u00e4sserorganismen allemal, dass der vielf\u00e4ltige Lebensraum durch Baumwurzeln, St\u00e4mme, \u00c4ste, Zweige, Totholz und vieles mehr ungeheuer bunt und produktiv ist. <br \/><br \/><strong><mark style=\"background-color:rgba(0, 0, 0, 0)\" class=\"has-inline-color has-luminous-vivid-orange-color\">M\u00f6ge diese&nbsp;\u00fcberragende Entwicklung der Natur&nbsp;auch den Gew\u00e4sser,- Landschafts- und Stadtplanern st\u00e4rker ins Bewusstsein kommen.<\/mark><\/strong><\/p>\n\n\n\n<h3 class=\"wp-block-heading\">Einleitung<\/h3>\n\n\n\n<p class=\"wp-block-paragraph\">Naturnahe Gew\u00e4sserstrukturen mildern den teilweise letalen Effekt von Temperaturerh\u00f6hungen auf k\u00e4lteliebende Wasserlebewesen. Gew\u00e4sser mit vielf\u00e4ltigen Strukturen bieten bessere R\u00fcckzugsm\u00f6glichkeiten mit k\u00fchleren Bereichen, z.B. wegen der Beschattung, einstr\u00f6mendem Untergrundwasser. <mark style=\"background-color:rgba(0, 0, 0, 0)\" class=\"has-inline-color has-luminous-vivid-orange-color\"><strong>Ein wesentlicher Faktor, der diese positiven Effekte verst\u00e4rkend unterst\u00fctzt, bzw. die Erw\u00e4rmung ma\u00dfgeblich hemmt, ist die Beschattung entlang der Gew\u00e4sser. Die Vegetation senkt den Hitzefluss auf die Gew\u00e4sser, indem das Mikroklima \u00fcber der Wasserfl\u00e4che positiv ver\u00e4ndert wird (z. B. tiefere Lufttemperatur, h\u00f6here relative Feuchtigkeit) und die direkte Sonneinstrahlung abgefangen wird.<\/strong><\/mark><\/p>\n\n\n\n<figure class=\"wp-block-image size-full\"><img loading=\"lazy\" decoding=\"async\" width=\"906\" height=\"600\" src=\"https:\/\/huberpower.com\/wordpress\/wp-content\/uploads\/2012\/05\/HAH_DSC_8019_17.-Mai-2012-1.jpg\" alt=\"Sulzbach oberhalb von Reiterdorf\" class=\"wp-image-543\" srcset=\"https:\/\/huberpower.com\/wordpress\/wp-content\/uploads\/2012\/05\/HAH_DSC_8019_17.-Mai-2012-1.jpg 906w, https:\/\/huberpower.com\/wordpress\/wp-content\/uploads\/2012\/05\/HAH_DSC_8019_17.-Mai-2012-1-300x198.jpg 300w, https:\/\/huberpower.com\/wordpress\/wp-content\/uploads\/2012\/05\/HAH_DSC_8019_17.-Mai-2012-1-680x450.jpg 680w\" sizes=\"auto, (max-width: 906px) 100vw, 906px\" \/><figcaption class=\"wp-element-caption\">Sulzbach oberhalb von Reiterdorf &#8211; wo die Beschattung noch in Ordnung ist.<\/figcaption><\/figure>\n\n\n\n<p class=\"wp-block-paragraph\">Studien zeigen, dass bei einer 20 bis 40%-Beschattung Fischsterben verhindert werden kann und dass bei 80% die Wassertemperaturen im optimalen Bereich bleiben. Die Beschattung und damit auch die Uferbepflanzung werden deshalb bei Revitalisierungen und beim Gew\u00e4sserunterhalt, insbesondere bei kleinen B\u00e4chen und Fl\u00fcssen, k\u00fcnftig an Bedeutung gewinnen. Die Erhaltung und das Anlegen von Ufer Vegetationen stellen eine wirksame Klimaadaptations Ma\u00dfnahme dar.<\/p>\n\n\n\n<h3 class=\"wp-block-heading\">Uferbeschattung geh\u00f6rt zum Gew\u00e4sserlebensraum<\/h3>\n\n\n\n<p class=\"wp-block-paragraph\">Die Kahlschl\u00e4ge entlang unserer Gew\u00e4sser\u00a0sind uns Fischer ein Dorn im Auge. Wir f\u00fcrchten hier um Sch\u00e4den an den Fischbest\u00e4nden, insbesondere f\u00fcr die stark gef\u00e4hrdete \u00c4schen und Bachforellen ist ein Bewuchs des Ufers notwendig, damit sich diese gesund entwickeln k\u00f6nnen. Die Beschattung des Flussbettes spielt eine gro\u00dfe Rolle f\u00fcr das Wohlbefinden von B\u00e4chen und Fl\u00fcssen. Zu wenig Ufervegetation f\u00fchrt zur Erw\u00e4rmung unserer Gew\u00e4sser und die Wassertemperaturen k\u00f6nnen sich auf nahezu t\u00f6dliche Werte f\u00fcr Salmoniden erh\u00f6hen. Ein starker Temperaturanstieg in unseren Flie\u00dfgew\u00e4ssern f\u00fchrt zu N\u00e4hrstoffanreicherung. Eine \u00fcberm\u00e4\u00dfige Sonneneinstrahlung kann daran beteiligt sein, dass die Salmoniden Eier eine schlechtere \u00dcberlebensrate haben. <\/p>\n\n\n\n<figure class=\"wp-block-image size-large\"><img loading=\"lazy\" decoding=\"async\" width=\"1024\" height=\"555\" src=\"https:\/\/huberpower.com\/wordpress\/wp-content\/uploads\/2022\/07\/image-40-1024x555.png\" alt=\"\" class=\"wp-image-21744\" srcset=\"https:\/\/huberpower.com\/wordpress\/wp-content\/uploads\/2022\/07\/image-40-1024x555.png 1024w, https:\/\/huberpower.com\/wordpress\/wp-content\/uploads\/2022\/07\/image-40-450x244.png 450w, https:\/\/huberpower.com\/wordpress\/wp-content\/uploads\/2022\/07\/image-40-1536x832.png 1536w, https:\/\/huberpower.com\/wordpress\/wp-content\/uploads\/2022\/07\/image-40-2048x1110.png 2048w\" sizes=\"auto, (max-width: 1024px) 100vw, 1024px\" \/><figcaption class=\"wp-element-caption\">Ein Beispiel, wie es nicht sein sollte &#8211; hier an der Ischler-Ache, wo von der Beh\u00f6rde keine Ufervegetation, wegen Hochwasserschutz gew\u00fcnscht ist? <strong>Ein kritischer Gedanke dazu:<\/strong> Oft wird der Ufersaum aus falsch verstandenem Ordnungssinn oder zur Hochwasserabfuhr \u201egeputzt\u201c. Hier muss ein Umdenken stattfinden: Ein wilder, beschatteter Ufersaum ist aktiver Fisch- und Gew\u00e4sserschutz!<\/figcaption><\/figure>\n\n\n\n<p class=\"wp-block-paragraph\">Daher ist es in der fischereilichen Bewirtschaftung und im Gew\u00e4sser Management wichtig, auf ein Gleichgewicht zu schauen zwischen Licht und Schatten. Im Allgemeinen sollte etwa 60 % offenes Wasser und bis 40 % schattig Stellen, entlang der Uferzone, einen vern\u00fcnftigen Kompromiss dar. Dar\u00fcber hinaus ist die Beschattung durch Auenb\u00e4ume, von gro\u00dfer Bedeutung bei der Kontrolle des Energiefluss in Fl\u00fcsse (\u00fcber Laubfall). Ufergeh\u00f6lze sind auch grundlegend f\u00fcr die Kontrolle von Oberfl\u00e4chen- und Grundwasserstr\u00f6mung. Weiters sind die Auenb\u00e4ume wichtig f\u00fcr eine Kontrolle eines \u00fcberm\u00e4\u00dfigen Abflusses und damit dienen sie einer D\u00e4mpfung von Hochwasserspitzen. Auch spielt dieser Mechanismus eine gro\u00dfe Rolle bei der Speicherung von Grundwasser und ist eine Pufferung bei Niederwasser Perioden.<\/p>\n\n\n\n<figure class=\"wp-block-image is-resized\"><img loading=\"lazy\" decoding=\"async\" width=\"300\" height=\"75\" src=\"https:\/\/huberpower.com\/wordpress\/wp-content\/uploads\/2011\/08\/HAH_Expor-33-5-300x75.jpg\" alt=\"HAH_Expor-33-5\" class=\"wp-image-1892\" style=\"width:839px;height:210px\" srcset=\"https:\/\/huberpower.com\/wordpress\/wp-content\/uploads\/2011\/08\/HAH_Expor-33-5-300x75.jpg 300w, https:\/\/huberpower.com\/wordpress\/wp-content\/uploads\/2011\/08\/HAH_Expor-33-5-1024x256.jpg 1024w, https:\/\/huberpower.com\/wordpress\/wp-content\/uploads\/2011\/08\/HAH_Expor-33-5-680x170.jpg 680w, https:\/\/huberpower.com\/wordpress\/wp-content\/uploads\/2011\/08\/HAH_Expor-33-5.jpg 1200w\" sizes=\"auto, (max-width: 300px) 100vw, 300px\" \/><figcaption class=\"wp-element-caption\">Die V\u00f6gel entlang unserer Gew\u00e4sser sind auf Uferstreifen angewiesen.<\/figcaption><\/figure>\n\n\n\n<h3 class=\"wp-block-heading\">Bachforellen und \u00c4schen brauchen Beschattung<\/h3>\n\n\n\n<p class=\"wp-block-paragraph\">Die \u00c4schen und Bachforelle ben\u00f6tigten eine hohe Flie\u00dfgeschwindigkeit und sommerkaltes Wasser als Lebensraum. \u00c4schen und Bachforellen vermehren sich im Fr\u00fchjahr bzw. im sp\u00e4ten Herbst bzw. in den fr\u00fchen Winter hinein. Zum Laichen verlassen die Fische ihre Fra\u00df Pl\u00e4tze im Hauptfluss und wandern in Bereiche der Nebenb\u00e4che oder in die seichteren Strecken der Oberen Traun hinauf. F\u00fcr ihre Eiablage brauchen sie gut durchstr\u00f6mte Kiesb\u00e4nke. Wichtig ist aber auch die Abb\u00f6schung und Bewaldung des Ufers, die \u00fcber das Flie\u00dfgew\u00e4sser ragt. Ein solches Wald Dach sorgt f\u00fcr Schatten und damit f\u00fcr das notwendige kalte Wasser. Hier stehen die \u00c4schen und Bachforellen an und haben Schutz vor vielen Umwelteinfl\u00fcssen. Selbiges trifft auch in gleichen, teilweise sogar in noch st\u00e4rkeres Ausma\u00df auf unsere &#8222;Kleinfisch&#8220; wie den Fisch des Jahres 2016, der Elritze zu, die noch st\u00e4rker die uferbewachsenen und \u00fcberh\u00e4ngenden B\u00e4ume und Str\u00e4ucher als Lebensraum braucht. Genau in diesen Laichgebieten wurden am st\u00e4rksten in die Abholzung der rechtsufrigen Uferzonen eingegriffen.<\/p>\n\n\n\n<figure class=\"wp-block-image is-resized alignnone wp-image-4019\"><img loading=\"lazy\" decoding=\"async\" width=\"300\" height=\"200\" src=\"https:\/\/huberpower.com\/wordpress\/wp-content\/uploads\/2013\/12\/huberpower-100-26-300x200.jpg\" alt=\"huberpower-100-26\" class=\"wp-image-4019\" style=\"width:839px;height:559px\" srcset=\"https:\/\/huberpower.com\/wordpress\/wp-content\/uploads\/2013\/12\/huberpower-100-26-300x200.jpg 300w, https:\/\/huberpower.com\/wordpress\/wp-content\/uploads\/2013\/12\/huberpower-100-26-1024x685.jpg 1024w, https:\/\/huberpower.com\/wordpress\/wp-content\/uploads\/2013\/12\/huberpower-100-26-680x455.jpg 680w, https:\/\/huberpower.com\/wordpress\/wp-content\/uploads\/2013\/12\/huberpower-100-26.jpg 1494w\" sizes=\"auto, (max-width: 300px) 100vw, 300px\" \/><figcaption class=\"wp-element-caption\">Hier eine K\u00f6cherfliege, die nach dem Schlupf im Wasser f\u00fcr ihre Lebenszeit an der Luft den Ufersaum unserer Gew\u00e4sser aufsucht. Die K\u00f6cherfliege geh\u00f6rt auch zur Hauptnahrung der \u00c4schen und Forellen. Je schlechter die Bedingungen f\u00fcr diese Insekten, desto schlechtere Lebensbedingungen f\u00fcr unsere Fische!<\/figcaption><\/figure>\n\n\n\n<h3 class=\"wp-block-heading\">Ufersaum ist Lebensraum<\/h3>\n\n\n\n<p class=\"wp-block-paragraph\">Die am Ufer und an der Uferb\u00f6schung wachsenden Pflanzen bilden den&nbsp;<strong>Pflanzeng\u00fcrtel<\/strong>. Je nachdem, wie tief das Wasser ist, wachsen unterschiedliche Pflanzengemeinschaften entlang unserer Gew\u00e4sser.&nbsp;Hier&nbsp;leben besonders viele verschiedene Tierarten. Die Mehrzahl der Tiere dieses Lebensraumes sind <strong>Wasserinsekten<\/strong>. Die meisten von ihnen haben zwei unterschiedliche Lebensperioden. Als Ei und Larve leben sie v\u00f6llig im Wasser, als Vollinsekten dagegen an Land und in der Luft, wie beispielsweise <strong>K\u00f6cherfliegen<\/strong>, <strong>Wasserl\u00e4ufer<\/strong>, <strong>Wasserskorpione<\/strong>, <strong>K\u00e4fer <\/strong>und <strong>Libellen<\/strong>. Dh. diese f\u00fcr Fische so wichtigen N\u00e4hrtiere, werden durch&nbsp;die massiven Schl\u00e4gerungen, entlang unserer Gew\u00e4sser stark gesch\u00e4digt und damit die Nahrungskette unterbrochen. Da diesen Insekten, der Uferg\u00fcrtel, denn sie als Lebensraum an &#8222;Land&#8220; brauchen genommen wurde!<\/p>\n\n\n\n<figure class=\"wp-block-image is-resized alignnone wp-image-4684\"><img loading=\"lazy\" decoding=\"async\" width=\"300\" height=\"141\" src=\"https:\/\/huberpower.com\/wordpress\/wp-content\/uploads\/2014\/06\/huberpower-2014-21-300x141.jpg\" alt=\"huberpower-2014-2\" class=\"wp-image-4684\" style=\"width:840px;height:395px\" srcset=\"https:\/\/huberpower.com\/wordpress\/wp-content\/uploads\/2014\/06\/huberpower-2014-21-300x141.jpg 300w, https:\/\/huberpower.com\/wordpress\/wp-content\/uploads\/2014\/06\/huberpower-2014-21-1024x483.jpg 1024w, https:\/\/huberpower.com\/wordpress\/wp-content\/uploads\/2014\/06\/huberpower-2014-21-680x321.jpg 680w, https:\/\/huberpower.com\/wordpress\/wp-content\/uploads\/2014\/06\/huberpower-2014-21.jpg 1455w\" sizes=\"auto, (max-width: 300px) 100vw, 300px\" \/><figcaption class=\"wp-element-caption\">Hier eine der seltenen Maifliegen, die im Oberlauf der Oberen Traun noch vorkommen und ihr Nymphenstatium im Wasser verbringt und ebenfalls den Ufersaum als Lebensraum brauchen, bis sie wieder ihre Eier ins Wasser ablegt &#8230;.<\/figcaption><\/figure>\n\n\n\n<h2 class=\"wp-block-heading\">Lebensraum f\u00fcr Insekten und V\u00f6gel<\/h2>\n\n\n\n<p class=\"wp-block-paragraph\">Auch verschiedene&nbsp;<strong>Kleinkrebse<\/strong>, <strong>Schnecken<\/strong>, <strong>W\u00fcrmer<\/strong> und <strong>Spinnen<\/strong> leben im und am Wassersaum. F\u00fcr viele Arten von <strong>Molchen<\/strong>, <strong>Fr\u00f6schen&nbsp;<\/strong>und <strong>Kr\u00f6ten <\/strong>sind die Uferzonen Lebensraum und f\u00fcr die Ablage ihrer Eier im Wasser &#8211; das so genannte Laichen &#8211; lebensnotwendig. Nach der Entwicklung im Wasser brauchen diese jedoch einen Lebensrand am Rande der Gew\u00e4sser f\u00fcr ihre Entwicklung an Land. Von den Reptilien suchen&nbsp;<strong>Ringelnatter<\/strong> und <strong>W\u00fcrfelnatter <\/strong>die Uferzonen als Lebensraum auf. Die Verlandungszone und der angrenzende Ufersaum unserer Gew\u00e4sser dienen vielen <strong>Wasserv\u00f6geln, der Wasseramsel, der Bachstelze, dem Eisvogel und vielen mehr<\/strong>&nbsp;als Rast- und Brutplatz. Auch f\u00fcr deren Entwicklung sind die Uferzonen unbedingt zu erhalten und vor diesen radikalen Schl\u00e4gerungen zu sch\u00fctzen.<\/p>\n\n\n\n<figure class=\"wp-block-image size-large\"><img loading=\"lazy\" decoding=\"async\" width=\"1024\" height=\"505\" src=\"https:\/\/huberpower.com\/wordpress\/wp-content\/uploads\/2022\/12\/image-25-1024x505.png\" alt=\"\" class=\"wp-image-23779\" srcset=\"https:\/\/huberpower.com\/wordpress\/wp-content\/uploads\/2022\/12\/image-25-1024x505.png 1024w, https:\/\/huberpower.com\/wordpress\/wp-content\/uploads\/2022\/12\/image-25-450x222.png 450w, https:\/\/huberpower.com\/wordpress\/wp-content\/uploads\/2022\/12\/image-25-1536x758.png 1536w, https:\/\/huberpower.com\/wordpress\/wp-content\/uploads\/2022\/12\/image-25.png 1714w\" sizes=\"auto, (max-width: 1024px) 100vw, 1024px\" \/><figcaption class=\"wp-element-caption\">Ischler Traun &#8211; mit noch intakter Uferb\u00f6schung. <\/figcaption><\/figure>\n\n\n\n<h3 class=\"wp-block-heading\">Aktueller Vorwand: Entfernung kranken Eschen?<\/h3>\n\n\n\n<p class=\"wp-block-paragraph\">Oft werden solche &#8222;Uferschl\u00e4gerungen&#8220; als Aktion zu dem selektiven Entfernen von kranken Eschen dargestellt. Dies kann nur punktuell best\u00e4tigt werden. Zumeist geht es&nbsp;hier vielmehr um eine Rodung zur kommerziellen Nutzung des Holzes. Bei Begehungen haben wir \u00fcber 90 Prozent gesunde St\u00e4mme festgestellt und dokumentiert. Auch fadenscheinige Argumente, wie die Zufahrt von Einsatzfahrzeugen erscheinen uns nicht sehr glaubw\u00fcrde und gerechtfertigten in keiner Weise diese &#8222;Rodungen&#8220;.<\/p>\n\n\n\n<figure class=\"wp-block-image size-large\"><img loading=\"lazy\" decoding=\"async\" width=\"1024\" height=\"575\" src=\"https:\/\/huberpower.com\/wordpress\/wp-content\/uploads\/2022\/07\/Ufersaum_Screenshot-2022-07-20-120022-1024x575.jpg\" alt=\"\" class=\"wp-image-21904\" srcset=\"https:\/\/huberpower.com\/wordpress\/wp-content\/uploads\/2022\/07\/Ufersaum_Screenshot-2022-07-20-120022-1024x575.jpg 1024w, https:\/\/huberpower.com\/wordpress\/wp-content\/uploads\/2022\/07\/Ufersaum_Screenshot-2022-07-20-120022-450x253.jpg 450w, https:\/\/huberpower.com\/wordpress\/wp-content\/uploads\/2022\/07\/Ufersaum_Screenshot-2022-07-20-120022-1536x863.jpg 1536w, https:\/\/huberpower.com\/wordpress\/wp-content\/uploads\/2022\/07\/Ufersaum_Screenshot-2022-07-20-120022-2048x1151.jpg 2048w\" sizes=\"auto, (max-width: 1024px) 100vw, 1024px\" \/><figcaption class=\"wp-element-caption\">So sollte es, zumindest Abschnittweise sein.<\/figcaption><\/figure>\n\n\n\n<h3 class=\"wp-block-heading\">Definition von Rodungen lt. Wikipedia<\/h3>\n\n\n\n<p class=\"wp-block-paragraph\">Das \u00f6sterreichische Bundesgesetz vom 3. Juli 1975, mit dem das Forstwesen geregelt wird (Forstgesetz 1975), definiert Rodung als \u201edie Verwendung von Waldboden zu anderen Zwecken als f\u00fcr solche der Waldkultur\u201c.<span style=\"font-size: 13.3333px; line-height: 20px;\">&nbsp;&nbsp;<\/span>Man unterscheidet sprachlich zwischen Wald- oder Baumrodung, bei der die B\u00e4ume samt Stock in einem Arbeitsdurchgang gerodet werden, und der Stock- oder Wurzelrodung, bei der zuerst die B\u00e4ume gef\u00e4llt und im Anschluss die Baumst\u00fcmpfe gerodet werden.&nbsp;Kleinere Rodungsfl\u00e4chen werden h\u00e4ufiger auch als <b>Rodungsinseln<\/b> (isoliert gelegene waldfreie Fl\u00e4chen) oder <strong>Rodungsgassen (Rodungen zum Beispiel entlang von Fl\u00fcssen oder anderen Leitlinien)<\/strong> bezeichnet. Die Rodungsinseln stehen h\u00e4ufig am Anfang einer fl\u00e4chenhaften Kultivierung.<\/p>\n\n\n\n<figure class=\"wp-block-image size-large\"><img loading=\"lazy\" decoding=\"async\" width=\"1024\" height=\"622\" src=\"https:\/\/huberpower.com\/wordpress\/wp-content\/uploads\/2022\/07\/Ufersaum_Ischl_Screenshot-2022-07-20-122052-1024x622.jpg\" alt=\"\" class=\"wp-image-21905\" srcset=\"https:\/\/huberpower.com\/wordpress\/wp-content\/uploads\/2022\/07\/Ufersaum_Ischl_Screenshot-2022-07-20-122052-1024x622.jpg 1024w, https:\/\/huberpower.com\/wordpress\/wp-content\/uploads\/2022\/07\/Ufersaum_Ischl_Screenshot-2022-07-20-122052-450x273.jpg 450w, https:\/\/huberpower.com\/wordpress\/wp-content\/uploads\/2022\/07\/Ufersaum_Ischl_Screenshot-2022-07-20-122052-1536x932.jpg 1536w, https:\/\/huberpower.com\/wordpress\/wp-content\/uploads\/2022\/07\/Ufersaum_Ischl_Screenshot-2022-07-20-122052-2048x1243.jpg 2048w\" sizes=\"auto, (max-width: 1024px) 100vw, 1024px\" \/><figcaption class=\"wp-element-caption\">So sollte eine Uferzone aussehen &#8211; je nach Tageszeit und Sonneneinstrahlung wird das Gew\u00e4sser beschattet. <\/figcaption><\/figure>\n\n\n\n<h3 class=\"wp-block-heading\">Abholzung des Ufers f\u00e4llt radikal aus<\/h3>\n\n\n\n<p class=\"wp-block-paragraph\">In den Bereichen von Eisenbahn-Anlagen besteht ja durchaus Verst\u00e4ndnis, dass in diesen Bereichen ein Wildwuchs der Uferb\u00f6schung reduziert wird. In den meisten F\u00e4llen hat es uns jedoch \u00fcberrascht, dass die Abholzung so radikal ausfallen. In manchen Bereichen mussten entlang der Strasse sogar Leitschienen montiert werden, die zuvor \u00fcber eine nat\u00fcrliche Uferb\u00f6schung gesichert waren. In manchen Bereichen haben wir zwar jetzt weitr\u00e4umige Aussichten zum Gew\u00e4sser bekommen die uns bei der Aufsicht und Fischereikontrolle helfen, daf\u00fcr wurde uns der ganze <strong>Schallschutz<\/strong> zur stark befahrenen Stra\u00dfe genommen. Damit haben wir in diesen Bereichen eine starke Verschlechterung der Fischereibedingungen! Fliegenfischen ist nicht nur Fische fangen, sondern auch in Einklang mit der Natur zu sein. Fliegenfischen ist eine Fischereimethode mit der mit dem &#8222;Auge&#8220; gefischt wird und dazu geh\u00f6rt auch eine m\u00f6glichst intakte Natur.<\/p>\n\n\n\n<figure class=\"wp-block-image is-resized\"><img loading=\"lazy\" decoding=\"async\" width=\"450\" height=\"298\" src=\"https:\/\/huberpower.com\/wordpress\/wp-content\/uploads\/2016\/01\/5_huberpower-2015-5-450x298.jpg\" alt=\"5_huberpower-2015-5\" class=\"wp-image-6927\" style=\"width:838px;height:555px\" srcset=\"https:\/\/huberpower.com\/wordpress\/wp-content\/uploads\/2016\/01\/5_huberpower-2015-5-450x298.jpg 450w, https:\/\/huberpower.com\/wordpress\/wp-content\/uploads\/2016\/01\/5_huberpower-2015-5-1024x679.jpg 1024w, https:\/\/huberpower.com\/wordpress\/wp-content\/uploads\/2016\/01\/5_huberpower-2015-5-680x451.jpg 680w, https:\/\/huberpower.com\/wordpress\/wp-content\/uploads\/2016\/01\/5_huberpower-2015-5.jpg 1346w\" sizes=\"auto, (max-width: 450px) 100vw, 450px\" \/><figcaption class=\"wp-element-caption\">In Zeiten von Hackschnitzelheizung und hoher Holzpreise ist kein Baum mehr sicher. Solche Radikalabholzungen sind eine Katastrophe f\u00fcr ein Gew\u00e4sser. Es w\u00e4chst ja eh wieder nach &#8211; wird landl\u00e4ufig gesagt! Aber wie lange braucht ein Baum, bis er eine Schatten wirft? 10 Jahre, 20 Jahre &#8211; und da wird zwischendurch und weiter fr\u00f6hlich abgeholzt. <strong>Ein kritischer Gedanke dazu:<\/strong> Oft wird der Ufersaum aus falsch verstandenem Ordnungssinn oder zur Hochwasserabfuhr \u201egeputzt\u201c. Hier muss ein Umdenken stattfinden: Ein wilder, beschatteter Ufersaum ist aktiver Fischschutz.<\/figcaption><\/figure>\n\n\n\n<h2 class=\"wp-block-heading\">Rechtlicher Rahmen lt. WRRL<\/h2>\n\n\n\n<p class=\"wp-block-paragraph\">Anthropogenen Nutzungsanspr\u00fcchen an Flie\u00dfgew\u00e4ssern steht der nachhaltige Schutz der empfindlichen Lebensr\u00e4ume, sowie den zum Hochwasserschutz notwendigen Retentionsr\u00e4umen gegen\u00fcber. Ein Abw\u00e4gen von oft gegens\u00e4tzlichen Interessen ist daher erforderlich. Anl\u00e4sslich der Notwendigkeit eines Regelwerks f\u00fcr die dabei zu treffenden Entscheidungen ist die <strong>Wasserrahmenrichtlinie 2000\/60\/EG (EU-WRRL) des Europ\u00e4ischen Parlaments und des Rates vom 23. Oktober 2000 am 22. Dezember 2002 in Kraft getreten.<\/strong><\/p>\n\n\n\n<figure class=\"wp-block-image size-large\"><img loading=\"lazy\" decoding=\"async\" width=\"1024\" height=\"474\" src=\"https:\/\/huberpower.com\/wordpress\/wp-content\/uploads\/2022\/07\/image-41-1024x474.png\" alt=\"\" class=\"wp-image-21746\" srcset=\"https:\/\/huberpower.com\/wordpress\/wp-content\/uploads\/2022\/07\/image-41-1024x474.png 1024w, https:\/\/huberpower.com\/wordpress\/wp-content\/uploads\/2022\/07\/image-41-450x208.png 450w, https:\/\/huberpower.com\/wordpress\/wp-content\/uploads\/2022\/07\/image-41-1536x711.png 1536w, https:\/\/huberpower.com\/wordpress\/wp-content\/uploads\/2022\/07\/image-41.png 1690w\" sizes=\"auto, (max-width: 1024px) 100vw, 1024px\" \/><figcaption class=\"wp-element-caption\">Bundesministerium f\u00fcr Land- und Forstwirtschaft, Umwelt und Wasserwirtschaft. Dann sollte das auch gelebt werden. Gerade Organisationen aus Bundes- und Landesbeh\u00f6rden sind die &#8222;Abholzer&#8220; der Nation! Oft wird der Ufersaum aus falsch verstandenem Ordnungssinn oder zur Hochwasserabfuhr \u201egeputzt\u201c. Hier muss ein Umdenken stattfinden: Ein wilder, beschatteter Ufersaum ist aktiver Gew\u00e4sser, Hochwasser- und Fischschutz!<\/figcaption><\/figure>\n\n\n\n<p class=\"wp-block-paragraph\">Denn auch gem\u00e4\u00df Art. 3 Abs. 3 iVm Art.\u00a010 der FFH-Richtlinie hat \u00d6sterreich als EU-Mitgliedsstaat (wie jeder andere) zur Verbesserung der \u00f6kologischen Koh\u00e4renz von Natura 2000, Landschaftselemente zu erhalten und ggf. zu schaffen. Damit wird die Schaffung eines Biotopverbundes mittels F\u00f6rderung &#8222;verbindender Landschaftselemente&#8220; unter Ber\u00fccksichtigung von funktionalen Aspekten der Koh\u00e4renz wie z.B. Wanderung, Ausbreitung und Genaustausch <strong>\u00fcber das Netz der gemeldeten Natura 2000-Gebiete hinaus verstanden.<\/strong><\/p>\n\n\n\n<p class=\"has-medium-font-size wp-block-paragraph\"><strong><mark style=\"background-color:rgba(0, 0, 0, 0)\" class=\"has-inline-color has-luminous-vivid-orange-color\">Auch Ober\u00f6sterreich bzw. \u00d6sterreich muss dieser EU-rechtlichen Verpflichtung dringend nachkommen und einen dauerhaft wirkungsvollen Biotopverbund etablieren, um kein Vertragsverletzungsverfahren zu riskieren. Die LUA empfiehlt daher dringend entsprechende Novellierungen im Naturschutzgesetz! <\/mark><\/strong><\/p>\n\n\n\n<figure class=\"wp-block-image size-large\"><img loading=\"lazy\" decoding=\"async\" width=\"1024\" height=\"426\" src=\"https:\/\/huberpower.com\/wordpress\/wp-content\/uploads\/2022\/07\/image-55-1024x426.png\" alt=\"\" class=\"wp-image-21907\" srcset=\"https:\/\/huberpower.com\/wordpress\/wp-content\/uploads\/2022\/07\/image-55-1024x426.png 1024w, https:\/\/huberpower.com\/wordpress\/wp-content\/uploads\/2022\/07\/image-55-450x187.png 450w, https:\/\/huberpower.com\/wordpress\/wp-content\/uploads\/2022\/07\/image-55-1536x639.png 1536w, https:\/\/huberpower.com\/wordpress\/wp-content\/uploads\/2022\/07\/image-55-2048x852.png 2048w\" sizes=\"auto, (max-width: 1024px) 100vw, 1024px\" \/><figcaption class=\"wp-element-caption\">Man kommt wieder drauf, dass eine intakte Ufervegetation auch bei Hochwasser eine R\u00fcckhaltefunktion hat. Um die Arten- und Klimaschutzwirkung von Uferzonen und die Bewahrung des Naturhaushaltes gem\u00e4\u00df der Zielsetzung im Naturschutzgesetz zu gew\u00e4hrleisten, scheint eine strengere Gesetzesauslegung als bisher notwendig. <strong>Ein kritischer Gedanke dazu:<\/strong> Oft wird der Ufersaum aus falsch verstandenem Ordnungssinn oder zur Hochwasserabfuhr \u201egeputzt\u201c. Hier muss ein Umdenken stattfinden: Ein wilder, beschatteter Ufersaum ist aktiver Gew\u00e4sser, Hochwasser- und Fischschutz!<\/figcaption><\/figure>\n\n\n\n<h3 class=\"wp-block-heading\">Landschaftsschutzgesetz &#8211; O\u00f6. NSchG<\/h3>\n\n\n\n<p class=\"wp-block-paragraph\">Hier ein Auszug aus den &#8222;Landesgesetz \u00fcber die Erhaltung und Pflege der Natur (O\u00f6. Natur- und Landschaftsschutzgesetz 2001 &#8211; O\u00f6. NSchG 2001)&#8220;<\/p>\n\n\n\n<h3 class=\"wp-block-heading\">\u00a7 10 Natur- und Landschaftsschutz im Bereich \u00fcbriger Gew\u00e4sser<\/h3>\n\n\n\n<p class=\"wp-block-paragraph\">(1) Der Natur- und Landschaftsschutz im Sinn dieser Bestimmungen gilt f\u00fcr folgende Bereiche:<br \/><br \/>1.\u00a0f\u00fcr Donau, Inn und Salzach (einschlie\u00dflich ihrer gestauten Bereiche) und einen daran unmittelbar anschlie\u00dfenden 200 m breiten Gel\u00e4ndestreifen;<br \/><br \/>2.\u00a0f\u00fcr sonstige Fl\u00fcsse und B\u00e4che (einschlie\u00dflich ihrer gestauten Bereiche) und einen daran unmittelbar anschlie\u00dfenden <strong><mark style=\"background-color:rgba(0, 0, 0, 0)\" class=\"has-inline-color has-luminous-vivid-orange-color\">50 m breiten Gel\u00e4ndestreifen, wenn sie in einer von der Landesregierung zu erlassenden Verordnung angef\u00fchrt sind;<\/mark><\/strong><br \/><br \/>3.\u00a0f\u00fcr stehende Gew\u00e4sser (ausgenommen solche gem\u00e4\u00df \u00a7 9 Abs. 1) und deren Ufer bis zu einer Entfernung von 200 m landeinw\u00e4rts, wenn die Ufer \u00fcberwiegend unbebaut sind und sich der zu sch\u00fctzende Bereich durch landschaftliche Sch\u00f6nheit oder gro\u00dfen Erholungswert besonders auszeichnet. <strong>Die Landesregierung hat durch Verordnung festzustellen, f\u00fcr welche Bereiche diese Voraussetzungen zutreffen.<\/strong><\/p>\n\n\n\n<p class=\"wp-block-paragraph\">(2) In gesch\u00fctzten Bereichen gem\u00e4\u00df Abs. 1 ist jeder Eingriff<br \/>1.\u00a0in das Landschaftsbild und<br \/>2.\u00a0im Gr\u00fcnland (\u00a7 3 Z 6) in den Naturhaushalt\u00a0verboten, solang die Beh\u00f6rde nicht bescheidm\u00e4\u00dfig festgestellt hat, dass solche \u00f6ffentlichen Interessen an der Erhaltung des Landschaftsbildes oder des Naturhaushaltes, die alle anderen Interessen \u00fcberwiegen, nicht verletzt werden. Ausgenommen von diesem Verbot sind Eingriffe in geschlossenen Ortschaften oder in Gebieten, f\u00fcr die ein rechtswirksamer Bebauungsplan (\u00a7 31 O\u00f6. Raumordnungsgesetz 1994) vorhanden ist.<br \/>(3) Die Landesregierung kann durch Verordnung feststellen, dass f\u00fcr bestimmte Eingriffe in das Landschaftsbild, in den Naturhaushalt oder f\u00fcr bestimmte \u00f6rtliche Bereiche das Verbot gem\u00e4\u00df Abs. 2 nicht gilt, weil solche \u00f6ffentlichen Interessen an der Erhaltung des Landschaftsbildes oder des Naturhaushaltes, die alle anderen Interessen \u00fcberwiegen, nicht verletzt werden.<\/p>\n\n\n\n<p class=\"wp-block-paragraph\">Hier sollte schon eine gesetzliche Basis vorhanden sein um diesen Abholzungen an unseren Gew\u00e4ssern Einhalt zu gebieten, weiters wird \u00fcber das Verschlechterungsverbot der WRRL auch die Struktur der Uferzone geregelt.<\/p>\n\n\n\n<figure class=\"wp-block-image is-resized alignnone wp-image-7028\"><img loading=\"lazy\" decoding=\"async\" width=\"450\" height=\"301\" src=\"https:\/\/huberpower.com\/wordpress\/wp-content\/uploads\/2016\/02\/WRRL-Vegetaion-450x301.jpg\" alt=\"WRRL Vegetaion\" class=\"wp-image-7028\" style=\"width:842px;height:563px\" srcset=\"https:\/\/huberpower.com\/wordpress\/wp-content\/uploads\/2016\/02\/WRRL-Vegetaion-450x301.jpg 450w, https:\/\/huberpower.com\/wordpress\/wp-content\/uploads\/2016\/02\/WRRL-Vegetaion-680x454.jpg 680w, https:\/\/huberpower.com\/wordpress\/wp-content\/uploads\/2016\/02\/WRRL-Vegetaion.jpg 888w\" sizes=\"auto, (max-width: 450px) 100vw, 450px\" \/><figcaption class=\"wp-element-caption\">Feuchtgebiete und vom Gew\u00e4sser abh\u00e4ngige Land-\u00d6kosysteme sind als direkter Bestandteil \u00f6kologisch intakter Gew\u00e4sser anzusehen. Aufgrund ihrer vielf\u00e4ltigen Wirkungen ist eine standortgerechte Ufervegetation Voraussetzung zur Sicherstellung des guten \u00f6kologischen Zustandes gem\u00e4\u00df EU-Wasserrahmenrichtlinie (WRRL).<\/figcaption><\/figure>\n\n\n\n<h3 class=\"wp-block-heading\">Ordnungsrahmen f\u00fcr den europ\u00e4ischen Gew\u00e4sserschutz<\/h3>\n\n\n\n<p class=\"wp-block-paragraph\">Dadurch wurde ein Ordnungsrahmen f\u00fcr den europ\u00e4ischen Gew\u00e4sserschutz sichergestellt und die politische Priorit\u00e4t f\u00fcr den nachhaltigen Umgang mit der vielf\u00e4ltig vorhandenen Ressource Wasser verdeutlicht. Die EU-WRRL stellt Fristen und Qualit\u00e4tsziele auf und gibt Vorgehensweisen an, durch welche diese zu erreichen sind. Neben der Vermeidung weiterer Verschlechterung sowie dem Schutz und der Verbesserung der aquatischen \u00d6kosysteme bez\u00fcglich des Wasserhaushalts, hat die Wasserrahmenrichtlinie mitunter die<span style=\"color: #339966;\"><strong> <\/strong><\/span><strong><mark style=\"background-color:rgba(0, 0, 0, 0)\" class=\"has-inline-color has-luminous-vivid-orange-color\"><span style=\"color: #339966;\">Erreichung des guten \u00f6kologischen und chemischen Zustands aller Wasserk\u00f6rper zum Ziel.<\/span> <\/mark><\/strong>Dabei gilt eine schrittweise Umsetzfrist bis 2015. <strong>\u00dcberwachungsprogramme der festgelegten Ziele und der Beschluss von Kriterien f\u00fcr das Monitoring werden durch die Gew\u00e4sserzustandsverordnung (GZ\u00dcV) konkretisiert (BMLFUW, 2014).<\/strong> Die EU-WRRL sieht zudem eine fr\u00fchzeitige und umfassende Information und Anh\u00f6rung der \u00d6ffentlichkeit, sowie die aktive Einbeziehung der betroffenen und interessierten Kreise (Landwirtschaft, Naturschutz, Gemeinden bzw. St\u00e4dte) vor. Dadurch sollen durch eine Verbesserung der Entscheidungsfindung auch innovative und kreative Optionen ber\u00fccksichtigt, und f\u00fcr die \u00d6ffentlichkeit akzeptabel umgesetzt werden k\u00f6nnen (NACHTNEBEL, 2013).<\/p>\n\n\n\n<figure class=\"wp-block-image size-large\"><img loading=\"lazy\" decoding=\"async\" width=\"1024\" height=\"488\" src=\"https:\/\/huberpower.com\/wordpress\/wp-content\/uploads\/2022\/07\/Ufersaum_Traun_Screenshot-2022-07-20-123009-1024x488.jpg\" alt=\"\" class=\"wp-image-21911\" srcset=\"https:\/\/huberpower.com\/wordpress\/wp-content\/uploads\/2022\/07\/Ufersaum_Traun_Screenshot-2022-07-20-123009-1024x488.jpg 1024w, https:\/\/huberpower.com\/wordpress\/wp-content\/uploads\/2022\/07\/Ufersaum_Traun_Screenshot-2022-07-20-123009-450x214.jpg 450w, https:\/\/huberpower.com\/wordpress\/wp-content\/uploads\/2022\/07\/Ufersaum_Traun_Screenshot-2022-07-20-123009-1536x731.jpg 1536w, https:\/\/huberpower.com\/wordpress\/wp-content\/uploads\/2022\/07\/Ufersaum_Traun_Screenshot-2022-07-20-123009-2048x975.jpg 2048w\" sizes=\"auto, (max-width: 1024px) 100vw, 1024px\" \/><figcaption class=\"wp-element-caption\">Es braucht eine Strauch-Baum Struktur und eine Artenvielfalt an Geh\u00f6lzen an unseren Gew\u00e4ssern und eine Abholzung darf nur unter ganz bestimmten Kriterien gestattet werden und nicht wie heute sehr oft zu beobachten ist &#8222;Willk\u00fcrlich&#8220;.<\/figcaption><\/figure>\n\n\n\n<h2 class=\"wp-block-heading\">Gew\u00e4ssermanagements ist zu gew\u00e4hrleisten<\/h2>\n\n\n\n<p class=\"wp-block-paragraph\">Um eine konkrete Zielsetzung und deren Realisierung im Sinne eines aktuellen, wirksamen Gew\u00e4ssermanagements zu gew\u00e4hrleisten, sollen signifikante Probleme und Belastungen definiert und stets aktualisiert werden. Dies erfolgt durch den Nationalen Gew\u00e4sserbewirtschaftungsplan (NGP), der basierend auf den Zielen und Grunds\u00e4tzen des Wasserrechtsgesetzes in Zusammenarbeit mit den wasserwirtschaftlichen Planungen der L\u00e4nder alle sechs Jahre durch den Bundesminister f\u00fcr Land- und Forstwirtschaft, Umwelt und Wasserwirtschaft erstellt und ver\u00f6ffentlicht werden muss. Der NGP ist eine flussgebietsbezogene Planung basierend auf einem integrierten Ansatz zum Schutz und Verbesserung sowie zur nachhaltigen&nbsp;Nutzung der Gew\u00e4sser. Die Festlegung der zu erreichenden Erhaltungs- und Sanierungsziele erfolgt auf Grundlage einer Ist- Bestandsanalyse. Dabei sind \u00f6konomische Gegebenheiten nicht zu ignorieren, womit eine ausgewogene kostenwirksame Verbesserung der Gew\u00e4sser und deren Schutz erm\u00f6glicht werden soll (BMLFUW, 2009). Der \u00f6kologische Zustand von Oberfl\u00e4chenwasserk\u00f6rpern ist gem\u00e4\u00df der EU-WRRL als die Qualit\u00e4t von Struktur und Funktionsf\u00e4higkeit aquatischer, in Verbindung mit Oberfl\u00e4chengew\u00e4ssern stehender \u00d6kosysteme, definiert.<\/p>\n\n\n\n<ul class=\"wp-block-list\">\n<li>F\u00fcr die Einstufung von Flie\u00dfgew\u00e4ssern sind Qualit\u00e4tskomponenten definiert worden:<br \/> <h4>A) Biologische Komponenten<\/h4>\u2022 Zusammensetzung und Abundanz der Gew\u00e4sser Flora<br \/>\u2022 Zusammensetzung und Abundanz der benthischen wirbellosen Fauna<br \/>\u2022 Zusammensetzung, Abundanz und Altersstruktur der Fischfauna <h4>B) Hydromorphologische Komponenten in Unterst\u00fctzung der biologischen Komponenten<\/h4> <p>\u2022 Wasserhaushalt &#8211; Abfluss und Abflussdynamik &#8211; Verbindung zu Grundwasserk\u00f6rpern<br \/>\u2022 Durchg\u00e4ngigkeit des Flusses<br \/>\u2022 Morphologische Bedingungen<br \/>&#8212;&gt; Tiefen- und Breitenvariation<br \/>&#8212;&gt; Struktur und Substrat des Flussbetts<span style=\"color: revert; font-size: revert; font-weight: revert;\">&#8212;&gt; <\/span><strong style=\"color: revert; font-size: revert;\">Struktur der Uferzone<\/strong><\/p> <h4>C) Chemische und physikalisch-chemische Komponenten in Unterst\u00fctzung der biologischen Komponenten<\/h4> <p>\u2022 Temperaturverh\u00e4ltnisse<br \/>\u2022 Sauerstoffhaushalt<br \/>\u2022 Salzgehalt<br \/>\u2022 Versauerungszustand<br \/>\u2022 N\u00e4hrstoffverh\u00e4ltnisse<\/p> <\/li>\n<\/ul>\n\n\n\n<h2 class=\"wp-block-heading\">Herber R\u00fcckschlag f\u00fcr die Fische<\/h2>\n\n\n\n<p class=\"wp-block-paragraph\"><strong>Wie auch immer diese Praxis der Uferabholzungen juristisch zu bewertet ist \u2013 der Kahlschlag bedeutet f\u00fcr die Fische und f\u00fcr uns, als Bewirtschafter, in der Umsetzung eines langfristigen Bewirtschaftungsplanung, die auf nat\u00fcrliche Reproduktion von heimischen Fischen aufbaut, auf jeden Fall einen herben R\u00fcckschlag.<\/strong> \u00dcber die vergangenen Jahre wurden in die fisch-\u00f6kologische Verbesserung von uns als kleiner Fischereiverein, viele tausende Euro investiert. Auch von \u00f6ffentlicher Hand wurde viel Geld in Fischtreppe an der M\u00fcndung des Rettenbach, Kaltenbach und Sulzbach ausgegeben. Auch die Fischaufstiegshilfen und Umgehungsgerinne in der Ebenseer Traun wurden zur Erreichung einer Durchg\u00e4ngigkeit angebracht. Das alles geschah unter den Rahmenbedingungen zur Erreichung der Gew\u00e4sserdurchg\u00e4ngigkeit lt. WRRL (Wasser Rahmenrichtlinien). <strong><mark style=\"background-color:rgba(0, 0, 0, 0)\" class=\"has-inline-color has-luminous-vivid-orange-color\">Dh. es wird hier sehr viel Geld von der \u00f6ffentlichen Hand ausgegeben. Daher ist es sehr unverst\u00e4ndlich, wenn dann durch &#8222;Uferschl\u00e4gerungen&#8220; so gro\u00dfangelegte, kostenintensive Ma\u00dfnahmen zunichte gemacht werden. Alles nur f\u00fcr ein paar Meter, zumeist schlechten Brennholzes. Wer immer das verwerten mag?<\/mark><\/strong><\/p>\n\n\n\n<figure class=\"wp-block-image is-resized alignnone wp-image-6250\"><img loading=\"lazy\" decoding=\"async\" width=\"427\" height=\"320\" src=\"https:\/\/huberpower.com\/wordpress\/wp-content\/uploads\/2015\/07\/5A_P7301928-1280x960-427x320.jpg\" alt=\"OLYMPUS DIGITAL CAMERA\" class=\"wp-image-6250\" style=\"width:838px;height:628px\" srcset=\"https:\/\/huberpower.com\/wordpress\/wp-content\/uploads\/2015\/07\/5A_P7301928-1280x960-427x320.jpg 427w, https:\/\/huberpower.com\/wordpress\/wp-content\/uploads\/2015\/07\/5A_P7301928-1280x960-1024x768.jpg 1024w, https:\/\/huberpower.com\/wordpress\/wp-content\/uploads\/2015\/07\/5A_P7301928-1280x960-200x150.jpg 200w, https:\/\/huberpower.com\/wordpress\/wp-content\/uploads\/2015\/07\/5A_P7301928-1280x960-680x510.jpg 680w, https:\/\/huberpower.com\/wordpress\/wp-content\/uploads\/2015\/07\/5A_P7301928-1280x960.jpg 1280w\" sizes=\"auto, (max-width: 427px) 100vw, 427px\" \/><figcaption class=\"wp-element-caption\">Elektrobefischungen zeigen auf, dass es den Fischen, Insekten und V\u00f6geln entlang unserer Gew\u00e4sser, an den Lebensraum geht.<\/figcaption><\/figure>\n\n\n\n<h3 class=\"wp-block-heading\">Strukturiert vs. Strukturarm <\/h3>\n\n\n\n<p class=\"wp-block-paragraph\">Der Unterschied ist oft nicht nur messbar, sondern dramatisch. Ein strukturarmes Gew\u00e4sser ist f\u00fcr Fische wie eine W\u00fcste mit Asphaltboden: Es gibt keinen Schatten, keine Deckung vor Fressfeinden und kaum Nahrung. In der Fischereibiologie gilt die Faustregel: <strong>Strukturreichtum ist gleichbedeutend mit Lebensraumkapazit\u00e4t.<\/strong><\/p>\n\n\n\n<h3 class=\"wp-block-heading\">Der direkte Vergleich: Warum Struktur die Biomasse steigert<\/h3>\n\n\n\n<figure class=\"wp-block-table\"><table class=\"has-fixed-layout\"><thead><tr><td><strong>Merkmal<\/strong><\/td><td><strong>Strukturarmes Gew\u00e4sser (kanalisiert)<\/strong><\/td><td><strong>Strukturiertes Gew\u00e4sser (naturnah)<\/strong><\/td><\/tr><\/thead><tbody><tr><td><strong>Flie\u00dfgeschwindigkeit<\/strong><\/td><td>Uniform schnell; hoher Energieaufwand f\u00fcr Fische.<\/td><td>Mosaik aus Stillwasserzonen und Str\u00f6mung.<\/td><\/tr><tr><td><strong>Unterst\u00e4nde<\/strong><\/td><td>Fehlend; Fische sind Stress und Pr\u00e4datoren ausgesetzt.<\/td><td>Wurzeln, Totholz und Steine bieten Schutz.<\/td><\/tr><tr><td><strong>Nahrungsangebot<\/strong><\/td><td>Geringe Oberfl\u00e4che f\u00fcr Aufwuchs und Insektenlarven.<\/td><td>Enorme Oberfl\u00e4che durch Totholz und Vegetation.<\/td><\/tr><tr><td><strong>Jungfisch-Habitate<\/strong><\/td><td>Fehlen; Brut wird bei Hochwasser weggeschwemmt.<\/td><td>Flachwasserzonen als \u201eKinderstube\u201c.<\/td><\/tr><\/tbody><\/table><figcaption class=\"wp-element-caption\">Ein wesentlicher Faktor f\u00fcr die Biomasse ist die <strong>besiedelbare Oberfl\u00e4che<\/strong>. Ein einzelner ins Wasser gest\u00fcrzter Baum vergr\u00f6\u00dfert die Oberfl\u00e4che f\u00fcr Biofilm (Algen, Bakterien) und Wirbellose (Nahrung) um ein Vielfaches gegen\u00fcber einer glatten Ufermauer.<\/figcaption><\/figure>\n\n\n\n<figure class=\"wp-block-image is-resized alignnone wp-image-6230\"><img loading=\"lazy\" decoding=\"async\" width=\"450\" height=\"291\" src=\"https:\/\/huberpower.com\/wordpress\/wp-content\/uploads\/2015\/08\/BESTANDSAUFNAHME_ERGEBNIS_hc_010-450x291.jpg\" alt=\"BESTANDSAUFNAHME_ERGEBNIS_hc_010\" class=\"wp-image-6230\" style=\"width:840px;height:543px\" srcset=\"https:\/\/huberpower.com\/wordpress\/wp-content\/uploads\/2015\/08\/BESTANDSAUFNAHME_ERGEBNIS_hc_010-450x291.jpg 450w, https:\/\/huberpower.com\/wordpress\/wp-content\/uploads\/2015\/08\/BESTANDSAUFNAHME_ERGEBNIS_hc_010-680x440.jpg 680w, https:\/\/huberpower.com\/wordpress\/wp-content\/uploads\/2015\/08\/BESTANDSAUFNAHME_ERGEBNIS_hc_010.jpg 849w\" sizes=\"auto, (max-width: 450px) 100vw, 450px\" \/><figcaption class=\"wp-element-caption\">Ergebnis der Elektrobefischung aus der man sehr sch\u00f6n den Unterschied zwischen &#8222;strukturarmen&#8220; und &#8222;strukturierten&#8220; Abschnitten erkennen kann. Hier hat die Ufervegetationen einen unmittelbaren Einfluss auf die Fischbest\u00e4nde. In einem strukturierten Bach finden wir oft eine deutlich h\u00f6here Fischbiomasse pro Hektar als in einem begradigten Abschnitt, selbst wenn die Wasserqualit\u00e4t (Chemie) identisch ist.<\/figcaption><\/figure>\n\n\n\n<p class=\"wp-block-paragraph\">Im vergangenen Sommer wurde auch in Absprache und unter Kontrolle der O\u00d6 Landesregierung Elektrobefischungen (Engleithen Altarm) durchgef\u00fchrt, um die Fischbest\u00e4nde zu kontrollieren. Die Fische werden dabei kurz bet\u00e4ubt, vermessen und auf Krankheiten begutachtet und dann wieder ins Wasser entlassen. Insgesamt wurden in zwei Abschnitten viele \u00c4schen, Elritzen und auch Bachforellen abgefischt und taxiert. Ein Grund f\u00fcr diese Einzigartigkeit der Best\u00e4nde und die nat\u00fcrliche Reproduktion der schon sehr seltenen \u00c4schen, Elritzen und Forellen ist auf die Beschattung durch B\u00e4ume und Unterst\u00e4nde in den Wurzeln der Ufer Vegetation zur\u00fcck zu f\u00fchren. Durch eine intakte Uferb\u00f6schung wird auch eine minimale St\u00f6rung durch Jogger, Radfahrer und Wanderer erreicht. Damit wird es in vielen Bereichen, nach dem Kahlschlag vorbei sein. Dh. weniger Lebensraum f\u00fcr die Wassertiere.<\/p>\n\n\n\n<h3 class=\"wp-block-heading\">Warum der Ufersaum Priorit\u00e4t haben muss<\/h3>\n\n\n\n<p class=\"wp-block-paragraph\">In Zeiten der Erw\u00e4rmung ist der Ufersaum nicht mehr nur \u201esch\u00f6nes Gr\u00fcn\u201c, sondern eine <strong>\u00fcberlebenswichtige Klimaanlage<\/strong> f\u00fcr das Gew\u00e4sser.<\/p>\n\n\n\n<ul class=\"wp-block-list\">\n<li><strong>Beschattung:<\/strong> Ein intakter Bewuchs mit standortgerechten Geh\u00f6lzen (wie Erlen und Weiden) kann die Wassertemperatur in kleineren und mittleren Gew\u00e4ssern um mehrere Grad senken \u2013 oft der entscheidende Unterschied zwischen Leben und Hitzetod f\u00fcr Salmoniden.<\/li>\n\n\n\n<li><strong>Pufferfunktion:<\/strong> Ein breiter Ufersaum filtert N\u00e4hrstoffe und Sedimente aus der Landwirtschaft, bevor sie das Algenwachstum (das bei W\u00e4rme ohnehin explodiert) zus\u00e4tzlich anheizen.<\/li>\n\n\n\n<li><strong>Strukturreichtum:<\/strong> Wurzelgeflechte im Wasser bieten Unterst\u00e4nde und Str\u00f6mungsberuhigung. Wenn der Stoffwechsel der Fische durch die Hitze auf Hochtouren l\u00e4uft, brauchen sie diese Ruhezonen, um Energie zu sparen.<\/li>\n<\/ul>\n\n\n\n<h3 class=\"wp-block-heading\">Was konkret getan werden muss<\/h3>\n\n\n\n<p class=\"wp-block-paragraph\">Damit diese Tatsache mehr Ber\u00fccksichtigung findet, braucht es einen Schulterschluss zwischen Wasserbau, Landwirtschaft und Fischerei:<\/p>\n\n\n\n<figure class=\"wp-block-table\"><table class=\"has-fixed-layout\"><thead><tr><td><strong>Handlungsfeld<\/strong><\/td><td><strong>Zielsetzung<\/strong><\/td><\/tr><\/thead><tbody><tr><td><strong>Uferrandstreifen<\/strong><\/td><td>Gesetzlich fixierte, breite Korridore ohne D\u00fcngung und Ackernutzung.<\/td><\/tr><tr><td><strong>Revitalisierung<\/strong><\/td><td>R\u00fcckbau von harten Uferverbauungen, damit das Wasser wieder \u201eatmen\u201c und sich mit k\u00fchlerem Grundwasser austauschen kann.<\/td><\/tr><tr><td><strong>Durchg\u00e4ngigkeit<\/strong><\/td><td>Vernetzung zu k\u00fchleren Zufl\u00fcssen (Refugialgew\u00e4ssern) sicherstellen.<\/td><\/tr><\/tbody><\/table><figcaption class=\"wp-element-caption\">Oft wird der Ufersaum aus falsch verstandenem Ordnungssinn oder zur Hochwasserabfuhr \u201egeputzt\u201c. Hier muss ein Umdenken stattfinden: Ein wilder, beschatteter Ufersaum ist aktiver Fischschutz.<\/figcaption><\/figure>\n\n\n\n<figure class=\"wp-block-image is-resized alignnone wp-image-6188\"><img loading=\"lazy\" decoding=\"async\" width=\"450\" height=\"289\" src=\"https:\/\/huberpower.com\/wordpress\/wp-content\/uploads\/2015\/08\/huberpower-20191-450x289.jpg\" alt=\"huberpower-2019\" class=\"wp-image-6188\" style=\"width:839px;height:539px\" srcset=\"https:\/\/huberpower.com\/wordpress\/wp-content\/uploads\/2015\/08\/huberpower-20191-450x289.jpg 450w, https:\/\/huberpower.com\/wordpress\/wp-content\/uploads\/2015\/08\/huberpower-20191-1024x658.jpg 1024w, https:\/\/huberpower.com\/wordpress\/wp-content\/uploads\/2015\/08\/huberpower-20191-680x437.jpg 680w, https:\/\/huberpower.com\/wordpress\/wp-content\/uploads\/2015\/08\/huberpower-20191.jpg 1577w\" sizes=\"auto, (max-width: 450px) 100vw, 450px\" \/><figcaption class=\"wp-element-caption\">Eine &#8222;Schwarze Bachforelle&#8220; die vermutlich durch zu starke UV-Belastung erkrankt ist und demn\u00e4chst an Organversagen sterben wird!<\/figcaption><\/figure>\n\n\n\n<p class=\"has-text-align-center has-medium-font-size wp-block-paragraph\"><strong><mark style=\"background-color:rgba(0, 0, 0, 0)\" class=\"has-inline-color has-luminous-vivid-orange-color\">\u201eAn allem Unfug, der passiert, sind nicht etwa nur die schuld, die ihn tun, <\/mark><br \/><mark style=\"background-color:rgba(0, 0, 0, 0)\" class=\"has-inline-color has-luminous-vivid-orange-color\">sondern auch die, die ihn nicht verhindern.\u201c<\/mark><\/strong><\/p>\n\n\n\n<p class=\"has-text-align-center has-medium-font-size wp-block-paragraph\">Zitat: Erich K\u00e4stner<strong><mark style=\"background-color:rgba(0, 0, 0, 0)\" class=\"has-inline-color has-luminous-vivid-orange-color\"> <\/mark><\/strong><\/p>\n\n\n\n<h2 class=\"wp-block-heading\">Erw\u00e4rmung des Wassers beg\u00fcnstigt Parasiten<\/h2>\n\n\n\n<p class=\"wp-block-paragraph\">Es geht auch um investiertes Geld. F\u00fcr den Fischbesatz von 5.000 \u00c4schen S\u00f6mmerlinge aus zertifizierten, ausgew\u00e4hlten Zuchtbetrieben werden pro Jahr einige tausend Euro gezahlt. In den letzten Jahren haben wir\u00a0auch viel Engagement<b>\u00a0<\/b>zur Erforschung der Fischkrankheit PKD (Proliferative Kidney Disease) investiert. PKD ist eine Nierenwucherung, die bei der Bachforelle und anderen Fischen auftreten kann. <strong><mark style=\"background-color:rgba(0, 0, 0, 0)\" class=\"has-inline-color has-vivid-red-color\">Sie wird verursacht durch einen Parasiten, dessen Lebenszyklus noch nicht ganz gekl\u00e4rt ist. Die Infektion steht aber in Zusammenhang mit der Wassertemperatur und der Sonneneinstrahlung (UV-Belastung).<\/mark><\/strong> Je w\u00e4rmer das Wasser, desto wahrscheinlicher eine Infektion. Der Kahlschlag an der Ober Traun, die hei\u00dfen Sommer die zur Erw\u00e4rmung des Traun Wassers f\u00fchren und sich im kommenden Sommer noch st\u00e4rker einwirken werden, hat f\u00fcr den Bachforellenbestand also mehrfache Auswirkung:<\/p>\n\n\n\n<ul class=\"wp-block-list\">\n<li>Neben der m\u00f6glichen Zerst\u00f6rung von Jungfischhabitaten durch fehlenden Beschattung generell<\/li>\n\n\n\n<li>wird eine gravierende Verschlechterung der Lebensbedingungen f\u00fcr die Fische eintreten;<\/li>\n\n\n\n<li>weniger &#8222;ruhiger&#8220; Lebensraum f\u00fcr die Wassertiere<\/li>\n\n\n\n<li>zudem wird eine gr\u00f6\u00dfere Anf\u00e4lligkeit f\u00fcr die Parasiten bestehen, der die Nierenwucherungen verursacht.<\/li>\n<\/ul>\n\n\n\n<p class=\"has-text-align-center has-medium-font-size wp-block-paragraph\"><strong><mark style=\"background-color:rgba(0, 0, 0, 0)\" class=\"has-inline-color has-luminous-vivid-orange-color\">Es ist davon auszugehen, dass\u00a0es etwa 20 Jahre brauchen wird, bis der optimale Uferbewuchs f\u00fcr die Bachforelle wieder heranwachsen wird.<\/mark><\/strong><\/p>\n\n\n\n<figure class=\"wp-block-image size-full is-resized\"><img loading=\"lazy\" decoding=\"async\" width=\"546\" height=\"330\" src=\"https:\/\/huberpower.com\/wordpress\/wp-content\/uploads\/2023\/02\/image-77.png\" alt=\"\" class=\"wp-image-24592\" style=\"aspect-ratio:1.654576447748473;width:840px;height:auto\" srcset=\"https:\/\/huberpower.com\/wordpress\/wp-content\/uploads\/2023\/02\/image-77.png 546w, https:\/\/huberpower.com\/wordpress\/wp-content\/uploads\/2023\/02\/image-77-450x272.png 450w\" sizes=\"auto, (max-width: 546px) 100vw, 546px\" \/><\/figure>\n\n\n\n<h2 class=\"wp-block-heading\">Warum wir Ufers\u00e4ume und Hecken brauchen<\/h2>\n\n\n\n<p class=\"wp-block-paragraph\">Ufers\u00e4ume und Hecken sind ein wesentlicher, aber leider bedrohter\u00a0Bestandteil unserer Kulturlandschaft. Als lineare Strukturen charakterisieren und gliedern Sie die freie Landschaft\u00a0oft wie ein Geflecht und schaffen dadurch erlebbare R\u00e4ume und Perspektiven, pr\u00e4gen das Landschaftsbild und erf\u00fcllen wesentliche Funktionen im Naturhaushalt. Ihre Beseitigung bedarf einer vorherigen Anzeige an die Beh\u00f6rde und ist von dieser zu untersagen, wenn dadurch Naturhaushalt oder Landschaft erheblich beeintr\u00e4chtigt w\u00fcrden.<\/p>\n\n\n\n<h3 class=\"wp-block-heading\"><strong>Zur Entstehung von Ufersaum<\/strong><\/h3>\n\n\n\n<p class=\"wp-block-paragraph\">Ufersaum und Hecken mindern die Auswirkungen extremer Witterungsereignisse auf den Naturhaushalt. Der windabschw\u00e4chende Effekt schafft Schutz f\u00fcr Organismen, reduziert die Verdunstung und f\u00fchrt zu einer erh\u00f6hten Bodenfeuchte und damit einem verbesserten Kleinklima. Die Vegetation verhindert Bodenerosion und beg\u00fcnstigt die Retention und Speicherung von Niederschlags- und Oberfl\u00e4chenwasser sowie das Auffangen angewehter Bodenpartikel. Aufgrund tiefer Wurzelsysteme, der Streuablagerung und eines k\u00fchl-feuchteren Mikroklimas kommt es dar\u00fcber hinaus oft zu N\u00e4hrstoffanreicherung und weiterer Bodenneubildung [1]. Durch die Anreicherung von Kohlenstoff in der Biomasse der Hecke und als Humus im Boden, haben Hecken au\u00dferdem ein bedeutendes Potential in Bezug auf den Klimaschutz und die langfristige CO<sub>2<\/sub>-Bindung. Als Langzeitspeicher k\u00f6nnen Hecken pro Hektar fast genauso viel Kohlenstoff aus der Atmosph\u00e4re binden wie W\u00e4lder.<\/p>\n\n\n\n<figure class=\"wp-block-image size-large\"><img loading=\"lazy\" decoding=\"async\" width=\"914\" height=\"1024\" src=\"https:\/\/huberpower.com\/wordpress\/wp-content\/uploads\/2020\/11\/image-4-914x1024.png\" alt=\"\" class=\"wp-image-14140\" srcset=\"https:\/\/huberpower.com\/wordpress\/wp-content\/uploads\/2020\/11\/image-4-914x1024.png 914w, https:\/\/huberpower.com\/wordpress\/wp-content\/uploads\/2020\/11\/image-4-286x320.png 286w, https:\/\/huberpower.com\/wordpress\/wp-content\/uploads\/2020\/11\/image-4.png 1052w\" sizes=\"auto, (max-width: 914px) 100vw, 914px\" \/><\/figure>\n\n\n\n<p class=\"wp-block-paragraph\">Ein Ufersaum entlang unserer Gew\u00e4sser, von denen hier die Rede ist, unterscheiden sich \u00f6kologisch wesentlich von zurechtgestutzten Gartentrends und Schaug\u00e4rten in den Gemeinden. Historisch pflanzte und pflegte die Landbev\u00f6lkerung Hecken entlang von Grundst\u00fccksgrenzen, als \u201elebende Z\u00e4une\u201c zur Viehpferch und nachhaltigen Versorgung mit Brennholz, Laubstreu, Beeren, Fr\u00fcchten, N\u00fcssen und Wildkr\u00e4utern. Unter Mithilfe von V\u00f6geln als wichtige Samenausbreiter (Ornithochorie), entstanden zudem Ufers\u00e4ume und Hecken auf Steinriegeln, die aufgeschichtet wurden, um steinigen \u00c4ckern, Wiesen und Weiden mehr landwirtschaftliche Nutzfl\u00e4che abzuringen.<\/p>\n\n\n\n<h3 class=\"wp-block-heading\"><strong>Bedeutung von Hecken im Artenschutz<\/strong><\/h3>\n\n\n\n<p class=\"wp-block-paragraph\">Historisch bedingt sind die Hecken der freien Landschaft oft sehr arten- und strukturreich. Heute macht sie das zu wichtigen Refugien der Biodiversit\u00e4t, vor allem in intensiven genutzten Landschaften, in denen ansonsten Bl\u00fctenpflanzen f\u00fcr spezialisiertere Wildbienen, Schmetterlinge und andere Best\u00e4uber fehlen w\u00fcrden. Viele Arten ziehen sich dorthin zur\u00fcck. Neben diversen B\u00e4umen und Str\u00e4uchern tr\u00e4gt ein ausgepr\u00e4gter Heckensaum mit extensivem Wiesenstreifen zu den wertvollen Lebensraumbedingungen bei. In optimal entwickelten Hecken kommen dann auch Kleins\u00e4uger, Flederm\u00e4use, V\u00f6gel, Amphibien und Reptilien vor, die \u00fcber das Nahrungsnetz miteinander in Verbindung stehen. Diese Arten nutzen Hecken als Versteck oder f\u00fcr die Fortpflanzung.<\/p>\n\n\n\n<figure class=\"wp-block-image size-large\"><img loading=\"lazy\" decoding=\"async\" width=\"1024\" height=\"701\" src=\"https:\/\/huberpower.com\/wordpress\/wp-content\/uploads\/2019\/11\/image-35-1024x701.png\" alt=\"\" class=\"wp-image-10686\" srcset=\"https:\/\/huberpower.com\/wordpress\/wp-content\/uploads\/2019\/11\/image-35-1024x701.png 1024w, https:\/\/huberpower.com\/wordpress\/wp-content\/uploads\/2019\/11\/image-35-450x308.png 450w, https:\/\/huberpower.com\/wordpress\/wp-content\/uploads\/2019\/11\/image-35-680x466.png 680w, https:\/\/huberpower.com\/wordpress\/wp-content\/uploads\/2019\/11\/image-35.png 1189w\" sizes=\"auto, (max-width: 1024px) 100vw, 1024px\" \/><figcaption class=\"wp-element-caption\">Nicht zuletzt deswegen kommt Ufers\u00e4umen eine wichtige Funktion im Biotopverbund zu. Viele Tiere leben aktiv entlang solcher nat\u00fcrlichen Uferzonen, auch um au\u00dferhalb von diesen gelegene Fortpflanzungs- und Nahrungsst\u00e4tten zu erreichen. Ein Uferzonen Verbund gew\u00e4hrleistet grundlegende \u00f6kologische Beziehungen wie Artenaustausch, Artenausbreitung und Wiederbesiedlung von Biotopen<\/figcaption><\/figure>\n\n\n\n<figure class=\"wp-block-image size-large\"><img loading=\"lazy\" decoding=\"async\" width=\"1024\" height=\"768\" src=\"https:\/\/huberpower.com\/wordpress\/wp-content\/uploads\/2013\/08\/huberpower-100-92-1024x768.jpg\" alt=\"\" class=\"wp-image-3761\" srcset=\"https:\/\/huberpower.com\/wordpress\/wp-content\/uploads\/2013\/08\/huberpower-100-92-1024x768.jpg 1024w, https:\/\/huberpower.com\/wordpress\/wp-content\/uploads\/2013\/08\/huberpower-100-92-300x225.jpg 300w, https:\/\/huberpower.com\/wordpress\/wp-content\/uploads\/2013\/08\/huberpower-100-92-200x150.jpg 200w, https:\/\/huberpower.com\/wordpress\/wp-content\/uploads\/2013\/08\/huberpower-100-92-680x510.jpg 680w, https:\/\/huberpower.com\/wordpress\/wp-content\/uploads\/2013\/08\/huberpower-100-92.jpg 1333w\" sizes=\"auto, (max-width: 1024px) 100vw, 1024px\" \/><\/figure>\n\n\n\n<p class=\"wp-block-paragraph\">Eine intakte Ufervegetation fungiert bei Hochwasser wie ein <strong>nat\u00fcrlicher Sto\u00dfd\u00e4mpfer<\/strong>. Hier sind die drei Hauptmechanismen, wie das funktioniert:<\/p>\n\n\n\n<h3 class=\"wp-block-heading\">Rauigkeit und Flie\u00dfgeschwindigkeitsreduktion<\/h3>\n\n\n\n<p class=\"wp-block-paragraph\">Das ist der wichtigste mechanische Effekt. Ein dicht bewachsener Ufersaum (B\u00e4ume, Str\u00e4ucher, Schilf) erh\u00f6ht die sogenannte &#8222;hydraulische Rauigkeit&#8220;.<\/p>\n\n\n\n<ul class=\"wp-block-list\">\n<li><strong>Der Effekt:<\/strong> Wenn das Wasser \u00fcber die Ufer tritt, muss es sich durch das Dickicht aus St\u00e4mmen und Zweigen dr\u00e4ngen. Das bremst die Flie\u00dfgeschwindigkeit der Wassermassen massiv ab.<\/li>\n\n\n\n<li><strong>Der Nutzen:<\/strong> Je langsamer das Wasser flie\u00dft, desto weniger zerst\u00f6rerische Kraft hat es und desto mehr Zeit hat die Flutwelle, sich in der Fl\u00e4che zu verteilen (&#8222;Abflachung der Hochwasserwelle&#8220;).<\/li>\n<\/ul>\n\n\n\n<h3 class=\"wp-block-heading\">Sedimentation und N\u00e4hrstoffr\u00fcckhalt<\/h3>\n\n\n\n<p class=\"wp-block-paragraph\">Wenn das Wasser durch die Vegetation abgebremst wird, sinkt seine Transportkapazit\u00e4t.<\/p>\n\n\n\n<ul class=\"wp-block-list\">\n<li><strong>Der Effekt:<\/strong> Mitziehender Schlamm, Sand und organische Stoffe lagern sich zwischen den Pflanzen ab, anstatt weiter flussabw\u00e4rts in besiedelte Gebiete getragen zu werden.<\/li>\n\n\n\n<li><strong>Der Nutzen:<\/strong> Das Ufer wird auf nat\u00fcrliche Weise &#8222;aufgeh\u00f6ht&#8220;, und Schadstoffe werden aus dem Wasser gefiltert, bevor sie in den Hauptstrom gelangen.<\/li>\n<\/ul>\n\n\n\n<h3 class=\"wp-block-heading\">Erosionsschutz durch Durchwurzelung<\/h3>\n\n\n\n<p class=\"wp-block-paragraph\">Ein intakter Ufersaum sch\u00fctzt das Ufer davor, bei hohen Flie\u00dfgeschwindigkeiten einfach weggerissen zu werden.<\/p>\n\n\n\n<ul class=\"wp-block-list\">\n<li><strong>Der Effekt:<\/strong> Das dichte Wurzelgeflecht von Weiden, Erlen und Eschen wirkt wie eine Armierung im Boden. Es h\u00e4lt das Erdreich fest zusammen.<\/li>\n\n\n\n<li><strong>Der Nutzen:<\/strong> Es verhindert Uferabbr\u00fcche, die ansonsten wertvolles Land vernichten und flussabw\u00e4rts zu Verklausungen (Verstopfungen an Br\u00fccken durch Treibgut) f\u00fchren k\u00f6nnten.<\/li>\n<\/ul>\n\n\n\n<h3 class=\"wp-block-heading\">Die Synergie aus K\u00fchlung und Hochwasserschutz<\/h3>\n\n\n\n<p class=\"wp-block-paragraph\">Es ist faszinierend, wie sich die Funktionen erg\u00e4nzen:<\/p>\n\n\n\n<ul class=\"wp-block-list\">\n<li><strong>Im Sommer:<\/strong> Die Belaubung k\u00fchlt (wie Sie zuvor erw\u00e4hnt haben) und sch\u00fctzt vor Austrocknung.<\/li>\n\n\n\n<li><strong>Bei Starkregen:<\/strong> Die gleiche Vegetation b\u00e4ndigt die Wassermassen.<\/li>\n<\/ul>\n\n\n\n<p class=\"wp-block-paragraph\"><strong>Ein interessantes Detail am Rande:<\/strong> Man hat festgestellt, dass die <strong>Weide<\/strong> der absolute &#8222;Superstar&#8220; am Ufer ist. Sie kann extremen Wasserdruck aushalten, biegt sich elastisch unter der Flut (was den Widerstand verringert, ohne zu brechen) und schl\u00e4gt nach dem Hochwasser sofort wieder aus, selbst wenn sie komplett mit Sediment bedeckt war.<\/p>\n\n\n\n<h3 class=\"wp-block-heading\">Neupflanzungen von Ufers\u00e4umen f\u00f6rdern<\/h3>\n\n\n\n<p class=\"wp-block-paragraph\">Als Klimaschutzma\u00dfnahme und Artenschutzma\u00dfnahme zur Schaffung eines effektiven landesweiten Biotopverbundes, sind vor allem auch Neupflanzungen von Ufers\u00e4umen an sinnvollen Stellen zu forcieren. Entsprechende finanzielle F\u00f6rderungen sollten sich an den beschriebenen Funktionserf\u00fcllungen bemessen und fair abgegolten werden, sodass f\u00fcr Gemeinden, Anrainer und Bewirtschafter ein ausreichender Anreiz besteht, Hecken und Ufers\u00e4ume als Teil der Kulturlandschaft zu erhalten und somit die Ziele des Naturschutzes erreicht werden k\u00f6nnen. <\/p>\n\n\n\n<h2 class=\"wp-block-heading\"><strong>Fazit<\/strong><\/h2>\n\n\n\n<p class=\"wp-block-paragraph\">Im Sinne einer zeitgem\u00e4\u00dfen Landnutzung, EU-rechtlicher Vorgaben, als auch sozialer und \u00f6kologischer Verantwortlichkeiten\u00a0sind Ufers\u00e4ume prim\u00e4r zu erhalten. Sofern keine besonderen Gr\u00fcnde daf\u00fcr vorliegen, wie z.B. Krankheit, Kontrolle gebietsfremder Baumarten oder Gesundheits- und Sicherheitsbedenken gibt es im Allgemeinen keinen Grund, B\u00e4ume entlang ein Gew\u00e4sser zu f\u00e4llen oder zu entfernen. <\/p>\n\n\n\n<p class=\"has-text-align-center has-medium-font-size wp-block-paragraph\"><strong><mark style=\"background-color:rgba(0, 0, 0, 0)\" class=\"has-inline-color has-luminous-vivid-orange-color\">Bei Diskussionen \u00fcber &#8222;Baumpflege&#8220; beachten Sie bitte, <\/mark><\/strong><br \/><strong><mark style=\"background-color:rgba(0, 0, 0, 0)\" class=\"has-inline-color has-luminous-vivid-orange-color\">&#8222;nur wirklich notwendiges Handeln macht Sinn&#8220;.<\/mark><\/strong><\/p>\n\n\n\n<p class=\"wp-block-paragraph\">Insofern ist das bisher gern ge\u00fcbte&nbsp;<strong>&#8222;Auf-den-Stock-setzen&#8220; der B\u00e4ume<\/strong>, d.h. das Abs\u00e4gen, kritisch zu sehen. Es geht k\u00fcnftiges Altholz verloren, das Insekten, V\u00f6geln und Flederm\u00e4usen und der Vielzahl von Kleintieren wertvollen Lebensraum geboten h\u00e4tte. Au\u00dferdem fehlt so nat\u00fcrlich das&nbsp;<strong>Ausgangsmaterial f\u00fcr das heute intensiv diskutierte,&nbsp; <\/strong><a href=\"http:\/\/www.totholz.de\/\" target=\"_blank\" rel=\"noreferrer noopener\"><strong>wichtige Totholz<\/strong><\/a>&nbsp;als Strukturmaterial im Gew\u00e4sser. Nicht nur die \u00c4stchen und St\u00f6ckchen, sondern vor allem auch langes, dickes Stammmaterial ist f\u00fcr den guten Zustand der Gew\u00e4sser wesentlich.<\/p>\n\n\n\n<h1 class=\"wp-block-heading\">Weitere Informationen<\/h1>\n\n\n\n<p class=\"wp-block-paragraph\"><strong>Neugierig auf mehr? Wissen endet nicht mit dem letzten Punkt.<\/strong> &#8222;Tiefgang statt nur Oberfl\u00e4che: Entdecke die Arbeit und Forschung um unsere Gew\u00e4sser \u2013 mit einem Klick zu unseren exklusiven Insights und modernen Management-Strategien.&#8220;<\/p>\n\n\n\n<figure class=\"wp-block-embed is-type-wp-embed is-provider-fischereimanagement-salzkammergut wp-block-embed-fischereimanagement-salzkammergut\"><div class=\"wp-block-embed__wrapper\">\n<blockquote class=\"wp-embedded-content\" data-secret=\"VZECenMDZo\"><a href=\"https:\/\/huberpower.com\/wordpress\/?p=6910\">RADIKALE UFERSCHLAEGERUNGEN AN DER OBEREN TRAUN<\/a><\/blockquote><iframe loading=\"lazy\" class=\"wp-embedded-content\" sandbox=\"allow-scripts\" security=\"restricted\" style=\"position: absolute; visibility: hidden;\" title=\"&#8222;RADIKALE UFERSCHLAEGERUNGEN AN DER OBEREN TRAUN&#8220; &#8211; Fischereimanagement Salzkammergut\" src=\"https:\/\/huberpower.com\/wordpress\/?p=6910&#038;embed=true#?secret=V9UmiSUN3O#?secret=VZECenMDZo\" data-secret=\"VZECenMDZo\" width=\"600\" height=\"338\" frameborder=\"0\" marginwidth=\"0\" marginheight=\"0\" scrolling=\"no\"><\/iframe>\n<\/div><\/figure>\n\n\n\n<p class=\"wp-block-paragraph\">WRRL &#8211; Wasserrahmenrichtlinien und Umsetzung in \u00d6sterreich:<br \/><a href=\"https:\/\/www.bfw.gv.at\/pressemeldungen\/hitzeflucht-an-heissen-tagen-im-wald-um-5-grad-kuehler\/?utm_campaign=Hier%20l%C3%A4sst%20sich%20die%20Hitze%20am%20besten%20aushalten%20%E2%80%A6&amp;utm_medium=CampaignMail&amp;utm_source=Cambuildr\" target=\"_blank\" rel=\"noreferrer noopener\">Hitzeflucht: An hei\u00dfen Tagen ist es im Wald um 5 \u00b0C k\u00fchler<\/a>, <br \/>Quelle: <strong>Bundesamt f\u00fcr Wald<\/strong><\/p>\n\n\n\n<figure class=\"wp-block-embed is-type-wp-embed is-provider-fischereimanagement-salzkammergut wp-block-embed-fischereimanagement-salzkammergut\"><div class=\"wp-block-embed__wrapper\">\n<blockquote class=\"wp-embedded-content\" data-secret=\"NgZIVuI8wL\"><a href=\"https:\/\/huberpower.com\/wordpress\/?p=39073\">PLATTFORM RENATURIERUNG<\/a><\/blockquote><iframe loading=\"lazy\" class=\"wp-embedded-content\" sandbox=\"allow-scripts\" security=\"restricted\" style=\"position: absolute; visibility: hidden;\" title=\"&#8222;PLATTFORM RENATURIERUNG&#8220; &#8211; Fischereimanagement Salzkammergut\" src=\"https:\/\/huberpower.com\/wordpress\/?p=39073&#038;embed=true#?secret=lgyN66s8Br#?secret=NgZIVuI8wL\" data-secret=\"NgZIVuI8wL\" width=\"600\" height=\"338\" frameborder=\"0\" marginwidth=\"0\" marginheight=\"0\" scrolling=\"no\"><\/iframe>\n<\/div><figcaption class=\"wp-element-caption\"><strong>Gleich vorweg der Hinweis: \u201eDie Verwendung von Textausz\u00fcgen und Abbildungen aus dem Handbuch oder den Bautypenbl\u00e4ttern sowie der Skizzen ist unter Angabe der Quelle gem\u00e4\u00df Standard CC BY-SA 4.0 ausdr\u00fccklich erw\u00fcnscht.\u201c<\/strong>&nbsp;Ebenfalls erw\u00fcnscht ist die Verwendung der Skizzen der Bautypenbl\u00e4tter. Diese sind auf der Website auch separat verf\u00fcgbar. Daher erlaube ich mir, dieses online zur Verf\u00fcgung gestellte Wissen \u00fcber&nbsp;<strong>Strukturierungsma\u00dfnahmen<\/strong>&nbsp;im Wasserbau von der&nbsp;<strong>Wasser-Agenda 21<\/strong>&nbsp;zu \u00fcbernehmen.<br \/>Mit der \u201e<strong>Wasser-Agenda 21<\/strong>\u201c wurde in der Schweiz, auf Initiative verschiedener Kantone, ein Projekt umgesetzt, um die schweizweiten dezentral vorhandenen Erfahrungen \u00fcber Strukturierungsma\u00dfnahmen zusammentragen und zu dokumentieren. Die Sammlung von Wissen und von Erfahrungen zu diesen Thema scheint in der Schweiz wichtig zu sein und auch f\u00fcr mich, als Laie im Wasserbau und als Fischer und Gew\u00e4sserbewirtschafter gibt es eine \u201e<strong>Wissensdatenbank<\/strong>\u201e, die einen sehr guten \u00dcberblick \u00fcber verschiedene Methoden und Beispiele f\u00fcr&nbsp;<strong>Strukturierungsma\u00dfnahmen<\/strong>&nbsp;dokumentiert und zusammenfasst.<\/figcaption><\/figure>\n\n\n\n<figure class=\"wp-block-embed is-type-wp-embed is-provider-fischereimanagement-salzkammergut wp-block-embed-fischereimanagement-salzkammergut\"><div class=\"wp-block-embed__wrapper\">\n<blockquote class=\"wp-embedded-content\" data-secret=\"MmVV59MK0W\"><a href=\"https:\/\/huberpower.com\/wordpress\/?p=34980\">WASSER WIRD WENIGER<\/a><\/blockquote><iframe loading=\"lazy\" class=\"wp-embedded-content\" sandbox=\"allow-scripts\" security=\"restricted\" style=\"position: absolute; visibility: hidden;\" title=\"&#8222;WASSER WIRD WENIGER&#8220; &#8211; Fischereimanagement Salzkammergut\" src=\"https:\/\/huberpower.com\/wordpress\/?p=34980&#038;embed=true#?secret=bn4maRLKre#?secret=MmVV59MK0W\" data-secret=\"MmVV59MK0W\" width=\"600\" height=\"338\" frameborder=\"0\" marginwidth=\"0\" marginheight=\"0\" scrolling=\"no\"><\/iframe>\n<\/div><figcaption class=\"wp-element-caption\">Wasser ist zur Zeit in aller Munde. Das Wasser in unseren Gew\u00e4ssern im Salzkammergut wird seit Jahren immer w\u00e4rmer. Die hei\u00dfen Lufttemperaturen allein reichen als Erkl\u00e4rung nicht. Wobei das Jahr 2024 f\u00fcr die Bergfl\u00fcsse ein gutes war: Es gab in kurzen Abst\u00e4nden immer wieder Regen, und weil es im April in den Bergen noch ausgiebig geschneit hatte, floss auch viel k\u00fchles Schmelzwasser in die Gew\u00e4sser.<\/figcaption><\/figure>\n\n\n\n<figure class=\"wp-block-embed is-type-wp-embed is-provider-fischereimanagement-salzkammergut wp-block-embed-fischereimanagement-salzkammergut\"><div class=\"wp-block-embed__wrapper\">\n<blockquote class=\"wp-embedded-content\" data-secret=\"x9fe4BCMct\"><a href=\"https:\/\/huberpower.com\/wordpress\/?p=27822\">PUFFERSTREIFEN VERORDNUNG GL\u00d6TZ 4<\/a><\/blockquote><iframe loading=\"lazy\" class=\"wp-embedded-content\" sandbox=\"allow-scripts\" security=\"restricted\" style=\"position: absolute; visibility: hidden;\" title=\"&#8222;PUFFERSTREIFEN VERORDNUNG GL\u00d6TZ 4&#8220; &#8211; Fischereimanagement Salzkammergut\" src=\"https:\/\/huberpower.com\/wordpress\/?p=27822&#038;embed=true#?secret=5VWrHnGqIO#?secret=x9fe4BCMct\" data-secret=\"x9fe4BCMct\" width=\"600\" height=\"338\" frameborder=\"0\" marginwidth=\"0\" marginheight=\"0\" scrolling=\"no\"><\/iframe>\n<\/div><figcaption class=\"wp-element-caption\">Einer der gr\u00f6\u00dften Einfl\u00fcsse auf die Gesundheit eines Baches oder Flusses ist die Vegetation an seinen Ufern.&nbsp;Der Vegetationsstreifen entlang eines Gew\u00e4ssers wird Uferpuffer genannt.&nbsp;Puffer spielen zahlreiche wichtige Rollen f\u00fcr den Fluss, die Tierwelt und die menschlichen Gemeinschaften.<br \/><strong>Endlich wurden zum Schutz der Uferrandstreifen auch rechtlichen Bestimmungen mit der Nitrat Aktionsprogramm Verordnung (NAPV)) als auch F\u00f6rderrichtlinien im Rahmen der Gemeinsamen Agrarpolitik (GAP) zum Anlegen und zur Erhaltung entlang von Gew\u00e4ssern geschaffen.<\/strong>&nbsp;Mit der Novelle des Nitrataktionsprogramms (NAPV) gelten ab 2023 strengere Auflagen bei der Bewirtschaftung von Fl\u00e4chen neben Gew\u00e4ssern.&nbsp;<\/figcaption><\/figure>\n\n\n\n<h2 class=\"wp-block-heading\"><strong>Hashtag<\/strong><\/h2>\n\n\n\n<p class=\"wp-block-paragraph\">Unsere Hashtags als zentrales Markierungswerkzeug, um in sozialen Netzwerken (Facebook, Instagram, X, TikTok) Inhalte zu kategorisieren, durchsuchbar zu machen und die Reichweite zu erh\u00f6hen. Es soll helfen Beitr\u00e4ge thematisch zu sortieren und fungiert dazu, Trends und Interessen zu wecken.<\/p>\n\n\n\n<p class=\"wp-block-paragraph\">#Fischereirevier #FROSKG #Salzkammergut #Fischerei #Artenschutz #Traun #Miesenbachm\u00fchle #Naturerbe #Nachhaltigkeit #Fischzucht #WildKultur-Fisch #huberpower #Fischereimanagement #Ufersaum #Lebensraum #Klimaschutz #Klimawandel #Renaturierung <\/p>\n\n\n\n&nbsp;<p style=\"text-align: center;\"><strong><span style=\"color: #99cc00;\">&#8222;Die Natur zu sch\u00fctzen, hei\u00dft nicht, die Zeit anzuhalten, sondern dem Leben den Raum zur\u00fcckzugeben,<\/span><\/strong><\/p><p style=\"text-align: center;\"><strong><span style=\"color: #99cc00;\"> den es zur Entfaltung braucht. Jede Renaturierung ist ein Versprechen an die Generationen von morgen.&#8220;<\/span><\/strong><\/p><p style=\"text-align: center;\">\nFrei nach dem Gedanken des \u00f6kologischen Gleichgewichts. <\/p><p>&nbsp;<\/p>\n<p style=\"text-align: center;\"><img loading=\"lazy\" decoding=\"async\" class=\"aligncenter size-full wp-image-121\" title=\"20080303_17463_Home 250x Fisherman is Home_3333_bearbeitet-1\" src=\"https:\/\/huberpower.com\/wordpress\/wp-content\/uploads\/2012\/07\/20080303_17463_Home-250x-Fisherman-is-Home_3333_bearbeitet-1.jpg\" alt=\"\" width=\"208\" height=\"243\"\/><\/p>&nbsp;\n\n\n\n<p class=\"wp-block-paragraph\"><\/p>\n","protected":false},"excerpt":{"rendered":"<p>Der Ufersaum ist weit mehr als nur eine h\u00fcbsche Kulisse; er fungiert quasi als die nat\u00fcrliche Klimaanlage unserer \u00d6kosysteme. Der Juli hat uns mit seinen Hitzewellen ganz sch\u00f6n ins Schwitzen&#8230; <a class=\"read-more\" href=\"https:\/\/huberpower.com\/wordpress\/?p=7013\">[Weiterlesen]<\/a><\/p>\n","protected":false},"author":4,"featured_media":21907,"comment_status":"closed","ping_status":"open","sticky":false,"template":"","format":"standard","meta":{"_crdt_document":"","footnotes":""},"categories":[18,484,197,523,229,495,123,244,200,246,99,210,512,511,122,90],"tags":[],"class_list":["post-7013","post","type-post","status-publish","format-standard","has-post-thumbnail","hentry","category-bewirtschaftung","category-dokumentation","category-ffh-richtlinie","category-hot-spot-gewaesser","category-klima","category-lebensraumverbesserung","category-oekologischer-zustand","category-pufferstreifen","category-revitalisierung","category-todholz","category-ufersaum-ist-lebensraum","category-umweltschaeden","category-umweltschutz","category-umweltwiederherstellung","category-wasserrahmenrichtlinie","category-wrrl"],"_links":{"self":[{"href":"https:\/\/huberpower.com\/wordpress\/index.php?rest_route=\/wp\/v2\/posts\/7013","targetHints":{"allow":["GET"]}}],"collection":[{"href":"https:\/\/huberpower.com\/wordpress\/index.php?rest_route=\/wp\/v2\/posts"}],"about":[{"href":"https:\/\/huberpower.com\/wordpress\/index.php?rest_route=\/wp\/v2\/types\/post"}],"author":[{"embeddable":true,"href":"https:\/\/huberpower.com\/wordpress\/index.php?rest_route=\/wp\/v2\/users\/4"}],"replies":[{"embeddable":true,"href":"https:\/\/huberpower.com\/wordpress\/index.php?rest_route=%2Fwp%2Fv2%2Fcomments&post=7013"}],"version-history":[{"count":20,"href":"https:\/\/huberpower.com\/wordpress\/index.php?rest_route=\/wp\/v2\/posts\/7013\/revisions"}],"predecessor-version":[{"id":43968,"href":"https:\/\/huberpower.com\/wordpress\/index.php?rest_route=\/wp\/v2\/posts\/7013\/revisions\/43968"}],"wp:featuredmedia":[{"embeddable":true,"href":"https:\/\/huberpower.com\/wordpress\/index.php?rest_route=\/wp\/v2\/media\/21907"}],"wp:attachment":[{"href":"https:\/\/huberpower.com\/wordpress\/index.php?rest_route=%2Fwp%2Fv2%2Fmedia&parent=7013"}],"wp:term":[{"taxonomy":"category","embeddable":true,"href":"https:\/\/huberpower.com\/wordpress\/index.php?rest_route=%2Fwp%2Fv2%2Fcategories&post=7013"},{"taxonomy":"post_tag","embeddable":true,"href":"https:\/\/huberpower.com\/wordpress\/index.php?rest_route=%2Fwp%2Fv2%2Ftags&post=7013"}],"curies":[{"name":"wp","href":"https:\/\/api.w.org\/{rel}","templated":true}]}}