{"id":5362,"date":"2014-11-08T20:00:00","date_gmt":"2014-11-08T19:00:00","guid":{"rendered":"http:\/\/huberpower.com\/wordpress\/?p=5362"},"modified":"2024-03-25T14:05:17","modified_gmt":"2024-03-25T13:05:17","slug":"5362","status":"publish","type":"post","link":"https:\/\/huberpower.com\/wordpress\/?p=5362","title":{"rendered":"SCHAUMBAD SULZBACH"},"content":{"rendered":"\n<p class=\"wp-block-paragraph\">Am Samstag, 8. November 2014 \u2013 Gefahr f\u00fcr Bachforellenprojekt? Am Samstag entdeckten die f\u00fcr die Obere Traun Reviere zust\u00e4ndigen Fischereiaufseher im unteren Sulzbach, eine starke Schaumbildung. Sofort wurde die Polizei verst\u00e4ndigt und Wasserproben genommen und versucht die Verursacher dieser Umweltverschmutzung festzustellen. Flussaufw\u00e4rts waren die Schaumkronen bis oberhalb von Reiterndorf zu verfolgen. Ob durch einen vermutlichen Schadstoffeintrag Fische verenden, steht noch nicht fest. Der Fischeip\u00e4chter, der seit Jahren ein Ansiedlungsprojekt f\u00fcr die an der Ischler Traun ausgestorbenen Bachforellen betreut, kann sich durchaus vorstellen, dass die noch empfindlichen Jungfische im Aufzuchtgew\u00e4sser Sulzbach ein solcher Schub von schaumbildenten Stoffen nicht verkraften und mit einer gewissen zeitlichen Verz\u00f6gerung verenden. Das wird sich im Fr\u00fchjahr herausstellen, wenn die Bachforellen im Sulzbach Abschnittsweise mit Elektrobefischung bet\u00e4ubt und gez\u00e4hlt werden. Sollten in den n\u00e4chsten Tagen tote Fische im Sulzbach auftauchen, wird Anzeige erstattet werden. Es handelt sich hierbei schlie\u00dflich um einen ernst zu nehmenden Unfall.<\/p>\n\n\n<div class=\"wp-block-image\">\n<figure class=\"aligncenter\"><a href=\"https:\/\/huberpower.com\/wordpress\/wp-content\/uploads\/2014\/11\/2014-11-08-598.jpg\"><img loading=\"lazy\" decoding=\"async\" width=\"4000\" height=\"2248\" src=\"https:\/\/huberpower.com\/wordpress\/wp-content\/uploads\/2014\/11\/2014-11-08-598.jpg\" alt=\"2014-11-08-598\" class=\"wp-image-5365\" srcset=\"https:\/\/huberpower.com\/wordpress\/wp-content\/uploads\/2014\/11\/2014-11-08-598.jpg 4000w, https:\/\/huberpower.com\/wordpress\/wp-content\/uploads\/2014\/11\/2014-11-08-598-300x168.jpg 300w, https:\/\/huberpower.com\/wordpress\/wp-content\/uploads\/2014\/11\/2014-11-08-598-1024x575.jpg 1024w, https:\/\/huberpower.com\/wordpress\/wp-content\/uploads\/2014\/11\/2014-11-08-598-680x382.jpg 680w\" sizes=\"auto, (max-width: 4000px) 100vw, 4000px\" \/><\/a><\/figure>\n<\/div>\n\n\n<p class=\"wp-block-paragraph\">Hier im M\u00fcndungsbereich des Sulzbach in die Traun war die Schaumbildung um 12.10 Uhr festgestellt worden. Der Zeitpunkt des Beginns d\u00fcrfte im unteren Bereich so um 12.00 Uhr gewesen sein. Dh. eine Einleitung im oberen Sulzbach kann durchaus Zeitversetzt um 1-2 Stunden erfolgt sein.<\/p>\n\n\n<div class=\"wp-block-image\">\n<figure class=\"aligncenter\"><a href=\"https:\/\/huberpower.com\/wordpress\/wp-content\/uploads\/2014\/11\/2014-11-08-599.jpg\"><img loading=\"lazy\" decoding=\"async\" width=\"4000\" height=\"2248\" src=\"https:\/\/huberpower.com\/wordpress\/wp-content\/uploads\/2014\/11\/2014-11-08-599.jpg\" alt=\"2014-11-08-599\" class=\"wp-image-5366\" srcset=\"https:\/\/huberpower.com\/wordpress\/wp-content\/uploads\/2014\/11\/2014-11-08-599.jpg 4000w, https:\/\/huberpower.com\/wordpress\/wp-content\/uploads\/2014\/11\/2014-11-08-599-300x168.jpg 300w, https:\/\/huberpower.com\/wordpress\/wp-content\/uploads\/2014\/11\/2014-11-08-599-1024x575.jpg 1024w, https:\/\/huberpower.com\/wordpress\/wp-content\/uploads\/2014\/11\/2014-11-08-599-680x382.jpg 680w\" sizes=\"auto, (max-width: 4000px) 100vw, 4000px\" \/><\/a><\/figure>\n<\/div>\n\n\n<p class=\"wp-block-paragraph\">Bei der Polizei wurde der Vorfall gemeldet und Wasserproben entnommen und ebenfalls Foto anfertigte.<\/p>\n\n\n<div class=\"wp-block-image\">\n<figure class=\"aligncenter\"><a href=\"https:\/\/huberpower.com\/wordpress\/wp-content\/uploads\/2014\/11\/2014-11-08-601.jpg\"><img loading=\"lazy\" decoding=\"async\" width=\"4000\" height=\"2248\" src=\"https:\/\/huberpower.com\/wordpress\/wp-content\/uploads\/2014\/11\/2014-11-08-601.jpg\" alt=\"2014-11-08-601\" class=\"wp-image-5367\" srcset=\"https:\/\/huberpower.com\/wordpress\/wp-content\/uploads\/2014\/11\/2014-11-08-601.jpg 4000w, https:\/\/huberpower.com\/wordpress\/wp-content\/uploads\/2014\/11\/2014-11-08-601-300x168.jpg 300w, https:\/\/huberpower.com\/wordpress\/wp-content\/uploads\/2014\/11\/2014-11-08-601-1024x575.jpg 1024w, https:\/\/huberpower.com\/wordpress\/wp-content\/uploads\/2014\/11\/2014-11-08-601-680x382.jpg 680w\" sizes=\"auto, (max-width: 4000px) 100vw, 4000px\" \/><\/a><\/figure>\n<\/div>\n\n\n<p class=\"wp-block-paragraph\"><strong>Gew\u00e4sserkontrolle permanent auf Patrouille<\/strong><\/p>\n\n\n<div class=\"wp-block-image\">\n<figure class=\"aligncenter\"><a href=\"https:\/\/huberpower.com\/wordpress\/wp-content\/uploads\/2014\/11\/huberpower-20141.jpg\"><img loading=\"lazy\" decoding=\"async\" width=\"1616\" height=\"618\" src=\"https:\/\/huberpower.com\/wordpress\/wp-content\/uploads\/2014\/11\/huberpower-20141.jpg\" alt=\"huberpower-2014\" class=\"wp-image-5378\" srcset=\"https:\/\/huberpower.com\/wordpress\/wp-content\/uploads\/2014\/11\/huberpower-20141.jpg 1616w, https:\/\/huberpower.com\/wordpress\/wp-content\/uploads\/2014\/11\/huberpower-20141-300x114.jpg 300w, https:\/\/huberpower.com\/wordpress\/wp-content\/uploads\/2014\/11\/huberpower-20141-1024x391.jpg 1024w, https:\/\/huberpower.com\/wordpress\/wp-content\/uploads\/2014\/11\/huberpower-20141-680x260.jpg 680w\" sizes=\"auto, (max-width: 1616px) 100vw, 1616px\" \/><\/a><\/figure>\n<\/div>\n\n\n<h2 class=\"wp-block-heading\"><strong>Fischereischutzorgane im Revier<\/strong><\/h2>\n\n\n\n<p class=\"wp-block-paragraph\">Erfreulich ist, dass unser Gew\u00e4sser\u00fcberkontrolle recht exakt funktioniert. Unsere Fischereischutzorgane sind am Gew\u00e4sser unterwegs und so konnte zeitgleich von zwei unserer Beobachter die auf Patrouille am Gew\u00e4sser unterwegs waren, diese Umweltverschmutzung beobachtet und gemeldet werden. <strong><mark style=\"background-color:rgba(0, 0, 0, 0)\" class=\"has-inline-color has-luminous-vivid-orange-color\">Dank an diese ehrenamtlich t\u00e4tigen Personen die zum Schutz unserer Gew\u00e4sser und Fische als beh\u00f6rdlich beeidete Fischereischutzorgane im Fischereirevier &#8222;Oberes Salzkammergut&#8220; unterwegs sind. <\/mark><\/strong><\/p>\n\n\n<div class=\"wp-block-image\">\n<figure class=\"aligncenter\"><a href=\"https:\/\/huberpower.com\/wordpress\/wp-content\/uploads\/2014\/11\/huberpower-8_11_14_A0002.jpg\"><img loading=\"lazy\" decoding=\"async\" width=\"1280\" height=\"960\" src=\"https:\/\/huberpower.com\/wordpress\/wp-content\/uploads\/2014\/11\/huberpower-8_11_14_A0002.jpg\" alt=\"huberpower-8_11_14_A0002\" class=\"wp-image-5368\" srcset=\"https:\/\/huberpower.com\/wordpress\/wp-content\/uploads\/2014\/11\/huberpower-8_11_14_A0002.jpg 1280w, https:\/\/huberpower.com\/wordpress\/wp-content\/uploads\/2014\/11\/huberpower-8_11_14_A0002-300x225.jpg 300w, https:\/\/huberpower.com\/wordpress\/wp-content\/uploads\/2014\/11\/huberpower-8_11_14_A0002-1024x768.jpg 1024w, https:\/\/huberpower.com\/wordpress\/wp-content\/uploads\/2014\/11\/huberpower-8_11_14_A0002-200x150.jpg 200w, https:\/\/huberpower.com\/wordpress\/wp-content\/uploads\/2014\/11\/huberpower-8_11_14_A0002-680x510.jpg 680w\" sizes=\"auto, (max-width: 1280px) 100vw, 1280px\" \/><\/a><\/figure>\n<\/div>\n\n\n<p class=\"wp-block-paragraph\">Die Schaumbildung war bis Reiterndorf zu beobachten!<\/p>\n\n\n<div class=\"wp-block-image\">\n<figure class=\"aligncenter\"><a href=\"https:\/\/huberpower.com\/wordpress\/wp-content\/uploads\/2014\/11\/huberpower-2014_A0004.jpg\"><img loading=\"lazy\" decoding=\"async\" width=\"1154\" height=\"866\" src=\"https:\/\/huberpower.com\/wordpress\/wp-content\/uploads\/2014\/11\/huberpower-2014_A0004.jpg\" alt=\"huberpower-2014_A0004\" class=\"wp-image-5369\" srcset=\"https:\/\/huberpower.com\/wordpress\/wp-content\/uploads\/2014\/11\/huberpower-2014_A0004.jpg 1154w, https:\/\/huberpower.com\/wordpress\/wp-content\/uploads\/2014\/11\/huberpower-2014_A0004-300x225.jpg 300w, https:\/\/huberpower.com\/wordpress\/wp-content\/uploads\/2014\/11\/huberpower-2014_A0004-1024x768.jpg 1024w, https:\/\/huberpower.com\/wordpress\/wp-content\/uploads\/2014\/11\/huberpower-2014_A0004-200x150.jpg 200w, https:\/\/huberpower.com\/wordpress\/wp-content\/uploads\/2014\/11\/huberpower-2014_A0004-680x510.jpg 680w\" sizes=\"auto, (max-width: 1154px) 100vw, 1154px\" \/><\/a><\/figure>\n<\/div>\n\n\n<p class=\"wp-block-paragraph\">In den unteren Sulzbach Kaskaden waren die Aufwirbelungen und damit die Schaumbildung etwas geringer.<\/p>\n\n\n<div class=\"wp-block-image\">\n<figure class=\"aligncenter\"><a href=\"https:\/\/huberpower.com\/wordpress\/wp-content\/uploads\/2014\/11\/IMG-20141108-WA0001.jpg\"><img loading=\"lazy\" decoding=\"async\" width=\"960\" height=\"1280\" src=\"https:\/\/huberpower.com\/wordpress\/wp-content\/uploads\/2014\/11\/IMG-20141108-WA0001.jpg\" alt=\"IMG-20141108-WA0001\" class=\"wp-image-5370\" srcset=\"https:\/\/huberpower.com\/wordpress\/wp-content\/uploads\/2014\/11\/IMG-20141108-WA0001.jpg 960w, https:\/\/huberpower.com\/wordpress\/wp-content\/uploads\/2014\/11\/IMG-20141108-WA0001-225x300.jpg 225w, https:\/\/huberpower.com\/wordpress\/wp-content\/uploads\/2014\/11\/IMG-20141108-WA0001-768x1024.jpg 768w, https:\/\/huberpower.com\/wordpress\/wp-content\/uploads\/2014\/11\/IMG-20141108-WA0001-680x906.jpg 680w\" sizes=\"auto, (max-width: 960px) 100vw, 960px\" \/><\/a><\/figure>\n<\/div>\n\n\n<p class=\"wp-block-paragraph\">Im unteren Bereich bei der Fischaufstiegshilfe war die st\u00e4rkste Schaumbildung zu beobachten.<\/p>\n\n\n<div class=\"wp-block-image\">\n<figure class=\"aligncenter\"><a href=\"https:\/\/huberpower.com\/wordpress\/wp-content\/uploads\/2014\/11\/IMG-20141108-WA0002.jpg\"><img loading=\"lazy\" decoding=\"async\" width=\"1280\" height=\"960\" src=\"https:\/\/huberpower.com\/wordpress\/wp-content\/uploads\/2014\/11\/IMG-20141108-WA0002.jpg\" alt=\"IMG-20141108-WA0002\" class=\"wp-image-5371\" srcset=\"https:\/\/huberpower.com\/wordpress\/wp-content\/uploads\/2014\/11\/IMG-20141108-WA0002.jpg 1280w, https:\/\/huberpower.com\/wordpress\/wp-content\/uploads\/2014\/11\/IMG-20141108-WA0002-300x225.jpg 300w, https:\/\/huberpower.com\/wordpress\/wp-content\/uploads\/2014\/11\/IMG-20141108-WA0002-1024x768.jpg 1024w, https:\/\/huberpower.com\/wordpress\/wp-content\/uploads\/2014\/11\/IMG-20141108-WA0002-200x150.jpg 200w, https:\/\/huberpower.com\/wordpress\/wp-content\/uploads\/2014\/11\/IMG-20141108-WA0002-680x510.jpg 680w\" sizes=\"auto, (max-width: 1280px) 100vw, 1280px\" \/><\/a><\/figure>\n<\/div>\n\n\n<p class=\"wp-block-paragraph\">Hier im unteren Sulzbach Bereich, am Samstag, 8. November 2014 um 12:10 Uhr, unmittelbar vor der Einm\u00fcndung in die Traun.<\/p>\n\n\n<div class=\"wp-block-image\">\n<figure class=\"aligncenter\"><a href=\"https:\/\/huberpower.com\/wordpress\/wp-content\/uploads\/2014\/11\/sulzbach.jpg\"><img loading=\"lazy\" decoding=\"async\" width=\"4000\" height=\"2248\" src=\"https:\/\/huberpower.com\/wordpress\/wp-content\/uploads\/2014\/11\/sulzbach.jpg\" alt=\"sulzbach\" class=\"wp-image-5372\" srcset=\"https:\/\/huberpower.com\/wordpress\/wp-content\/uploads\/2014\/11\/sulzbach.jpg 4000w, https:\/\/huberpower.com\/wordpress\/wp-content\/uploads\/2014\/11\/sulzbach-300x168.jpg 300w, https:\/\/huberpower.com\/wordpress\/wp-content\/uploads\/2014\/11\/sulzbach-1024x575.jpg 1024w, https:\/\/huberpower.com\/wordpress\/wp-content\/uploads\/2014\/11\/sulzbach-680x382.jpg 680w\" sizes=\"auto, (max-width: 4000px) 100vw, 4000px\" \/><\/a><\/figure>\n<\/div>\n\n\n<h2 class=\"wp-block-heading\"><strong>Bachforellen Laichzeit<\/strong><\/h2>\n\n\n\n<p class=\"wp-block-paragraph\">Der Sulzbach ist, wie auch in anderen Berichten in meinen Blog bereits dokumetiert, einer der wichtigen Aufzuchtgew\u00e4sser zur nat\u00fcrlichen Entwicklung von autochthone Bachforellen, deren Ursprung und Gene auf die ausgestorbene &#8222;Ischler Traun Bachforelle&#8220; zur\u00fcckgeht. Daher haben Umweltsch\u00e4digungen im Sulzbach katastrophale Auswirkungen auf dieses bereits mit viel Aufwand betrieben Projekt.<\/p>\n\n\n<div class=\"wp-block-image\">\n<figure class=\"aligncenter\"><a href=\"https:\/\/huberpower.com\/wordpress\/wp-content\/uploads\/2014\/11\/huberpower-2014-21.jpg\"><img loading=\"lazy\" decoding=\"async\" width=\"1513\" height=\"660\" src=\"https:\/\/huberpower.com\/wordpress\/wp-content\/uploads\/2014\/11\/huberpower-2014-21.jpg\" alt=\"huberpower-2014-2\" class=\"wp-image-5387\" srcset=\"https:\/\/huberpower.com\/wordpress\/wp-content\/uploads\/2014\/11\/huberpower-2014-21.jpg 1513w, https:\/\/huberpower.com\/wordpress\/wp-content\/uploads\/2014\/11\/huberpower-2014-21-300x130.jpg 300w, https:\/\/huberpower.com\/wordpress\/wp-content\/uploads\/2014\/11\/huberpower-2014-21-1024x446.jpg 1024w, https:\/\/huberpower.com\/wordpress\/wp-content\/uploads\/2014\/11\/huberpower-2014-21-680x296.jpg 680w\" sizes=\"auto, (max-width: 1513px) 100vw, 1513px\" \/><\/a><\/figure>\n<\/div>\n\n\n<p class=\"wp-block-paragraph\"><strong><mark style=\"background-color:rgba(0, 0, 0, 0)\" class=\"has-inline-color has-luminous-vivid-orange-color\">Auch wenn durch die Schaumbildung nicht unmittelbar ein Fischsterben zu beobachten gewesen war, ist durch die Einbringungen von Schadstoffen, die eine Ver\u00e4nderung der Wasser Parameter verursachen, eine Sch\u00e4digung der Fischeier bis zu einem gesamten Ausfall eines ganzen Jahrganges. Leider sind diese Auswirkungen erst immer Zeitversetzt zu pr\u00fcfen. Jedoch der Schaden kann unsere Bachforellen Entwicklungsprojekt zur Ansiedelung der Bachforelle in die Ischler Traun um Jahre zur\u00fcckwerfen.<\/mark><\/strong><\/p>\n\n\n\n<h2 class=\"wp-block-heading\">Weitere Informationen<\/h2>\n\n\n\n<figure class=\"wp-block-embed is-type-wp-embed is-provider-fischereimanagement-salzkammergut wp-block-embed-fischereimanagement-salzkammergut\"><div class=\"wp-block-embed__wrapper\">\n<blockquote class=\"wp-embedded-content\" data-secret=\"XyDrRmTcSX\"><a href=\"https:\/\/huberpower.com\/wordpress\/?p=3430\">NOTABFISCHUNG SULZBACH 2013<\/a><\/blockquote><iframe loading=\"lazy\" class=\"wp-embedded-content\" sandbox=\"allow-scripts\" security=\"restricted\" style=\"position: absolute; clip: rect(1px, 1px, 1px, 1px);\" title=\"&#8222;NOTABFISCHUNG SULZBACH 2013&#8220; &#8212; Fischereimanagement Salzkammergut\" src=\"https:\/\/huberpower.com\/wordpress\/?p=3430&#038;embed=true#?secret=Sxqvw4XezK#?secret=XyDrRmTcSX\" data-secret=\"XyDrRmTcSX\" width=\"600\" height=\"338\" frameborder=\"0\" marginwidth=\"0\" marginheight=\"0\" scrolling=\"no\"><\/iframe>\n<\/div><\/figure>\n\n\n\n<figure class=\"wp-block-embed is-type-wp-embed is-provider-fischereimanagement-salzkammergut wp-block-embed-fischereimanagement-salzkammergut\"><div class=\"wp-block-embed__wrapper\">\n<blockquote class=\"wp-embedded-content\" data-secret=\"T58smsRpGk\"><a href=\"https:\/\/huberpower.com\/wordpress\/?p=2406\">MANKO SULZBACH<\/a><\/blockquote><iframe loading=\"lazy\" class=\"wp-embedded-content\" sandbox=\"allow-scripts\" security=\"restricted\" style=\"position: absolute; clip: rect(1px, 1px, 1px, 1px);\" title=\"&#8222;MANKO SULZBACH&#8220; &#8212; Fischereimanagement Salzkammergut\" src=\"https:\/\/huberpower.com\/wordpress\/?p=2406&#038;embed=true#?secret=KKXflmcdb0#?secret=T58smsRpGk\" data-secret=\"T58smsRpGk\" width=\"600\" height=\"338\" frameborder=\"0\" marginwidth=\"0\" marginheight=\"0\" scrolling=\"no\"><\/iframe>\n<\/div><\/figure>\n\n\n\n<p style=\"text-align: center;\"><strong><span style=\"color: #99cc00;\">\u201eAn allem Unfug, der passiert, sind nicht etwa nur die schuld, die ihn tun, sondern auch die, die ihn nicht verhindern.\u201c\n<\/span><\/strong><\/p><p style=\"text-align: center;\">Zitat von: Erich K\u00e4stner <\/p>\n<p style=\"text-align: center;\"><\/p>\n&nbsp;\n","protected":false},"excerpt":{"rendered":"<p>Am Samstag, 8. November 2014 \u2013 Gefahr f\u00fcr Bachforellenprojekt? Am Samstag entdeckten die f\u00fcr die Obere Traun Reviere zust\u00e4ndigen Fischereiaufseher im unteren Sulzbach, eine starke Schaumbildung. Sofort wurde die Polizei&#8230; <a class=\"read-more\" href=\"https:\/\/huberpower.com\/wordpress\/?p=5362\">[Weiterlesen]<\/a><\/p>\n","protected":false},"author":2,"featured_media":5372,"comment_status":"closed","ping_status":"closed","sticky":false,"template":"","format":"standard","meta":{"_crdt_document":"","footnotes":""},"categories":[224,74,192,76,104,33,123,19,210],"tags":[],"class_list":["post-5362","post","type-post","status-publish","format-standard","has-post-thumbnail","hentry","category-bach","category-bachforelle","category-dam-removal","category-fischschutz","category-fischsterben","category-ischler-traun","category-oekologischer-zustand","category-sulzbach","category-umweltschaeden"],"_links":{"self":[{"href":"https:\/\/huberpower.com\/wordpress\/index.php?rest_route=\/wp\/v2\/posts\/5362","targetHints":{"allow":["GET"]}}],"collection":[{"href":"https:\/\/huberpower.com\/wordpress\/index.php?rest_route=\/wp\/v2\/posts"}],"about":[{"href":"https:\/\/huberpower.com\/wordpress\/index.php?rest_route=\/wp\/v2\/types\/post"}],"author":[{"embeddable":true,"href":"https:\/\/huberpower.com\/wordpress\/index.php?rest_route=\/wp\/v2\/users\/2"}],"replies":[{"embeddable":true,"href":"https:\/\/huberpower.com\/wordpress\/index.php?rest_route=%2Fwp%2Fv2%2Fcomments&post=5362"}],"version-history":[{"count":2,"href":"https:\/\/huberpower.com\/wordpress\/index.php?rest_route=\/wp\/v2\/posts\/5362\/revisions"}],"predecessor-version":[{"id":30980,"href":"https:\/\/huberpower.com\/wordpress\/index.php?rest_route=\/wp\/v2\/posts\/5362\/revisions\/30980"}],"wp:featuredmedia":[{"embeddable":true,"href":"https:\/\/huberpower.com\/wordpress\/index.php?rest_route=\/wp\/v2\/media\/5372"}],"wp:attachment":[{"href":"https:\/\/huberpower.com\/wordpress\/index.php?rest_route=%2Fwp%2Fv2%2Fmedia&parent=5362"}],"wp:term":[{"taxonomy":"category","embeddable":true,"href":"https:\/\/huberpower.com\/wordpress\/index.php?rest_route=%2Fwp%2Fv2%2Fcategories&post=5362"},{"taxonomy":"post_tag","embeddable":true,"href":"https:\/\/huberpower.com\/wordpress\/index.php?rest_route=%2Fwp%2Fv2%2Ftags&post=5362"}],"curies":[{"name":"wp","href":"https:\/\/api.w.org\/{rel}","templated":true}]}}