{"id":4721,"date":"2014-07-03T21:56:15","date_gmt":"2014-07-03T19:56:15","guid":{"rendered":"http:\/\/huberpower.com\/wordpress\/?p=4721"},"modified":"2024-10-01T01:02:19","modified_gmt":"2024-09-30T23:02:19","slug":"regenbogenforellen-besatz-2014","status":"publish","type":"post","link":"https:\/\/huberpower.com\/wordpress\/?p=4721","title":{"rendered":"REGENBOGENFORELLEN BESATZ 2014"},"content":{"rendered":"\n<p class=\"wp-block-paragraph\">Die Regenbogenforelle (Oncorhynchus mykiss) ist ein urspr\u00fcnglich aus Nordamerika stammender Salmoniden, der in der zweiten H\u00e4lfte des 19. Jahrhunderts in gez\u00fcchtet und ab 1882 durch Hofer auch in W\u00fcrttemberg teichwirtschaftlich erzeugt wurde. In \u00d6sterreich war es die Fischzucht K\u00f6ttl, die 1895 als erste mit dem Neuank\u00f6mmling zu z\u00fcchten begann. Mangels naturschutzrechtlicher Einschr\u00e4nkungen wurde er auch als Angelfisch in den freien Gew\u00e4ssern Europas eingeb\u00fcrgert und geh\u00f6rt heute zum \u201anormalen\u2018 Fischbestand in vielen B\u00e4chen und Fl\u00fcssen. F\u00fcr uns an der Traun ist die Regenbogenforelle die Alternative zur Bachforelle, die seit ca. 20 Jahren mit der Fischkrankheit PSE (Proliferative Darkening Syndrom) beinahe in der Ischler Traun als ausgestorben gilt. Besatzma\u00dfnahmen mit der Bachforelle, die wir seit dem Vorjahr, in kleineren Versuchen durchgef\u00fchrt haben, sind heuer zu Beobachtung und wir sind auch auf eventuelle Ausfallraten im heurigen Sommer gespannt.<\/p>\n\n\n<div class=\"wp-block-image\">\n<figure class=\"alignleft\"><a href=\"https:\/\/huberpower.com\/wordpress\/wp-content\/uploads\/2014\/07\/huberpower-2014-4.jpg\"><img loading=\"lazy\" decoding=\"async\" width=\"1250\" height=\"799\" src=\"https:\/\/huberpower.com\/wordpress\/wp-content\/uploads\/2014\/07\/huberpower-2014-4.jpg\" alt=\"huberpower-2014-4\" class=\"wp-image-4724\" srcset=\"https:\/\/huberpower.com\/wordpress\/wp-content\/uploads\/2014\/07\/huberpower-2014-4.jpg 1250w, https:\/\/huberpower.com\/wordpress\/wp-content\/uploads\/2014\/07\/huberpower-2014-4-300x191.jpg 300w, https:\/\/huberpower.com\/wordpress\/wp-content\/uploads\/2014\/07\/huberpower-2014-4-1024x654.jpg 1024w, https:\/\/huberpower.com\/wordpress\/wp-content\/uploads\/2014\/07\/huberpower-2014-4-680x434.jpg 680w\" sizes=\"auto, (max-width: 1250px) 100vw, 1250px\" \/><\/a><figcaption class=\"wp-element-caption\"><strong>Regenbogenforellen sind Ersatz f\u00fcr Bachforellen<\/strong><\/figcaption><\/figure>\n<\/div>\n\n\n<h2 class=\"wp-block-heading\"><strong>Regenbogenforellen sind Ersatz f\u00fcr Bachforellen<\/strong><\/h2>\n\n\n\n<p class=\"wp-block-paragraph\">Bis wir die Situation mit der Bachforelle wieder in den Griff bekommen haben, ist die Regenbogenforelle, die sich in der Oberen Traun sehr wohl f\u00fchlt, unsere Besatz-Alternative, neben den Schwerpunktprogramm und den Bem\u00fchungen, den \u00c4schen Bestand zu entwickeln und zu sch\u00fctzen. Hierzu dienen ganz einfach auch die Besatzma\u00dfnahmen mit der Regenbogenforelle, um mit dieser auch eine Fischart im Gew\u00e4sser zu haben, die auch von unseren Mitgliedern entnommen werden kann und damit die gef\u00e4hrdeten \u00c4schen- und Bachforellen Best\u00e4nde zu schonen.<\/p>\n\n\n\n<h2 class=\"wp-block-heading\"><strong>Besatzzeitpunkt und sinnvollen Besatzstellen <\/strong><\/h2>\n\n\n<div class=\"wp-block-image\">\n<figure class=\"alignleft is-resized\"><a href=\"https:\/\/huberpower.com\/wordpress\/wp-content\/uploads\/2014\/07\/Pegel_20_Juni_Bis_3_Juli_2014_HAH_268.jpg\"><img loading=\"lazy\" decoding=\"async\" width=\"779\" height=\"565\" src=\"https:\/\/huberpower.com\/wordpress\/wp-content\/uploads\/2014\/07\/Pegel_20_Juni_Bis_3_Juli_2014_HAH_268.jpg\" alt=\"Pegel_20_Juni_Bis_3_Juli_2014_HAH_268\" class=\"wp-image-4722\" style=\"width:840px;height:auto\" srcset=\"https:\/\/huberpower.com\/wordpress\/wp-content\/uploads\/2014\/07\/Pegel_20_Juni_Bis_3_Juli_2014_HAH_268.jpg 779w, https:\/\/huberpower.com\/wordpress\/wp-content\/uploads\/2014\/07\/Pegel_20_Juni_Bis_3_Juli_2014_HAH_268-300x217.jpg 300w, https:\/\/huberpower.com\/wordpress\/wp-content\/uploads\/2014\/07\/Pegel_20_Juni_Bis_3_Juli_2014_HAH_268-680x493.jpg 680w\" sizes=\"auto, (max-width: 779px) 100vw, 779px\" \/><\/a><\/figure>\n<\/div>\n\n\n<h2 class=\"wp-block-heading\"><br \/><strong>Idealer Zeitpunkt<\/strong><\/h2>\n\n\n\n<p class=\"wp-block-paragraph\">Vom Wasserstand und der zu erwartenden Wettersituation in den n\u00e4chsten Tagen haben wir einen guten Zeitpunkt gew\u00e4hlt. Es ist bei Besatzma\u00dfnahmen immer wichtig, einen Zeitpunkt zu w\u00e4hlen, der in keine &#8222;Hochwasserperioden&#8220; hinein f\u00e4llt. Die Besatzfische brauchen einige Tage um sich an die neue Umgebung zu gew\u00f6hnen und sich einen Standplatz zu suchen.<\/p>\n\n\n<div class=\"wp-block-image\">\n<figure class=\"alignleft is-resized\"><a href=\"https:\/\/huberpower.com\/wordpress\/wp-content\/uploads\/2014\/07\/Pegel_3_juli2014_HAH_267.jpg\"><img loading=\"lazy\" decoding=\"async\" width=\"789\" height=\"727\" src=\"https:\/\/huberpower.com\/wordpress\/wp-content\/uploads\/2014\/07\/Pegel_3_juli2014_HAH_267.jpg\" alt=\"Pegel_3_juli2014_HAH_267\" class=\"wp-image-4723\" style=\"width:840px;height:auto\" srcset=\"https:\/\/huberpower.com\/wordpress\/wp-content\/uploads\/2014\/07\/Pegel_3_juli2014_HAH_267.jpg 789w, https:\/\/huberpower.com\/wordpress\/wp-content\/uploads\/2014\/07\/Pegel_3_juli2014_HAH_267-300x276.jpg 300w, https:\/\/huberpower.com\/wordpress\/wp-content\/uploads\/2014\/07\/Pegel_3_juli2014_HAH_267-680x626.jpg 680w\" sizes=\"auto, (max-width: 789px) 100vw, 789px\" \/><\/a><\/figure>\n<\/div>\n\n\n<p class=\"wp-block-paragraph\"><br \/>Mit einem Pegel von 221 cm sind wir auf &#8222;Normal-Wasserstand. Wenn dieser die n\u00e4chsten Tage in einem Bereich zwischen 200 cm bis 260 cm bleibt, sollten sich die eingesetzten Regenbogenforellen an ihren neuen Lebensraum eingew\u00f6hnen k\u00f6nnen. Ein wichtiger Faktor in der Besatzauswahl war f\u00fcr uns immer, m\u00f6glichst standorttreue Fische zu bekommen, die sich m\u00f6glichst lange im Bereich der Besatzstellen halten und erst mit ihren Laichaktivit\u00e4ten zum Ziehen anfangen.<\/p>\n\n\n\n<h2 class=\"wp-block-heading\"><strong>Besatz Ja oder Nein?<\/strong><\/h2>\n\n\n\n<p class=\"wp-block-paragraph\">Alle die diesen Blog lesen, werden sich wahrscheinlich fragen, ob all der Aufwand wegen ein paar Forellen im Zuge eine Gew\u00e4sserbewirschaftung notwendig ist. An dieser Stelle sei darauf hingewiesen, dass fast alle Bewirtschafter jedes Jahr \u00e4hnliche Entscheidungen treffen. Auch laut O\u00d6. Fischereigesetz sind wir verpflichten als &#8222;Bewirtschafter (\u00a7 2) im Rahmen der Hege (\u00a7 1 Abs. 4) &#8211; sofern nicht durch nat\u00fcrliche Reproduktion ein nach Art und Menge entsprechender Fischbestand gew\u00e4hrleistet ist, das Fischwasser ausreichend und ausgewogen mit standortgerechtem und gesundem Besatzmaterial zu besetzen.&#8220; Vor diesem Hintergrund sollte jeder, der vor der Frage \u201eFischbesatz &#8211; ja oder nein?\u201c steht, verantwortungsvoll pr\u00fcfen, ob die Ma\u00dfnahme notwendig sind oder nicht. Abgesehen von den angesprochenen biologischen Fragen muss \u00fcberlegt werden, ob der finanzielle Aufwand sinnvoll ist. <strong>Biologisch richtig handeln, hei\u00dft auch, wirtschaftlich handeln.<\/strong><\/p>\n\n\n<div class=\"wp-block-image\">\n<figure class=\"alignleft\"><a href=\"https:\/\/huberpower.com\/wordpress\/wp-content\/uploads\/2014\/07\/huberpower-2014-5.jpg\"><img loading=\"lazy\" decoding=\"async\" width=\"1154\" height=\"866\" src=\"https:\/\/huberpower.com\/wordpress\/wp-content\/uploads\/2014\/07\/huberpower-2014-5.jpg\" alt=\"huberpower-2014-5\" class=\"wp-image-4730\" srcset=\"https:\/\/huberpower.com\/wordpress\/wp-content\/uploads\/2014\/07\/huberpower-2014-5.jpg 1154w, https:\/\/huberpower.com\/wordpress\/wp-content\/uploads\/2014\/07\/huberpower-2014-5-300x225.jpg 300w, https:\/\/huberpower.com\/wordpress\/wp-content\/uploads\/2014\/07\/huberpower-2014-5-1024x768.jpg 1024w, https:\/\/huberpower.com\/wordpress\/wp-content\/uploads\/2014\/07\/huberpower-2014-5-200x150.jpg 200w, https:\/\/huberpower.com\/wordpress\/wp-content\/uploads\/2014\/07\/huberpower-2014-5-680x510.jpg 680w\" sizes=\"auto, (max-width: 1154px) 100vw, 1154px\" \/><\/a><\/figure>\n<\/div>\n\n\n<p class=\"wp-block-paragraph\"><br \/>Hier unser Fischereischutzorgan Andi Putz, beim Besatz an den ausgew\u00e4hlten Besatzstellen.<\/p>\n\n\n\n<p class=\"wp-block-paragraph\">Um eine Besatzma\u00dfnahme f\u00fcr die Fische so schonend wie m\u00f6glich durchzuf\u00fchren, sollten, bevor die Tiere am Gew\u00e4sser eintreffen, folgende Dinge gekl\u00e4rt sein:<\/p>\n\n\n\n<p class=\"wp-block-paragraph\">* Welche Gew\u00e4sserabschnitte sollen besetzt werden?<br \/>* Passen die Besatzbereiche zum Alter der Besatzfische?<br \/>* Welche Besatztechnik soll angewendet werden?<\/p>\n\n\n\n<p class=\"wp-block-paragraph\">Stehen genug Personal sowie Ger\u00e4tschaften (Boote, Eimer, Bel\u00fcftungen, gro\u00dfe oder kleine Kescher und Ausr\u00fcstung) zur Verf\u00fcgung?<\/p>\n\n\n<div class=\"wp-block-image\">\n<figure class=\"alignleft\"><a href=\"https:\/\/huberpower.com\/wordpress\/wp-content\/uploads\/2014\/07\/huberpower-2014-3.jpg\"><img loading=\"lazy\" decoding=\"async\" width=\"1247\" height=\"802\" src=\"https:\/\/huberpower.com\/wordpress\/wp-content\/uploads\/2014\/07\/huberpower-2014-3.jpg\" alt=\"huberpower-2014-3\" class=\"wp-image-4731\" srcset=\"https:\/\/huberpower.com\/wordpress\/wp-content\/uploads\/2014\/07\/huberpower-2014-3.jpg 1247w, https:\/\/huberpower.com\/wordpress\/wp-content\/uploads\/2014\/07\/huberpower-2014-3-300x192.jpg 300w, https:\/\/huberpower.com\/wordpress\/wp-content\/uploads\/2014\/07\/huberpower-2014-3-1024x658.jpg 1024w, https:\/\/huberpower.com\/wordpress\/wp-content\/uploads\/2014\/07\/huberpower-2014-3-680x437.jpg 680w\" sizes=\"auto, (max-width: 1247px) 100vw, 1247px\" \/><\/a><\/figure>\n<\/div>\n\n\n<h2 class=\"wp-block-heading\"><strong>Kontinuit\u00e4t beim Besatzmaterial<\/strong><\/h2>\n\n\n\n<p class=\"wp-block-paragraph\">Bei den von uns seit Jahren aus der gleichen Fischzucht bezogenen Regenbogenforellen handelt es sich um keine &#8222;Speisefische&#8220; sondern &#8222;Besatzfische&#8220;. Der Unterschied liegt darin, dass diese Fische auch noch Naturnahrung kennen, was sich beim Besatz in Fl\u00fcssen und B\u00e4chen als gro\u00dfer Vorteil erwiesen hat. Da sich diese Fische rasch im neuen Lebensraum akklimatisieren und mit der nat\u00fcrlichen Nahrungsaufnahme zurecht kommen. Die Erfahrungen \u00fcber viele Jahre sind hier ein wichtiger Faktor im Bewirtschaftungsplan f\u00fcr unsere Gew\u00e4sser.<\/p>\n\n\n<div class=\"wp-block-image\">\n<figure class=\"aligncenter\"><a href=\"https:\/\/huberpower.com\/wordpress\/wp-content\/uploads\/2014\/07\/huberpower-2014.jpg\"><img loading=\"lazy\" decoding=\"async\" width=\"1102\" height=\"906\" src=\"https:\/\/huberpower.com\/wordpress\/wp-content\/uploads\/2014\/07\/huberpower-2014.jpg\" alt=\"huberpower-2014\" class=\"wp-image-4732\" srcset=\"https:\/\/huberpower.com\/wordpress\/wp-content\/uploads\/2014\/07\/huberpower-2014.jpg 1102w, https:\/\/huberpower.com\/wordpress\/wp-content\/uploads\/2014\/07\/huberpower-2014-300x246.jpg 300w, https:\/\/huberpower.com\/wordpress\/wp-content\/uploads\/2014\/07\/huberpower-2014-1024x841.jpg 1024w, https:\/\/huberpower.com\/wordpress\/wp-content\/uploads\/2014\/07\/huberpower-2014-680x559.jpg 680w\" sizes=\"auto, (max-width: 1102px) 100vw, 1102px\" \/><\/a><\/figure>\n<\/div>\n\n\n<p class=\"wp-block-paragraph\">Um mit den durchgef\u00fchrten Besatzma\u00dfnahmen, sachliche Erfahrungen zu dokumentieren und damit laufend die F\u00fcr und Wider des Fischbesatzes zu diskutieren ist f\u00fcr uns ein laufender Entwicklungsprozess. Diese Erfahrungen helfen uns auch ungel\u00f6ste Fragen ohne Vorurteile anzugehen. Oft kann durch besser angepassten Fischbesatz ordentlich Geld gespart und trotzdem eine nachhaltige Ertragssicherheit erreicht werden.<\/p>\n\n\n\n<p class=\"wp-block-paragraph\">Nachfolgend ist die Vorgehensweise aufgef\u00fchrt, mit der wir laufend unsere Gew\u00e4sserbewirtschaftungs-Konzept pr\u00fcfen und ggf. an neue Gegebenheiten und Erkenntnisse anpassen:<br \/>* Besatznotwendigkeit laufend zu \u00fcberpr\u00fcfen<br \/>* wenn Besatz, dann Besatzmengen experimentell austesten<br \/>* gew\u00e4sser\u00f6kologische und fischereiliche Entwicklungen beobachten<br \/>* Fang- und Besatzstatistiken f\u00fchren und dokumentieren<br \/>* Laichplatz-Katierung und Dokumentation<br \/>* damit unsere Gew\u00e4sser immer besser kennen lernen<br \/>* Erfahrungen untereinander und mit Fachleuten austauschen<\/p>\n\n\n\n<p class=\"wp-block-paragraph\">Hier sind wir laufend dabei, durch Arbeitseinsatz von vielen unserer Mitglieder und unseren Gew\u00e4sserschutzorganen, mit Geduld und Mut, neue Wege in der Gew\u00e4sserbewirtschaftung zu zu gehen. Mit einigen Ma\u00dfnahmen konnten wir schon Positives erreichen. Die Entwicklung der Fischbest\u00e4nde best\u00e4tigen die Strategie und sind Lohn f\u00fcr den arbeits-und finanziellen Einsatz. Der wichtigste Punkte liegt jedoch in den Renaturierungsma\u00dfnahmen die an unseren Fl\u00fcssen und B\u00e4chen zur Zeit durchgef\u00fchrt werden. Je besser wir hier Strukturen schaffen und beeinflussen, desto mehr Fische haben eine Lebensraum zur Reproduktion und umso weniger muss zus\u00e4tzlich mit Besatz geregelt werden.<\/p>\n\n\n\n&nbsp;\n<p style=\"text-align: center;\"><strong><span style=\"color: #99cc00;\">\u201eNicht nur das sich unsere Gew\u00e4sser durch den Klimawandel tendenziell erw\u00e4rmen.<p style=\"text-align: center;\"><strong><span style=\"color: #99cc00;\">Auch unsachgem\u00e4\u00dfe Revitalisierungen sind Schuld, dass eine Forellenregion zur \u00c4schenregion oder sogar zur Barbenregion mutieren kann.&#8220;<strong><span style=\"color: #99cc00;\"><\/span><\/strong><\/span><\/strong><\/p><p style=\"text-align: center;\">Zitat von: Roland Herrigel<\/p><p style=\"text-align: center;\"><\/p><\/span><\/strong><\/p><p style=\"text-align: center;\"><a href=\"https:\/\/huberpower.com\/wordpress\/\"><img loading=\"lazy\" decoding=\"async\" class=\"aligncenter size-full wp-image-121\" title=\"20080303_17463_Home 250x Fisherman is Home_3333_bearbeitet-1\" src=\"https:\/\/huberpower.com\/wordpress\/wp-content\/uploads\/2012\/07\/20080303_17463_Home-250x-Fisherman-is-Home_3333_bearbeitet-1.jpg\" alt=\"\" width=\"208\" height=\"243\"\/><\/a><\/p>\n&nbsp;\n\n\n\n<p class=\"wp-block-paragraph\">&nbsp;<\/p>\n\n\n\n<p class=\"has-text-align-center wp-block-paragraph\"><span style=\"color: #99cc00;\">&nbsp;<\/span><\/p>\n","protected":false},"excerpt":{"rendered":"<p>Die Regenbogenforelle (Oncorhynchus mykiss) ist ein urspr\u00fcnglich aus Nordamerika stammender Salmoniden, der in der zweiten H\u00e4lfte des 19. Jahrhunderts in gez\u00fcchtet und ab 1882 durch Hofer auch in W\u00fcrttemberg teichwirtschaftlich&#8230; <a class=\"read-more\" href=\"https:\/\/huberpower.com\/wordpress\/?p=4721\">[Weiterlesen]<\/a><\/p>\n","protected":false},"author":2,"featured_media":4724,"comment_status":"closed","ping_status":"closed","sticky":false,"template":"","format":"standard","meta":{"_crdt_document":"","footnotes":""},"categories":[18,172,158,109,48],"tags":[],"class_list":["post-4721","post","type-post","status-publish","format-standard","has-post-thumbnail","hentry","category-bewirtschaftung","category-bewirtschaftungsplan","category-fischbesatz","category-fischkrankheiten","category-regenbogenforelle"],"_links":{"self":[{"href":"https:\/\/huberpower.com\/wordpress\/index.php?rest_route=\/wp\/v2\/posts\/4721","targetHints":{"allow":["GET"]}}],"collection":[{"href":"https:\/\/huberpower.com\/wordpress\/index.php?rest_route=\/wp\/v2\/posts"}],"about":[{"href":"https:\/\/huberpower.com\/wordpress\/index.php?rest_route=\/wp\/v2\/types\/post"}],"author":[{"embeddable":true,"href":"https:\/\/huberpower.com\/wordpress\/index.php?rest_route=\/wp\/v2\/users\/2"}],"replies":[{"embeddable":true,"href":"https:\/\/huberpower.com\/wordpress\/index.php?rest_route=%2Fwp%2Fv2%2Fcomments&post=4721"}],"version-history":[{"count":5,"href":"https:\/\/huberpower.com\/wordpress\/index.php?rest_route=\/wp\/v2\/posts\/4721\/revisions"}],"predecessor-version":[{"id":34467,"href":"https:\/\/huberpower.com\/wordpress\/index.php?rest_route=\/wp\/v2\/posts\/4721\/revisions\/34467"}],"wp:featuredmedia":[{"embeddable":true,"href":"https:\/\/huberpower.com\/wordpress\/index.php?rest_route=\/wp\/v2\/media\/4724"}],"wp:attachment":[{"href":"https:\/\/huberpower.com\/wordpress\/index.php?rest_route=%2Fwp%2Fv2%2Fmedia&parent=4721"}],"wp:term":[{"taxonomy":"category","embeddable":true,"href":"https:\/\/huberpower.com\/wordpress\/index.php?rest_route=%2Fwp%2Fv2%2Fcategories&post=4721"},{"taxonomy":"post_tag","embeddable":true,"href":"https:\/\/huberpower.com\/wordpress\/index.php?rest_route=%2Fwp%2Fv2%2Ftags&post=4721"}],"curies":[{"name":"wp","href":"https:\/\/api.w.org\/{rel}","templated":true}]}}