{"id":39966,"date":"2025-09-16T01:07:02","date_gmt":"2025-09-15T23:07:02","guid":{"rendered":"https:\/\/huberpower.com\/wordpress\/?p=39966"},"modified":"2025-10-02T09:38:56","modified_gmt":"2025-10-02T07:38:56","slug":"populationsstruktur-der-aesche-im-salzkammergut","status":"publish","type":"post","link":"https:\/\/huberpower.com\/wordpress\/?p=39966","title":{"rendered":"POPULATIONSSTRUKTUR DER \u00c4SCHE IM SALZKAMMERGUT 2024-2025"},"content":{"rendered":"\n<p class=\"wp-block-paragraph\">Wir haben weitere DNA-Proben von \u00c4schen gesammelt und diese einer neuerliche <strong><mark style=\"background-color:rgba(0, 0, 0, 0)\" class=\"has-inline-color has-luminous-vivid-orange-color\">&#8222;Bewertung der nat\u00fcrlichen und gest\u00f6rten Populationsstruktur der \u00c4sche (Thymallus thymallus) im Salzkammergut&#8220;<\/mark><\/strong> in Auftrag gegeben um mit einer <mark>kombinierte phylogeographische (mitochondriale DNA) und populationsgenetische (Mikrosatelliten) Daten zur Struktur unserer \u00c4schen-Populationen zu erhalten<\/mark>. Die Studie stellte fest ,&nbsp;dass es in Populationen s\u00fcdlich der Alpen zu einer umfassenden Genvermischung (Introgression) durch den Menschen kam, <strong><mark style=\"background-color:rgba(0, 0, 0, 0)\" class=\"has-inline-color has-luminous-vivid-orange-color\">w\u00e4hrend n\u00f6rdlich der Alpen weniger St\u00f6rungen auftraten.<\/mark><\/strong>&nbsp;<\/p>\n\n\n\n<figure class=\"wp-block-image size-large\"><img loading=\"lazy\" decoding=\"async\" width=\"1024\" height=\"473\" src=\"https:\/\/huberpower.com\/wordpress\/wp-content\/uploads\/2099\/08\/Aeschen-UWasser-2019-07-21-074304-1024x473.jpg\" alt=\"\" class=\"wp-image-24273\" srcset=\"https:\/\/huberpower.com\/wordpress\/wp-content\/uploads\/2099\/08\/Aeschen-UWasser-2019-07-21-074304-1024x473.jpg 1024w, https:\/\/huberpower.com\/wordpress\/wp-content\/uploads\/2099\/08\/Aeschen-UWasser-2019-07-21-074304-450x208.jpg 450w, https:\/\/huberpower.com\/wordpress\/wp-content\/uploads\/2099\/08\/Aeschen-UWasser-2019-07-21-074304.jpg 1116w\" sizes=\"auto, (max-width: 1024px) 100vw, 1024px\" \/><\/figure>\n\n\n\n<h2 class=\"wp-block-heading\">Hintergrund<\/h2>\n\n\n\n<p class=\"wp-block-paragraph\">Im Jahr 2020\/2021 haben wir insgesamt 28 Proben von \u00c4schen aus dem oberen Salzkammergut, darunter war auch Material aus einer Fischzuchtanlagen dabei und haben diese genetisch untersuchen lassen und diese wurden mit verschiedenen Referenzproben aus dem Archiv der Uni-Graz verglichen. <strong><mark style=\"background-color:rgba(0, 0, 0, 0)\" class=\"has-inline-color has-luminous-vivid-orange-color\">Die Ergebnisse dieser Untersuchung aus dem Jahr 2020\/2021 haben gezeigt, dass mindestens 10 der 28 Proben, offenbar Abstammungslinien repr\u00e4sentieren, die eindeutig nicht aus der Region stammen. <\/mark><\/strong><\/p>\n\n\n\n\n\n<figure class=\"wp-block-image size-large\"><img loading=\"lazy\" decoding=\"async\" width=\"1024\" height=\"391\" src=\"https:\/\/huberpower.com\/wordpress\/wp-content\/uploads\/2025\/09\/STEVEN_WEISS_STUDIE_2025_Aeschen_DNA_030-1024x391.jpg\" alt=\"\" class=\"wp-image-39974\" srcset=\"https:\/\/huberpower.com\/wordpress\/wp-content\/uploads\/2025\/09\/STEVEN_WEISS_STUDIE_2025_Aeschen_DNA_030-1024x391.jpg 1024w, https:\/\/huberpower.com\/wordpress\/wp-content\/uploads\/2025\/09\/STEVEN_WEISS_STUDIE_2025_Aeschen_DNA_030-450x172.jpg 450w, https:\/\/huberpower.com\/wordpress\/wp-content\/uploads\/2025\/09\/STEVEN_WEISS_STUDIE_2025_Aeschen_DNA_030-360x138.jpg 360w, https:\/\/huberpower.com\/wordpress\/wp-content\/uploads\/2025\/09\/STEVEN_WEISS_STUDIE_2025_Aeschen_DNA_030.jpg 1395w\" sizes=\"auto, (max-width: 1024px) 100vw, 1024px\" \/><\/figure>\n\n\n\n<h2 class=\"wp-block-heading\">Folgestudie 2024\/2025<\/h2>\n\n\n\n<p class=\"wp-block-paragraph\"><strong><mark style=\"background-color:rgba(0, 0, 0, 0)\" class=\"has-inline-color has-luminous-vivid-orange-color\">In dieser Folgestudie 2024\/2025 werden jetzt 49 neue Proben untersucht, <\/mark><\/strong>die an verschiedenen Stellen des Traun-Flusssystems im oberen Salzkammergut gesammelt wurden. Diese werden wieder mit Referenzlinien und den Proben aus der vorherigen Studie von 2020\/2021 verglichen. <\/p>\n\n\n\n<figure class=\"wp-block-image size-full is-resized\"><img loading=\"lazy\" decoding=\"async\" width=\"632\" height=\"225\" src=\"https:\/\/huberpower.com\/wordpress\/wp-content\/uploads\/2025\/09\/STEVEN_WEISS_STUDIE_2025_Aeschen_DNA_010.jpg\" alt=\"\" class=\"wp-image-39975\" style=\"aspect-ratio:2.8090145148968677;width:840px;height:auto\" srcset=\"https:\/\/huberpower.com\/wordpress\/wp-content\/uploads\/2025\/09\/STEVEN_WEISS_STUDIE_2025_Aeschen_DNA_010.jpg 632w, https:\/\/huberpower.com\/wordpress\/wp-content\/uploads\/2025\/09\/STEVEN_WEISS_STUDIE_2025_Aeschen_DNA_010-450x160.jpg 450w, https:\/\/huberpower.com\/wordpress\/wp-content\/uploads\/2025\/09\/STEVEN_WEISS_STUDIE_2025_Aeschen_DNA_010-360x128.jpg 360w\" sizes=\"auto, (max-width: 632px) 100vw, 632px\" \/><figcaption class=\"wp-element-caption\">Tabelle 1. Liste der \u00c4schen Populationen in dieser Studie. Angegeben sind die in diesem Bericht verwendeten Probenk\u00fcrzel, die Herkunft der Proben sowie die Anzahl der Individuen, die untersucht wurden.<\/figcaption><\/figure>\n\n\n\n<h2 class=\"wp-block-heading\">Methodik<\/h2>\n\n\n\n<p class=\"wp-block-paragraph\">Genau wie bei unserer Analyse von 2020\/2021, wurden auch mit der neuen Proben-Sammlung 2024 zwei genetische Methoden bei den Proben angewendet. <\/p>\n\n\n\n<h3 class=\"wp-block-heading\">mtDNA-Analyse<\/h3>\n\n\n\n<p class=\"wp-block-paragraph\">Als Erstes, wurden die sogenannte Kontrollregion der <strong><mark style=\"background-color:rgba(0, 0, 0, 0)\" class=\"has-inline-color has-luminous-vivid-orange-color\">mtDNA-Molek\u00fcle<\/mark><\/strong> sequenziert und in einem zweiten Schritt, die 11 Mikrosatelliten-Loci amplifiziert und auf <strong><mark style=\"background-color:rgba(0, 0, 0, 0)\" class=\"has-inline-color has-luminous-vivid-orange-color\">Allel-Variabilit\u00e4t<\/mark><\/strong> untersucht. Die mtDNA-Sequenzen helfen dabei, Haplotypen den Hauptlinien zuzuordnen, die schon in mehreren Publikationen Instituts der UNI-Graz aus ganz Europa beschrieben wurden. Dieser Ansatz funktioniert zwar sehr gut, um fremde Abstammungslinien zu erkennen, aber er kann weder die Herkunft einzelner Fische belegen, noch einzelne Fische identifizieren, die gekreuzt wurden. Das liegt daran, dass <strong><mark style=\"background-color:rgba(0, 0, 0, 0)\" class=\"has-inline-color has-luminous-vivid-orange-color\">mtDNA<\/mark><\/strong> nur \u00fcber die m\u00fctterliche Linie vererbt wird und dass ein Haplotyp, sobald er in eine Population gelangt ist, viele Generationen lang bestehen bleiben kann, auch wenn kein weiteres Fremdmaterial hinzukommt. <\/p>\n\n\n\n<h3 class=\"wp-block-heading\">Mikrosatelliten-Analyse <\/h3>\n\n\n\n<p class=\"wp-block-paragraph\">Deshalb wird die mtDNA-Analyse mit einer Analyse mittels <strong><mark style=\"background-color:rgba(0, 0, 0, 0)\" class=\"has-inline-color has-luminous-vivid-orange-color\">Mikrosatelliten<\/mark><\/strong> verbunden, welche eine h\u00f6here Aufl\u00f6sung aufweist. <strong><mark style=\"background-color:rgba(0, 0, 0, 0)\" class=\"has-inline-color has-luminous-vivid-orange-color\">Mikrosatelliten werden von beiden Elternteilen vererbt und haben eine h\u00f6here Mutationsrate als mtDNA.<\/mark><\/strong> Dadurch kann man zwischen nah verwandten Populationen bzw. Individuen unterscheiden. Sie liefern Informationen dar\u00fcber, wie eng die Individuen miteinander verwandt sind und ob ein einzelner Fisch eine Mischung aus mehreren St\u00e4mmen ist oder nicht.<\/p>\n\n\n\n<h2 class=\"wp-block-heading\"><br \/>mtDNA-Stammbaum <\/h2>\n\n\n\n<p class=\"wp-block-paragraph\">Die Kontroll-Region der mtDNA von 43 Proben wurde erfolgreich sequenziert und wie auch in der fr\u00fcheren Studie, ein Stammbaum mit Referenzproben aus ganz Europa erstellt.<\/p>\n\n\n\n<figure class=\"wp-block-image size-large is-resized\"><img loading=\"lazy\" decoding=\"async\" width=\"766\" height=\"1024\" src=\"https:\/\/huberpower.com\/wordpress\/wp-content\/uploads\/2025\/09\/STEVEN_WEISS_STUDIE_2025_Aeschen_DNA_040-766x1024.jpg\" alt=\"\" class=\"wp-image-39980\" style=\"aspect-ratio:0.7480544450209052;width:840px;height:auto\" srcset=\"https:\/\/huberpower.com\/wordpress\/wp-content\/uploads\/2025\/09\/STEVEN_WEISS_STUDIE_2025_Aeschen_DNA_040-766x1024.jpg 766w, https:\/\/huberpower.com\/wordpress\/wp-content\/uploads\/2025\/09\/STEVEN_WEISS_STUDIE_2025_Aeschen_DNA_040-239x320.jpg 239w, https:\/\/huberpower.com\/wordpress\/wp-content\/uploads\/2025\/09\/STEVEN_WEISS_STUDIE_2025_Aeschen_DNA_040-360x481.jpg 360w, https:\/\/huberpower.com\/wordpress\/wp-content\/uploads\/2025\/09\/STEVEN_WEISS_STUDIE_2025_Aeschen_DNA_040.jpg 839w\" sizes=\"auto, (max-width: 766px) 100vw, 766px\" \/><figcaption class=\"wp-element-caption\">Abbildung 1. Stammbaum berechnet aus den Proben vom Salzkammergut (2020 &amp; 2024) und \u00fcber 110 Referenzen aus ganz Europa. Die Sequenzen aus dem Salzkammergut sind farblich markiert und die Zuordnung zu den einzelnen Hauptlinien in Tabelle 2 zusammengefasst. Einige einzelne Haplotypen aus gr\u00f6\u00dferen Gruppen, wie zum Beispiel der n\u00f6rdlichen Donau-Gruppe, sind zusammengefasst und nicht im Stammbaum dargestellt (Siehe Tab. 2).<\/figcaption><\/figure>\n\n\n\n<figure class=\"wp-block-image size-full is-resized\"><img loading=\"lazy\" decoding=\"async\" width=\"733\" height=\"864\" src=\"https:\/\/huberpower.com\/wordpress\/wp-content\/uploads\/2025\/09\/STEVEN_WEISS_STUDIE_2025_Aeschen_DNA_050.jpg\" alt=\"\" class=\"wp-image-39981\" style=\"aspect-ratio:0.8483922306217673;width:840px;height:auto\" srcset=\"https:\/\/huberpower.com\/wordpress\/wp-content\/uploads\/2025\/09\/STEVEN_WEISS_STUDIE_2025_Aeschen_DNA_050.jpg 733w, https:\/\/huberpower.com\/wordpress\/wp-content\/uploads\/2025\/09\/STEVEN_WEISS_STUDIE_2025_Aeschen_DNA_050-271x320.jpg 271w, https:\/\/huberpower.com\/wordpress\/wp-content\/uploads\/2025\/09\/STEVEN_WEISS_STUDIE_2025_Aeschen_DNA_050-360x424.jpg 360w\" sizes=\"auto, (max-width: 733px) 100vw, 733px\" \/><figcaption class=\"wp-element-caption\">Tabelle 2. Liste aller gelieferten Proben, einschlie\u00dflich einer individuellen ID-Nummer, dem Ort, wo die Probe genommen wurden, der Anzahl der erfolgreich typisierten Mikrosatelliten-Loci und einer Zuordnung zu einer Hauptlinie basierend auf der mtDNA-Sequenzierung.<\/figcaption><\/figure>\n\n\n\n<h3 class=\"wp-block-heading\">77% einheimischen Linie = Salzkammergut \u00c4sche<\/h3>\n\n\n\n<p class=\"wp-block-paragraph\"><strong><mark style=\"background-color:rgba(0, 0, 0, 0)\" class=\"has-inline-color has-luminous-vivid-orange-color\">Die mtDNA von 33 (77 %) der sequenzierten Individuen, konnte der f\u00fcr die n\u00f6rdliche Alpenregion typischen einheimischen Linie zugeordnet werden.<\/mark><\/strong> F\u00fcnf weitere mtDNA-Sequenzen wurden der sogenannten Rhein\/Donau- oder der Mitteleuropa gemischt-Linie zugeordnet, die in der Region auch ziemlich h\u00e4ufig vorkommt. <\/p>\n\n\n\n<p class=\"wp-block-paragraph\">Die restlichen sechs mtDNA-Sequenzen wurden entweder einer Donau-Slowenien-Linie oder der Adria-Linie zugeordnet und stammen aus Fischbesatzma\u00dfnahmen aus der Aktion &#8222;Rettet die \u00c4sche&#8220;, die \u00fcber viele Jahre durchgef\u00fchrt wurde und 2019 beendet wurde.<\/p>\n\n\n\n<figure class=\"wp-block-image size-full\"><img loading=\"lazy\" decoding=\"async\" width=\"884\" height=\"146\" src=\"https:\/\/huberpower.com\/wordpress\/wp-content\/uploads\/2025\/09\/STEVEN_WEISS_STUDIE_2025_Aeschen_DNA_060.jpg\" alt=\"\" class=\"wp-image-39987\" srcset=\"https:\/\/huberpower.com\/wordpress\/wp-content\/uploads\/2025\/09\/STEVEN_WEISS_STUDIE_2025_Aeschen_DNA_060.jpg 884w, https:\/\/huberpower.com\/wordpress\/wp-content\/uploads\/2025\/09\/STEVEN_WEISS_STUDIE_2025_Aeschen_DNA_060-450x74.jpg 450w, https:\/\/huberpower.com\/wordpress\/wp-content\/uploads\/2025\/09\/STEVEN_WEISS_STUDIE_2025_Aeschen_DNA_060-360x59.jpg 360w\" sizes=\"auto, (max-width: 884px) 100vw, 884px\" \/><figcaption class=\"wp-element-caption\">\u00dcber viele Jahre wurden \u00c4schen unbekannter Herkunft besetzt und wie man sieht, haben sich einige davon in den &#8222;Salzkammergut-Stamm&#8220; integriert. Seit 2020 werden nur noch \u00c4schen, die aus der Oberen Traun stammen \u00fcber das Revier-Bruthaus entwickelt und per Cocooning \u00fcber die Obere Traun, je nach Verf\u00fcgbarkeit verteilt und ausgesetzt. <\/figcaption><\/figure>\n\n\n\n<h2 class=\"wp-block-heading\">Mikrosatelliten Loci Traun \u00c4schen<\/h2>\n\n\n\n<p class=\"wp-block-paragraph\">Mikrosatelliten-Loci sind&nbsp;<mark>bestimmte Orte im Genom, die repetitive DNA-Sequenzen wie kurze Tandem-Wiederholungen (STRs) aufweisen, deren Anzahl zwischen Individuen variiert<\/mark>.<\/p>\n\n\n\n<p class=\"wp-block-paragraph\">Die Anzahl der erfolgreich amplifizierten <strong><mark style=\"background-color:rgba(0, 0, 0, 0)\" class=\"has-inline-color has-luminous-vivid-orange-color\">Mikrosatelliten-Loci<\/mark><\/strong> war bei den einzelnen Proben unterschiedlich (siehe Tabelle 2). Die Proben, die nicht in die Analyse einbezogen wurden, sind rot markiert (N = 5, Tabelle 2). Die genetische Beziehung zwischen den einzelnen Proben wird mit Hilfe einer faktoriellen Korrespondenzanalyse dargestellt. Die zu untersuchenden Individuen wurden zusammen mit den sechs Referenzpopulationen, sowie den Proben von 2020 (Tabelle 1) untersucht und die Ergebnisse in Abbildung 2 dargestellt. <\/p>\n\n\n\n<p class=\"wp-block-paragraph\">Die Grafik zeigt nur die ersten beiden Hauptachsen der Analyse und macht so die gr\u00f6\u00dften Unterschiede zwischen den Populationen deutlich, aber nicht unbedingt alle kleinen Unterschiede (daf\u00fcr k\u00f6nnte man noch weitere Achsen nehmen). <strong><mark style=\"background-color:rgba(0, 0, 0, 0)\" class=\"has-inline-color has-luminous-vivid-orange-color\">Achse 1, trennt nordalpine Individuen, welche auf der rechten Seite der Abbildung zu sehen sind,<\/mark><\/strong> von allen anderen. Achse 2, trennt wiederum die Linie der Donau, s\u00fcdlich der Alpen (rot, ODR), von den anderen Linien.<\/p>\n\n\n\n<p class=\"wp-block-paragraph\"><strong>Die meisten der Proben aus dem Salzkammergut (2024) liegen in der Gruppe der n\u00f6rdlichen Donaulinie (rechts Mitte).<\/strong> Ein Individuum, f\u00e4llt allerdings nicht mit diesen und eher mit einer bestimmten Gruppe zusammen, was in der unteren Mitte des Diagramms zu sehen ist. Im Vergleich traf, dies 2020 auf sechs Proben zu.<\/p>\n\n\n\n<figure class=\"wp-block-image size-large\"><img loading=\"lazy\" decoding=\"async\" width=\"1024\" height=\"700\" src=\"https:\/\/huberpower.com\/wordpress\/wp-content\/uploads\/2025\/09\/STEVEN_WEISS_STUDIE_2025_Aeschen_DNA_070-1024x700.jpg\" alt=\"\" class=\"wp-image-39991\" srcset=\"https:\/\/huberpower.com\/wordpress\/wp-content\/uploads\/2025\/09\/STEVEN_WEISS_STUDIE_2025_Aeschen_DNA_070-1024x700.jpg 1024w, https:\/\/huberpower.com\/wordpress\/wp-content\/uploads\/2025\/09\/STEVEN_WEISS_STUDIE_2025_Aeschen_DNA_070-450x308.jpg 450w, https:\/\/huberpower.com\/wordpress\/wp-content\/uploads\/2025\/09\/STEVEN_WEISS_STUDIE_2025_Aeschen_DNA_070-360x246.jpg 360w, https:\/\/huberpower.com\/wordpress\/wp-content\/uploads\/2025\/09\/STEVEN_WEISS_STUDIE_2025_Aeschen_DNA_070.jpg 1345w\" sizes=\"auto, (max-width: 1024px) 100vw, 1024px\" \/><figcaption class=\"wp-element-caption\">Abbildung 1. Grafische Darstellung (FCA) der Proben aus dem Salzkammergut inklusive aller Referenzpopulation.<\/figcaption><\/figure>\n\n\n\n<h2 class=\"wp-block-heading\">Auswertung mit Structure<\/h2>\n\n\n\n<p class=\"wp-block-paragraph\">Das Programm&nbsp;<em>\u201e<\/em><strong><mark style=\"background-color:rgba(0, 0, 0, 0)\" class=\"has-inline-color has-luminous-vivid-orange-color\">Structure<\/mark><\/strong><em>\u201c<\/em>&nbsp;ist ein Softwarepaket zur Analyse von Populationsstrukturen anhand von <strong><mark style=\"background-color:rgba(0, 0, 0, 0)\" class=\"has-inline-color has-luminous-vivid-orange-color\">Multilocus-Genotypdaten<\/mark><\/strong>. Es erm\u00f6glicht die Erkennung unterschiedlicher Populationen, die Zuordnung von Individuen zu Populationen, die Untersuchung von Hybridzonen, die Identifizierung von Migranten und gemischten Individuen sowie die Sch\u00e4tzung von <strong><mark style=\"background-color:rgba(0, 0, 0, 0)\" class=\"has-inline-color has-luminous-vivid-orange-color\">Population Allel-Frequenzen<\/mark><\/strong> in Situationen, in denen viele Individuen Migranten oder gemischte Individuen sind. <\/p>\n\n\n\n<p class=\"wp-block-paragraph\">Um ein genaueres Verst\u00e4ndnis der genetischen Zusammensetzung einzelner Proben zu bekommen, haben wir die Daten noch einer weiteren Analyse, mit dem Programm STRUCTURE unterzogen. Diese Analyse liefert nicht nur eine h\u00f6here Aufl\u00f6sung als die ersten beiden Achsen der FCA, sondern <strong><mark style=\"background-color:rgba(0, 0, 0, 0)\" class=\"has-inline-color has-luminous-vivid-orange-color\">gibt auch Aufschluss \u00fcber den Grad der Vermischung innerhalb einzelner Proben.<\/mark><\/strong> Diese Analyse wurde in der vorhergehenden Studie 2020\/2021 nicht durchgef\u00fchrt.<\/p>\n\n\n\n<figure class=\"wp-block-image size-large\"><img loading=\"lazy\" decoding=\"async\" width=\"1024\" height=\"318\" src=\"https:\/\/huberpower.com\/wordpress\/wp-content\/uploads\/2025\/09\/STEVEN_WEISS_STUDIE_2025_Aeschen_DNA_080-1024x318.jpg\" alt=\"\" class=\"wp-image-39992\" srcset=\"https:\/\/huberpower.com\/wordpress\/wp-content\/uploads\/2025\/09\/STEVEN_WEISS_STUDIE_2025_Aeschen_DNA_080-1024x318.jpg 1024w, https:\/\/huberpower.com\/wordpress\/wp-content\/uploads\/2025\/09\/STEVEN_WEISS_STUDIE_2025_Aeschen_DNA_080-450x140.jpg 450w, https:\/\/huberpower.com\/wordpress\/wp-content\/uploads\/2025\/09\/STEVEN_WEISS_STUDIE_2025_Aeschen_DNA_080-360x112.jpg 360w, https:\/\/huberpower.com\/wordpress\/wp-content\/uploads\/2025\/09\/STEVEN_WEISS_STUDIE_2025_Aeschen_DNA_080.jpg 1509w\" sizes=\"auto, (max-width: 1024px) 100vw, 1024px\" \/><figcaption class=\"wp-element-caption\">Abbildung 3. Grafische Darstellung der STRUCTURE Analyze (K = 6).<\/figcaption><\/figure>\n\n\n\n<p class=\"wp-block-paragraph\">Zum Beispiel gibt&#8217;s an der Stelle <mark style=\"background-color:rgba(0, 0, 0, 0)\" class=\"has-inline-color has-pale-pink-color\"><strong>\u201eIschler-Traun-Stadt\u201c haupts\u00e4chlich die Population in rosa,<\/strong><\/mark> w\u00e4hrend die <strong><mark style=\"background-color:rgba(0, 0, 0, 0)\" class=\"has-inline-color has-vivid-green-cyan-color\">Population in hellgr\u00fcn eher an der Stelle \u201eIschler-Traun\u201c<\/mark><\/strong> zu finden ist. <mark style=\"background-color:rgba(0, 0, 0, 0)\" class=\"has-inline-color has-vivid-cyan-blue-color\"><strong>Die hellblaue Populationsgruppe kommt im gesamten System vor und k\u00f6nnte daher (spekulativ) eher die einheimische Population repr\u00e4sentieren.<\/strong><\/mark><\/p>\n\n\n\n<p class=\"wp-block-paragraph\">Diese Analyse zeigt sechs genetische Gruppen, welche unterschiedlich farblich markiert sind. <\/p>\n\n\n\n<ul class=\"wp-block-list\">\n<li>Die <strong>hellblaue Populationsgruppe<\/strong> kommt im gesamten System vor und k\u00f6nnte daher (spekulativ) die einheimische Population repr\u00e4sentieren. = Salzkammergut-\u00c4sche<\/li>\n\n\n\n<li>Die Gelben (ETS &amp; FAL) sind Fische aus dem adriatischen Einzugsgebiet. <\/li>\n\n\n\n<li>Die Roten (ODR) sind die einheimische s\u00fcdalpine Linie in \u00d6sterreich.<\/li>\n\n\n\n<li>Dunkelblauen (PFU &amp; PRU) sind eine Linie aus dem Inn in Tirol.<\/li>\n<\/ul>\n\n\n\n<p class=\"wp-block-paragraph\">Bei der Interpretation dieser Gruppen sollte man vorsichtig sein, da sich nicht alle gleich stark voneinander unterscheiden. Analysen mit niedrigeren K-Werten zeigen deutlich, dass die gr\u00f6\u00dfte Abweichung zwischen ETS &amp; FAL (adriatisch) und allen anderen Proben besteht, wobei sich auch ODR (S\u00fcdalpen) st\u00e4rker von den \u00fcbrigen Populationsgruppen unterscheidet, als die \u00fcbrigen Populationen voneinander. <strong>Die anderen Farben sind eine Mischung aus Populationen von unbekannten Quellen welche sich aber h\u00f6chstwahrscheinlich zum n\u00f6rdlichen Alpenraum zuweisen lassen.<\/strong> Klar, das Traun-System ist nicht genetisch einheitlich, und die heutige Population wurde wahrscheinlich in der Vergangenheit von mehreren Populationen beeinflusst. Es ist nicht m\u00f6glich, diese Geschichte zu rekonstruieren, wenn man kein Material von allen m\u00f6glichen Quellpopulationen hat, die f\u00fcr Zucht- und Besatzprogramme genutzt wurden.<\/p>\n\n\n\n<figure class=\"wp-block-image size-large\"><img loading=\"lazy\" decoding=\"async\" width=\"1024\" height=\"527\" src=\"https:\/\/huberpower.com\/wordpress\/wp-content\/uploads\/2021\/11\/image-1-1024x527.png\" alt=\"\" class=\"wp-image-17493\" srcset=\"https:\/\/huberpower.com\/wordpress\/wp-content\/uploads\/2021\/11\/image-1-1024x527.png 1024w, https:\/\/huberpower.com\/wordpress\/wp-content\/uploads\/2021\/11\/image-1-450x231.png 450w, https:\/\/huberpower.com\/wordpress\/wp-content\/uploads\/2021\/11\/image-1.png 1215w\" sizes=\"auto, (max-width: 1024px) 100vw, 1024px\" \/><\/figure>\n\n\n\n<h2 class=\"wp-block-heading\">Diskussion<\/h2>\n\n\n\n<p class=\"has-medium-font-size wp-block-paragraph\"><mark style=\"background-color:rgba(0, 0, 0, 0)\" class=\"has-inline-color has-luminous-vivid-orange-color\"><strong>Die \u00c4schen Proben aus dem Einzugsgebiet der Traun von 2024 zeigen ganz klar, \u00e4hnlich wie die 2021 analysierten Proben, dass die Population in diesem System nicht einheitlich ist und wahrscheinlich durch Besatzma\u00dfnahmen in der Vergangenheit mit verschiedenen nicht heimischen Populationen vermischt wurde.<\/strong> <\/mark><\/p>\n\n\n\n<ul class=\"wp-block-list\">\n<li>Wenn man aber die m\u00f6glichen exotischen Abstammungslinien bedenkt, ist die Situation mit den aktuellen Proben im Vergleich zu 2021 besser geworden. <\/li>\n\n\n\n<li><strong><mark style=\"background-color:rgba(0, 0, 0, 0)\" class=\"has-inline-color has-luminous-vivid-orange-color\">Mindestens 80 % der Proben von 2024 zeigen einen mtDNA-Haplotyp, der in der Region heimisch ist. <\/mark><\/strong><\/li>\n<\/ul>\n\n\n\n<p class=\"wp-block-paragraph\">Dabei muss man sich dar\u00fcber im Klaren sein, dass ausl\u00e4ndische mtDNA, sobald sie in den Genpool gelangt ist, wahrscheinlich dortbleibt und noch \u00fcber viele Generationen nachweisbar sein wird.<br \/>Aus der Mikrosatellitenanalyse, vor allem mit \u201eSTRUCTURE\u201c, geht klar hervor, dass bestimmte Genotypen aus verschiedenen Populationen an manchen Probenahmestellen h\u00e4ufiger vorkommen als an anderen. <\/p>\n\n\n\n<figure class=\"wp-block-image size-full is-resized\"><img loading=\"lazy\" decoding=\"async\" width=\"800\" height=\"600\" src=\"https:\/\/huberpower.com\/wordpress\/wp-content\/uploads\/2012\/10\/HAH_DSCN0497_03.-Oktober-2012-11.jpg\" alt=\"\" class=\"wp-image-1150\" style=\"aspect-ratio:1.3333072916666666;width:840px;height:auto\" srcset=\"https:\/\/huberpower.com\/wordpress\/wp-content\/uploads\/2012\/10\/HAH_DSCN0497_03.-Oktober-2012-11.jpg 800w, https:\/\/huberpower.com\/wordpress\/wp-content\/uploads\/2012\/10\/HAH_DSCN0497_03.-Oktober-2012-11-300x225.jpg 300w, https:\/\/huberpower.com\/wordpress\/wp-content\/uploads\/2012\/10\/HAH_DSCN0497_03.-Oktober-2012-11-200x150.jpg 200w, https:\/\/huberpower.com\/wordpress\/wp-content\/uploads\/2012\/10\/HAH_DSCN0497_03.-Oktober-2012-11-680x510.jpg 680w\" sizes=\"auto, (max-width: 800px) 100vw, 800px\" \/><\/figure>\n\n\n\n<h2 class=\"wp-block-heading\">Anhang 1 \u2013 Genetische Marker<\/h2>\n\n\n\n<ol class=\"wp-block-list\">\n<li><strong><mark style=\"background-color:rgba(0, 0, 0, 0)\" class=\"has-inline-color has-luminous-vivid-orange-color\">mtDNA<\/mark><\/strong><br \/>Die Analyse eines Abschnitts (Kontroll-Region) der mitochondriellen DNA erlaubt die Differenzierung zwischen verschiedenen Linien durch Zuordnung zu bekannten Haplotypen. Diese Methodik erm\u00f6glicht eine eindeutige Zuordnung des mtDNA-Molek\u00fcls zu einer dieser Linien, ist aber durch die m\u00fctterliche Vererbung der mtDNA limitiert. In Populationen, in welchen Introgression (Vermischung) stattgefunden hat, ist dieser Marker demnach nur ein Anhaltspunkt.<\/li>\n\n\n\n<li><strong><mark style=\"background-color:rgba(0, 0, 0, 0)\" class=\"has-inline-color has-luminous-vivid-orange-color\">Mikrosatelliten<\/mark><\/strong><br \/>Es wurden zw\u00f6lf bei Thymallus thymallus untersucht, die im Rahmen von Untersuchungen an europ\u00e4ischen \u00c4schen (Weiss et al 2013) optimiert wurden. Sie besitzen eine sehr hohe Mutationsrate und werden bi-parental vererbt, weshalb sie den Genfluss der weiblichen als auch der m\u00e4nnlichen Elterntiere reflektieren. So wird eine Bestimmung der Verwandtschaftsverh\u00e4ltnisse, sowohl von Einzelindividuen zueinander, als auch von der gesamten Population zu anderen auto- oder allochthonen Populationen aus unserem Datensatz erm\u00f6glicht. Aus unserer hausinternen Referenzdatenbank haben wir Referenzpopulationen ausgew\u00e4hlt, die f\u00fcr bestimmte Linien als Vergleichsbasis dienen (Tabelle 1).<\/li>\n\n\n\n<li><mark style=\"background-color:rgba(0, 0, 0, 0)\" class=\"has-inline-color has-luminous-vivid-orange-color\">Auswahl der Methodik<\/mark><br \/>Sequenzen der mtDNA (Haplotypen) haben den Nachteil, einer rein weiblichen Vererbungslinie, bringen aber den gro\u00dfen Vorteil mit, dass sie \u00fcber eine lange Zeitspanne (1000en von Jahren) in einer Population stabil bleiben. Dadurch k\u00f6nnen sie als genetischer Marker f\u00fcr vergangene Durchmischung von nat\u00fcrlichen und fremden Linien dienen. Auf der anderen Seite zeigen Mikrosatelliten mit ihrer bi-parentalen Vererbung ein kompletteres Bild der genetischen Verwandtschaft von Individuen, besonders innerhalb von Populationen. Allerdings k\u00f6nnen die Anzeichen einer Durchmischung nach einigen Generationen verloren gehen und Verwandtschaften mit sehr weit entfernten Linien (z.B. von Skandinavien) dadurch \u00fcbersehen werden. Diese beiden Merkmale werden unabh\u00e4ngig voneinander vererbt, was dazu f\u00fchrt, dass die Ergebnisse der beiden Marker f\u00fcr ein Individuum nicht zwangsl\u00e4ufig \u00fcbereinstimmen m\u00fcssen. Kombiniert man diese beiden genetischen Marker, bietet sich in Kombination ein bestm\u00f6gliches Bild von sowohl historischem, als auch gegenw\u00e4rtigem Genfluss zwischen verschiedenen Linien.<\/li>\n<\/ol>\n\n\n\n<figure class=\"wp-block-image size-large\"><img loading=\"lazy\" decoding=\"async\" width=\"1024\" height=\"145\" src=\"https:\/\/huberpower.com\/wordpress\/wp-content\/uploads\/2021\/05\/image-13-1024x145.png\" alt=\"\" class=\"wp-image-16876\" srcset=\"https:\/\/huberpower.com\/wordpress\/wp-content\/uploads\/2021\/05\/image-13-1024x145.png 1024w, https:\/\/huberpower.com\/wordpress\/wp-content\/uploads\/2021\/05\/image-13-450x64.png 450w, https:\/\/huberpower.com\/wordpress\/wp-content\/uploads\/2021\/05\/image-13-1536x217.png 1536w, https:\/\/huberpower.com\/wordpress\/wp-content\/uploads\/2021\/05\/image-13-2048x289.png 2048w\" sizes=\"auto, (max-width: 1024px) 100vw, 1024px\" \/><\/figure>\n\n\n\n<h2 class=\"wp-block-heading\">Wichtigste Erkenntnisse<\/h2>\n\n\n\n<ul class=\"wp-block-list\">\n<li><strong>St\u00f6rung durch Besatz:<\/strong>&nbsp;Durch menschliche Besatzma\u00dfnahmen kam es zu einer erheblichen genetischen Durchmischung der \u00c4schenpopulationen s\u00fcdlich der Alpen.<\/li>\n\n\n\n<li><strong>Begrenzte St\u00f6rungen n\u00f6rdlich der Alpen:<\/strong>&nbsp;Populationen n\u00f6rdlich der Alpen zeigten weniger Anzeichen einer langfristigen Genvermischung aus allochthonen (nicht heimischen) Best\u00e4nden.<\/li>\n\n\n\n<li><strong>Genetische Korrelation:<\/strong>&nbsp;Die Studie ergab eine positive Korrelation zwischen mtDNA-Beimischung und genetischer Vielfalt, was die j\u00fcngste Genvermischung und das Fehlen starker reproduktiver Barrieren zwischen den Hauptlinien unterst\u00fctzt.<\/li>\n\n\n\n<li><strong>Auswirkungen auf den Naturschutz:<\/strong>\u00a0Die Ergebnisse verdeutlichten eine Abweichung von bestehenden Modellen evolution\u00e4r bedeutsamer Einheiten f\u00fcr Thymallus thymallus in Europa.<\/li>\n<\/ul>\n\n\n\n<h2 class=\"wp-block-heading\">Erg\u00e4nzende Informationen zu Genvarianten<\/h2>\n\n\n\n<figure class=\"wp-block-image size-large\"><img loading=\"lazy\" decoding=\"async\" width=\"1024\" height=\"585\" src=\"https:\/\/huberpower.com\/wordpress\/wp-content\/uploads\/2023\/10\/image-53-1024x585.png\" alt=\"\" class=\"wp-image-27196\" srcset=\"https:\/\/huberpower.com\/wordpress\/wp-content\/uploads\/2023\/10\/image-53-1024x585.png 1024w, https:\/\/huberpower.com\/wordpress\/wp-content\/uploads\/2023\/10\/image-53-450x257.png 450w, https:\/\/huberpower.com\/wordpress\/wp-content\/uploads\/2023\/10\/image-53-305x175.png 305w, https:\/\/huberpower.com\/wordpress\/wp-content\/uploads\/2023\/10\/image-53.png 1401w\" sizes=\"auto, (max-width: 1024px) 100vw, 1024px\" \/><\/figure>\n\n\n\n<h3 class=\"wp-block-heading\">Die Allel-Variabilit\u00e4t&nbsp;<\/h3>\n\n\n\n<p class=\"wp-block-paragraph\">Allel-Variabilit\u00e4t&nbsp;<mark>beschreibt das Vorkommen unterschiedlicher Allelformen (Genvarianten) an einem bestimmten Genort in einer Population, was zu genetischer Diversit\u00e4t f\u00fchrt<\/mark>.&nbsp;Sie ist die Grundlage f\u00fcr die Vielfalt von Merkmalen bei Organismen und entsteht durch Prozesse wie Mutationen, die neue Allele hervorbringen, und Rekombination, die vorhandene Allele neu mischt.&nbsp;<\/p>\n\n\n\n<p class=\"has-text-align-center has-medium-font-size wp-block-paragraph\"><strong><mark style=\"background-color:rgba(0, 0, 0, 0)\" class=\"has-inline-color has-luminous-vivid-orange-color\">Allel-Variabilit\u00e4t ist essenziell f\u00fcr die Anpassung von Arten an ihre Umwelt <\/mark><\/strong><br \/><strong><mark style=\"background-color:rgba(0, 0, 0, 0)\" class=\"has-inline-color has-luminous-vivid-orange-color\">und die treibende Kraft hinter der nat\u00fcrlichen Selektion.&nbsp;<\/mark><\/strong><\/p>\n\n\n\n<p class=\"wp-block-paragraph\">Was ist ein Allel?&nbsp;<\/p>\n\n\n\n<ul class=\"wp-block-list\">\n<li>Ein Allel ist eine spezifische Version eines Gens, das sich an einer bestimmten Stelle (Locus) auf einem Chromosom befindet.<\/li>\n\n\n\n<li>Verschiedene Allele eines Gens k\u00f6nnen zu unterschiedlichen physischen oder physiologischen Merkmalen f\u00fchren.<\/li>\n<\/ul>\n\n\n\n<p class=\"wp-block-paragraph\">Was ist Variabilit\u00e4t?<\/p>\n\n\n\n<ul class=\"wp-block-list\">\n<li>Variabilit\u00e4t ist die Vielfalt von Merkmalen innerhalb einer Population.&nbsp;<\/li>\n\n\n\n<li>Wenn es um genetische Variabilit\u00e4t geht, sind dies die Unterschiede in der genetischen Information, die durch die verschiedenen Allele verursacht werden.&nbsp;<\/li>\n<\/ul>\n\n\n\n<p class=\"wp-block-paragraph\">Wie entsteht Allel-Variabilit\u00e4t?&nbsp;<\/p>\n\n\n\n<ul class=\"wp-block-list\">\n<li><strong>Mutationen:<\/strong>&nbsp;Zuf\u00e4llige Ver\u00e4nderungen in der DNA-Sequenz sind die Quelle neuer Allele, die dann die genetische Vielfalt erh\u00f6hen.<\/li>\n\n\n\n<li><strong>Rekombination:<\/strong>&nbsp;W\u00e4hrend der Meiose (sexuelle Fortpflanzung) werden vorhandene Allele neu gemischt, was zu neuen Kombinationen und somit zu genetischer Vielfalt f\u00fchrt.<\/li>\n<\/ul>\n\n\n\n<p class=\"wp-block-paragraph\">Bedeutung der Allel-Variabilit\u00e4t<\/p>\n\n\n\n<ul class=\"wp-block-list\">\n<li><strong>Anpassung:<\/strong>&nbsp;<strong><mark style=\"background-color:rgba(0, 0, 0, 0)\" class=\"has-inline-color has-luminous-vivid-orange-color\">Eine gro\u00dfe allelische Variabilit\u00e4t in einer Population erm\u00f6glicht es der Art, sich besser an ver\u00e4nderte Umweltbedingungen anzupassen.&nbsp;<\/mark><\/strong><\/li>\n\n\n\n<li><strong>Nat\u00fcrliche Selektion:<\/strong>&nbsp;Individuen mit vorteilhaften Allelen k\u00f6nnen besser \u00fcberleben und sich vermehren, was die genetische Struktur der Population im Laufe der Zeit ver\u00e4ndert.&nbsp;<\/li>\n\n\n\n<li><strong>Messung der genetischen Diversit\u00e4t:<\/strong>&nbsp;Durch die Untersuchung der Allelfrequenzen (der Prozentsatz eines bestimmten Allels in einer Population) k\u00f6nnen Wissenschaftler die genetische Vielfalt messen.&nbsp;<\/li>\n<\/ul>\n\n\n\n<figure class=\"wp-block-image size-full is-resized\"><img loading=\"lazy\" decoding=\"async\" width=\"610\" height=\"438\" src=\"https:\/\/huberpower.com\/wordpress\/wp-content\/uploads\/2023\/02\/image-83.png\" alt=\"\" class=\"wp-image-24618\" style=\"aspect-ratio:1.3927437479932931;width:840px;height:auto\" srcset=\"https:\/\/huberpower.com\/wordpress\/wp-content\/uploads\/2023\/02\/image-83.png 610w, https:\/\/huberpower.com\/wordpress\/wp-content\/uploads\/2023\/02\/image-83-446x320.png 446w\" sizes=\"auto, (max-width: 610px) 100vw, 610px\" \/><\/figure>\n\n\n\n<h2 class=\"wp-block-heading\">Quellenverweis<\/h2>\n\n\n\n<p class=\"wp-block-paragraph\">Anhang 2 &#8211; Referenzen<br \/><br \/><strong><mark style=\"background-color:rgba(0, 0, 0, 0)\" class=\"has-inline-color has-luminous-vivid-orange-color\">Assessing natural and disturbed population structure in European grayling Thymallus thymallus<\/mark><\/strong>: melding phylogeographic, population genetic and jurisdictional perspectives for conservation planning. Journal of Fish Biology 82, 505-521 von Weiss SJ, Kopun T, Su\u0161nik Bajec S. (2013).<\/p>\n\n\n\n<p class=\"wp-block-paragraph\"><br \/><strong><mark style=\"background-color:rgba(0, 0, 0, 0)\" class=\"has-inline-color has-luminous-vivid-orange-color\">Genetische Untersuchungen an Proben der Europ\u00e4ischen \u00c4sche (Thymallus thymallus) aus dem oberen Salzkammergut <\/mark><\/strong>und ausgew\u00e4hlten Zuchten. Endbericht im Auftrag des Fischereirevier Oberes Salzkammergut. 7 Seiten von Weiss S, Fr\u00fchlich D. (2021). <\/p>\n\n\n\n<h2 class=\"wp-block-heading\">Weitere Informationen<\/h2>\n\n\n\n<figure class=\"wp-block-embed is-type-wp-embed is-provider-fischereimanagement-salzkammergut wp-block-embed-fischereimanagement-salzkammergut\"><div class=\"wp-block-embed__wrapper\">\n<blockquote class=\"wp-embedded-content\" data-secret=\"HPXinncVQ4\"><a href=\"https:\/\/huberpower.com\/wordpress\/?p=11653\">S\u00c4EPP &#8211; \u00c4SCHEN DNA ANALYSE 2020<\/a><\/blockquote><iframe loading=\"lazy\" class=\"wp-embedded-content\" sandbox=\"allow-scripts\" security=\"restricted\" style=\"position: absolute; visibility: hidden;\" title=\"&#8222;S\u00c4EPP &#8211; \u00c4SCHEN DNA ANALYSE 2020&#8220; &#8212; Fischereimanagement Salzkammergut\" src=\"https:\/\/huberpower.com\/wordpress\/?p=11653&#038;embed=true#?secret=0oZqiQ1yNU#?secret=HPXinncVQ4\" data-secret=\"HPXinncVQ4\" width=\"600\" height=\"338\" frameborder=\"0\" marginwidth=\"0\" marginheight=\"0\" scrolling=\"no\"><\/iframe>\n<\/div><figcaption class=\"wp-element-caption\">Das Sammeln von Fischgewebeproben zur Analyse der genetischen Variation innerhalb und zwischen Populationen ist f\u00fcr unsere Projekte oft wichtig.&nbsp;Wir arbeiten mit Molekularlabors zusammen, die genetische Assays unter Verwendung von Gensequenzen oder Mikrosatelliten durchf\u00fchren.&nbsp;Daher sammeln wir Daten, die zur Bewertung der genetischen Vielfalt bedrohter oder gef\u00e4hrdeter Arten oder zur Bewertung der Populationskonnektivit\u00e4t verwendet werden.&nbsp;Solche Daten geben uns Aufschluss \u00fcber den Laicherfolg sowie die Anzahl der Laicher. &nbsp;<\/figcaption><\/figure>\n\n\n\n<figure class=\"wp-block-embed is-type-wp-embed is-provider-fischereimanagement-salzkammergut wp-block-embed-fischereimanagement-salzkammergut\"><div class=\"wp-block-embed__wrapper\">\n<blockquote class=\"wp-embedded-content\" data-secret=\"FAE3pnU2tQ\"><a href=\"https:\/\/huberpower.com\/wordpress\/?p=22748\">FISCH\u00d6KOLOGISCHEN ZUSTAND PER eDNA ERHEBEN<\/a><\/blockquote><iframe loading=\"lazy\" class=\"wp-embedded-content\" sandbox=\"allow-scripts\" security=\"restricted\" style=\"position: absolute; visibility: hidden;\" title=\"&#8222;FISCH\u00d6KOLOGISCHEN ZUSTAND PER eDNA ERHEBEN&#8220; &#8212; Fischereimanagement Salzkammergut\" src=\"https:\/\/huberpower.com\/wordpress\/?p=22748&#038;embed=true#?secret=i70xXJONEH#?secret=FAE3pnU2tQ\" data-secret=\"FAE3pnU2tQ\" width=\"600\" height=\"338\" frameborder=\"0\" marginwidth=\"0\" marginheight=\"0\" scrolling=\"no\"><\/iframe>\n<\/div><figcaption class=\"wp-element-caption\">Der Mensch verliert jede Stunde Zehntausende von Hautzellen und hinterl\u00e4sst \u00fcberall Spuren seiner Anwesenheit.&nbsp;In jeder dieser Zellen ist der gesamte DNA-Satz eines Individuums oder sogar mehrere Kopien davon enthalten.&nbsp;Fische und andere Organismen sind nicht anders, und Wissenschaftler haben begonnen, Wege zu erforschen, um die Umwelt zu beproben, um diese oft schwer fassbaren Hinweise auf die Anwesenheit einer Art in Form von \u201eeDNA\u201c fest zu stellen.&nbsp;Es gibt zahlreiche Wege f\u00fcr Zellen und genetisches Material, um als eDNA in die Umwelt zu gelangen, einschlie\u00dflich nat\u00fcrlicher Hautabl\u00f6sung, Darmschleimhaut, die mit F\u00e4kalien ausgeschieden wird, Gewebe, das durch Verletzungen vom K\u00f6rper abgetrennt wurde oder&nbsp;<strong>Zellen, die w\u00e4hrend der Fortpflanzung ins Wasser freigesetzt<\/strong>&nbsp;werden. Gerade bei Letzteren wird in der Diskussion mit Dr. Josef Wanzenb\u00f6ck vom Limnologischen Institut der UNI-Innsbruck eine M\u00f6glichkeit gesehen, unser formuliertes das Ziel, eine \u00dcbersicht \u00fcber die \u201e<strong>\u00c4schen Best\u00e4nde der Oberen Traun<\/strong>\u201c zu bekommen, anzusetzen.<\/figcaption><\/figure>\n\n\n\n<figure class=\"wp-block-embed is-type-wp-embed is-provider-fischereimanagement-salzkammergut wp-block-embed-fischereimanagement-salzkammergut\"><div class=\"wp-block-embed__wrapper\">\n<blockquote class=\"wp-embedded-content\" data-secret=\"UZnqIRTu8S\"><a href=\"https:\/\/huberpower.com\/wordpress\/?p=36292\">WILDKULTUR-FISCH-ENTWICKLUNG<\/a><\/blockquote><iframe loading=\"lazy\" class=\"wp-embedded-content\" sandbox=\"allow-scripts\" security=\"restricted\" style=\"position: absolute; visibility: hidden;\" title=\"&#8222;WILDKULTUR-FISCH-ENTWICKLUNG&#8220; &#8212; Fischereimanagement Salzkammergut\" src=\"https:\/\/huberpower.com\/wordpress\/?p=36292&#038;embed=true#?secret=CoOVRbWDIv#?secret=UZnqIRTu8S\" data-secret=\"UZnqIRTu8S\" width=\"600\" height=\"338\" frameborder=\"0\" marginwidth=\"0\" marginheight=\"0\" scrolling=\"no\"><\/iframe>\n<\/div><figcaption class=\"wp-element-caption\"><strong><mark>Einer der wichtigsten Aufgaben in der Bewirtschaftung unserer Gew\u00e4sser ist, dass wir lokal angepasste oder noch besser m\u00f6glichst lokale Fischbest\u00e4nde f\u00fcr die Aufzucht und den Besatz nutzen.<\/mark><\/strong>&nbsp;Lokale Anpassung bedeutet, dass zwischen einzelnen Populationen, aber auch innerhalb dieser Populationen genetisch bedingte Unterschiede in K\u00f6rperstruktur, Verhalten oder Stoffwechsel auftreten, die mit spezifischen Umweltbedingungen in einzelnen Gew\u00e4sserbereichen zusammenh\u00e4ngen. Dabei handelt es sich um \u00fcber sehr lange Zeitr\u00e4ume gebildete, erblich festgelegte Unterschiede.&nbsp;<strong><mark>Neben lokalen Anpassungen, die eine genetische Vielfalt widerspiegeln, zeigen viele Fischarten auch die F\u00e4higkeit, sich bis zu einem gewissen Grad sehr rasch und ohne notwendige genetische Ver\u00e4nderungen auf neue Umweltbedingungen einzustellen.<\/mark><\/strong>&nbsp;Wobei sich dies durchaus je nach Fischart stark unterscheiden kann, soweit dies unsere Erfahrungen auch best\u00e4tigen.<\/figcaption><\/figure>\n\n\n\n<p class=\"has-medium-font-size wp-block-paragraph\"><strong>Ein passendes Zitat zum Thema Fischbesatz:<\/strong><\/p>\n\n\n\n<p style=\"text-align: center;\"><strong><span style=\"color: #99cc00;\">\u201eAn allem Unfug der passiert, sind nicht etwa nur die schuld, die ihn tun,<p style=\"text-align: center;\"><strong><span style=\"color: #99cc00;\"> sondern auch die, die ihn nicht verhindern.\u201c\n<\/span><\/strong><\/p><p style=\"text-align: center;\">Zitat von: Erich K\u00e4stner <\/p>\n<p style=\"text-align: center;\"><a href=\"https:\/\/huberpower.com\/wordpress\"><img loading=\"lazy\" decoding=\"async\" class=\"aligncenter size-full wp-image-121\" title=\"20080303_17463_Home 250x Fisherman is Home_3333_bearbeitet-1\" src=\"https:\/\/huberpower.com\/wordpress\/wp-content\/uploads\/2012\/07\/20080303_17463_Home-250x-Fisherman-is-Home_3333_bearbeitet-1.jpg\" alt=\"\" width=\"208\" height=\"243\"\/><\/a><\/p>\n<\/span><\/strong><\/p>","protected":false},"excerpt":{"rendered":"<p>Wir haben weitere DNA-Proben von \u00c4schen gesammelt und diese einer neuerliche &#8222;Bewertung der nat\u00fcrlichen und gest\u00f6rten Populationsstruktur der \u00c4sche (Thymallus thymallus) im Salzkammergut&#8220; in Auftrag gegeben um mit einer kombinierte&#8230; <a class=\"read-more\" href=\"https:\/\/huberpower.com\/wordpress\/?p=39966\">[Weiterlesen]<\/a><\/p>\n","protected":false},"author":4,"featured_media":24273,"comment_status":"closed","ping_status":"open","sticky":false,"template":"","format":"standard","meta":{"_crdt_document":"","footnotes":""},"categories":[239,36,18,218,484,158,236,94,446,493,252,492,55,101,225,123,144,170,460,480,485],"tags":[],"class_list":["post-39966","post","type-post","status-publish","format-standard","has-post-thumbnail","hentry","category-artenvielfalt","category-aesche","category-bewirtschaftung","category-dna","category-dokumentation","category-fischbesatz","category-fischereimanagement-salzkammergut","category-fischereirevier-oberes-salzkammergut","category-fischzucht","category-fischereimanagement-salzkammergut-fischereimanagement-salzkammergut","category-fortpflanzung","category-fischereirevier-oberes-salzkammergut-fischereirevier-oberes-salzkammergut","category-gewaesserbewirtschaften","category-ischl","category-monitoring","category-oekologischer-zustand","category-rettet-die-aesche","category-salzkammergut-aeschen-erhaltung-und-entwicklung","category-wildkultur-fisch-entwicklung","category-wissenschaft","category-wissensdatenbank"],"_links":{"self":[{"href":"https:\/\/huberpower.com\/wordpress\/index.php?rest_route=\/wp\/v2\/posts\/39966","targetHints":{"allow":["GET"]}}],"collection":[{"href":"https:\/\/huberpower.com\/wordpress\/index.php?rest_route=\/wp\/v2\/posts"}],"about":[{"href":"https:\/\/huberpower.com\/wordpress\/index.php?rest_route=\/wp\/v2\/types\/post"}],"author":[{"embeddable":true,"href":"https:\/\/huberpower.com\/wordpress\/index.php?rest_route=\/wp\/v2\/users\/4"}],"replies":[{"embeddable":true,"href":"https:\/\/huberpower.com\/wordpress\/index.php?rest_route=%2Fwp%2Fv2%2Fcomments&post=39966"}],"version-history":[{"count":13,"href":"https:\/\/huberpower.com\/wordpress\/index.php?rest_route=\/wp\/v2\/posts\/39966\/revisions"}],"predecessor-version":[{"id":40117,"href":"https:\/\/huberpower.com\/wordpress\/index.php?rest_route=\/wp\/v2\/posts\/39966\/revisions\/40117"}],"wp:featuredmedia":[{"embeddable":true,"href":"https:\/\/huberpower.com\/wordpress\/index.php?rest_route=\/wp\/v2\/media\/24273"}],"wp:attachment":[{"href":"https:\/\/huberpower.com\/wordpress\/index.php?rest_route=%2Fwp%2Fv2%2Fmedia&parent=39966"}],"wp:term":[{"taxonomy":"category","embeddable":true,"href":"https:\/\/huberpower.com\/wordpress\/index.php?rest_route=%2Fwp%2Fv2%2Fcategories&post=39966"},{"taxonomy":"post_tag","embeddable":true,"href":"https:\/\/huberpower.com\/wordpress\/index.php?rest_route=%2Fwp%2Fv2%2Ftags&post=39966"}],"curies":[{"name":"wp","href":"https:\/\/api.w.org\/{rel}","templated":true}]}}