{"id":38879,"date":"2025-07-27T14:45:07","date_gmt":"2025-07-27T12:45:07","guid":{"rendered":"https:\/\/huberpower.com\/wordpress\/?p=38879"},"modified":"2025-07-27T15:58:41","modified_gmt":"2025-07-27T13:58:41","slug":"oekf-forum-2025-in-linz","status":"publish","type":"post","link":"https:\/\/huberpower.com\/wordpress\/?p=38879","title":{"rendered":"\u00d6KF FORUM 2025 IN LINZ &#8211; JETZT ANMELDEN"},"content":{"rendered":"\n<p class=\"wp-block-paragraph\">Zum <strong>\u00d6KF FORUM 2025<\/strong> m\u00fcssen wir nat\u00fcrlich unseren Heimvorteil nutzen und freuen uns eine so hochkar\u00e4tige Veranstaltung in Ober\u00f6sterreich zu haben.  Zwei Tage voller <strong>Fachvortr\u00e4ge<\/strong> , <strong>Diskussionsrunden<\/strong> und <strong>Networking-M\u00f6glichkeiten<\/strong> unter dem Motto<\/p>\n\n\n\n<p class=\"has-medium-font-size wp-block-paragraph\"><strong>Unser gemeinsames Ziel: Lebendige Gew\u00e4sser<\/strong><br \/><strong>17.\u201318. Oktober 2025 | Linz<\/strong><\/p>\n\n\n\n<p class=\"wp-block-paragraph\">werden spannende Einblicke und praxisnahe Diskussionen bieten. Der Erfahrungsaustausch mit Expertinnen  und Experten aus Fischerei, Gew\u00e4sserschutz und Vereinsarbeit sowie die Vernetzung mit dem \u00d6KF-Vorstand und weiteren Teilnehmenden sind von unsch\u00e4tzbarem Wert.<\/p>\n\n\n\n\n\n<p class=\"has-large-font-size wp-block-paragraph\"><strong>DAS \u00d6KF FORUM BIETET:<\/strong><\/p>\n\n\n\n<p class=\"wp-block-paragraph\">\u00b7&nbsp;&nbsp;&nbsp;&nbsp;&nbsp;&nbsp;&nbsp;&nbsp;<strong>Top-Fachvortr\u00e4ge<\/strong>&nbsp;<br \/>\u00b7&nbsp;&nbsp;&nbsp;&nbsp;&nbsp;&nbsp;&nbsp;&nbsp;<strong>Interaktive Diskussionsrunden<\/strong><br \/>\u00b7&nbsp;&nbsp;&nbsp;&nbsp;&nbsp;&nbsp;&nbsp;&nbsp;<strong>Ausgiebiges Netzwerken<\/strong><\/p>\n\n\n\n<figure class=\"wp-block-image size-full is-resized\"><img loading=\"lazy\" decoding=\"async\" width=\"774\" height=\"112\" src=\"https:\/\/huberpower.com\/wordpress\/wp-content\/uploads\/2024\/04\/image-40.png\" alt=\"\" class=\"wp-image-32049\" style=\"aspect-ratio:6.911538998186131;width:840px;height:auto\" srcset=\"https:\/\/huberpower.com\/wordpress\/wp-content\/uploads\/2024\/04\/image-40.png 774w, https:\/\/huberpower.com\/wordpress\/wp-content\/uploads\/2024\/04\/image-40-450x65.png 450w\" sizes=\"auto, (max-width: 774px) 100vw, 774px\" \/><\/figure>\n\n\n\n<h2 class=\"wp-block-heading\">Themenschwerpunkt 1:<\/h2>\n\n\n\n<p class=\"wp-block-paragraph\"><strong>Freitag, 17. Oktober 2025 13.00 \u2013 18.00 Uhr<\/strong><\/p>\n\n\n\n<p class=\"wp-block-paragraph\"><strong>MehrWert der Angelfischerei \u2013 Herausforderungen in der \u00f6ffentlichen Wahrnehmung<\/strong><strong><\/strong><\/p>\n\n\n\n<p class=\"wp-block-paragraph\">Eine wertsch\u00e4tzende Wahrnehmung der Angelfischerei ist unerl\u00e4sslich, um dem Lebensraum Wasser die Aufmerksamkeit und Anerkennung zukommen zu lassen, die er verdient. Im Fokus stehen moderne \u00d6ffentlichkeitsarbeit, das professionelle Auftreten der Fischer:innen sowie die Frage, wie die Anliegen der Angelfischerei sichtbar gemacht und die Bedeutung der Vereinsarbeit wirkungsvoll nach au\u00dfen getragen werden k\u00f6nnen. Besonderes Augenmerk liegt auf der F\u00f6rderung von Wissen und Kompetenz sowie dem Wohl der Fische \u2013 von der waidgerechten Behandlung bis zur aktiven Mitgestaltung gesunder Gew\u00e4sser. Erg\u00e4nzend wird beleuchtet, wie digitale M\u00f6glichkeiten die Vereinsarbeit bereichern und neue Wege der Kommunikation er\u00f6ffnen k\u00f6nnen.<\/p>\n\n\n\n<h2 class=\"wp-block-heading\">Themenschwerpunkt 2:&nbsp;<\/h2>\n\n\n\n<p class=\"wp-block-paragraph\"><strong>Samstag, 18. Oktober 2025 | 9:00 \u2013 17:00 Uhr<\/strong><br \/><strong>Perspektiven f\u00fcr lebendige Gew\u00e4sser \u2013 Damit unsere Fische eine Zukunft haben<\/strong><\/p>\n\n\n\n<p class=\"wp-block-paragraph\">Am Samstag r\u00fccken wir den Lebensraum der Fische in den Mittelpunkt. Gemeinsam mit Fachleuten diskutieren wir, wie Reviere nachhaltig gepflegt, das \u00dcberleben der Fischbest\u00e4nde gesichert und Herausforderungen wie Fischfresser, Verbauungen und Klimawandel bew\u00e4ltigt werden k\u00f6nnen. Die Renaturierung als Schl\u00fcssel zu lebendigen Gew\u00e4ssern und einer zukunftsf\u00e4higen Fischerei steht dabei im Zentrum. Gleichzeitig wird thematisiert, warum Renaturierung allein nicht ausreicht, um bedrohte Fischbest\u00e4nde vor dem Fra\u00dfdruck der Fischfresser zu sch\u00fctzen.<\/p>\n\n\n\n<p class=\"has-medium-font-size wp-block-paragraph\"><strong><mark style=\"background-color:rgba(0, 0, 0, 0)\" class=\"has-inline-color has-luminous-vivid-orange-color\">Nutzen Sie die Gelegenheit zum Austausch, zur Weiterbildung und zur aktiven Mitgestaltung einer nachhaltigen Zukunft der Fischerei!<\/mark><\/strong><\/p>\n\n\n\n<p class=\"wp-block-paragraph\">Viel Spa\u00df im Forum und beim wertvollen Austausch!<\/p>\n\n\n\n<h2 class=\"wp-block-heading\"><strong>Kontaktdaten \u00d6KF<\/strong><\/h2>\n\n\n\n<p class=\"wp-block-paragraph\"><img loading=\"lazy\" decoding=\"async\" width=\"392\" height=\"50\" src=\"https:\/\/mail.google.com\/mail\/u\/0?ui=2&amp;ik=52f53d27f2&amp;attid=0.1&amp;permmsgid=msg-f:1836522486284598886&amp;th=197ca3789102be66&amp;view=fimg&amp;fur=ip&amp;permmsgid=msg-f:1836522486284598886&amp;sz=s0-l75-ft&amp;attbid=ANGjdJ-FK3gzjOiycWBFG9BTn4ZX4Kk-gWH7euhn72bXnNG3bUni_VlBdyORS9cgU3GXY6rwgdlZCotNpPTLOA0XCMBcP31PfU9oJntYtI_wY1TWejCP0Q2Y076GEB0&amp;disp=emb&amp;zw\"\/><\/p>\n\n\n\n<p class=\"has-medium-font-size wp-block-paragraph\"><strong>\u00d6KF &#8211; \u00d6sterreichisches Kuratorium f\u00fcr Fischerei und Gew\u00e4sserschutz<\/strong><br \/>A-1230 Wien, Breitenfurter Stra\u00dfe 335<br \/>Gesch\u00e4ftsf\u00fchrung: Fr. Sonja Behr<br \/>T 0660 2278100 | <br \/>Mail:&nbsp;<a href=\"mailto:sonja.behr@oekf.at\" target=\"_blank\" rel=\"noreferrer noopener\">sonja.behr@oekf.at<\/a>&nbsp;<br \/>WEB:&nbsp;<a href=\"http:\/\/www.oekf.at\/\" target=\"_blank\" rel=\"noreferrer noopener\">www.oekf.at<\/a><\/p>\n\n\n\n<h2 class=\"wp-block-heading has-medium-font-size\">Weitere Informationen<\/h2>\n\n\n\n<figure class=\"wp-block-embed is-type-wp-embed is-provider-fischereimanagement-salzkammergut wp-block-embed-fischereimanagement-salzkammergut\"><div class=\"wp-block-embed__wrapper\">\n<blockquote class=\"wp-embedded-content\" data-secret=\"KFDgkje4Dg\"><a href=\"https:\/\/huberpower.com\/wordpress\/?page_id=32042\">\u00d6KF FISHLIFE<\/a><\/blockquote><iframe loading=\"lazy\" class=\"wp-embedded-content\" sandbox=\"allow-scripts\" security=\"restricted\" style=\"position: absolute; visibility: hidden;\" title=\"&#8222;\u00d6KF FISHLIFE&#8220; &#8212; Fischereimanagement Salzkammergut\" src=\"https:\/\/huberpower.com\/wordpress\/?page_id=32042&#038;embed=true#?secret=O8fJsWisRT#?secret=KFDgkje4Dg\" data-secret=\"KFDgkje4Dg\" width=\"600\" height=\"338\" frameborder=\"0\" marginwidth=\"0\" marginheight=\"0\" scrolling=\"no\"><\/iframe>\n<\/div><figcaption class=\"wp-element-caption\">\u00d6KF FishLife vertritt als ANERKANNTER UMWELTVERBAND die Interessen seiner Mitglieder in allen Belangen des waid- und hegegerechten Angelns und setzt sich auf \u00f6sterreichischer und internationaler Ebene daf\u00fcr ein, die Aus\u00fcbung der Angelfischerei zu unterst\u00fctzen, zu sichern und zu f\u00f6rdern.<br \/>Ein Angler geht ans Wasser, sucht Erholung und m\u00f6chte Fische fangen. Doch f\u00fcr erfolgreiches Angeln braucht man intakte Gew\u00e4sser mit einem gesunden Fischbestand. Es besteht eine massive Diskrepanz, wie Angler sich selbst sehen und wie sie von anderen wahrgenommen werden.<\/figcaption><\/figure>\n\n\n\n<figure class=\"wp-block-embed is-type-wp-embed is-provider-fischereimanagement-salzkammergut wp-block-embed-fischereimanagement-salzkammergut\"><div class=\"wp-block-embed__wrapper\">\n<blockquote class=\"wp-embedded-content\" data-secret=\"v0fz9F2Z65\"><a href=\"https:\/\/huberpower.com\/wordpress\/?p=34165\">\u00d6KF AUF DER 100-JAHRFEIER FROSKG<\/a><\/blockquote><iframe loading=\"lazy\" class=\"wp-embedded-content\" sandbox=\"allow-scripts\" security=\"restricted\" style=\"position: absolute; visibility: hidden;\" title=\"&#8222;\u00d6KF AUF DER 100-JAHRFEIER FROSKG&#8220; &#8212; Fischereimanagement Salzkammergut\" src=\"https:\/\/huberpower.com\/wordpress\/?p=34165&#038;embed=true#?secret=P7P4wyS2Vo#?secret=v0fz9F2Z65\" data-secret=\"v0fz9F2Z65\" width=\"600\" height=\"338\" frameborder=\"0\" marginwidth=\"0\" marginheight=\"0\" scrolling=\"no\"><\/iframe>\n<\/div><figcaption class=\"wp-element-caption\">Ein gro\u00dfer Freude und Ehre war die Teilnahme von der Gesch\u00e4ftsf\u00fchrerin Sonja Behr und des Pr\u00e4sidenten des \u00d6KF FishLife, Dr. vet. med. Heinz Heistinger. Vielen Danke f\u00fcr euer kommen. Das \u00d6KF FishLife vertritt als anerkannter Umweltverband unsere Interessen in allen Belangen des waid- und hegegerechten Angelns und setzt sich auf \u00f6sterreichischer und internationaler Ebene daf\u00fcr ein, die Aus\u00fcbung der Angelfischerei zu unterst\u00fctzen, zu sichern und zu f\u00f6rdern.<\/figcaption><\/figure>\n\n\n\n<figure class=\"wp-block-embed is-type-wp-embed is-provider-fischereimanagement-salzkammergut wp-block-embed-fischereimanagement-salzkammergut\"><div class=\"wp-block-embed__wrapper\">\n<blockquote class=\"wp-embedded-content\" data-secret=\"NLt9RTOXui\"><a href=\"https:\/\/huberpower.com\/wordpress\/?p=29304\">WAHL IM FISCHEREIREVIER OBERES SALZKAMMERGUT<\/a><\/blockquote><iframe loading=\"lazy\" class=\"wp-embedded-content\" sandbox=\"allow-scripts\" security=\"restricted\" style=\"position: absolute; visibility: hidden;\" title=\"&#8222;WAHL IM FISCHEREIREVIER OBERES SALZKAMMERGUT&#8220; &#8212; Fischereimanagement Salzkammergut\" src=\"https:\/\/huberpower.com\/wordpress\/?p=29304&#038;embed=true#?secret=ANOZqLJ4yk#?secret=NLt9RTOXui\" data-secret=\"NLt9RTOXui\" width=\"600\" height=\"338\" frameborder=\"0\" marginwidth=\"0\" marginheight=\"0\" scrolling=\"no\"><\/iframe>\n<\/div><figcaption class=\"wp-element-caption\">Zu den Aufgaben des \u201e<strong>Fischereirevier Oberes Salzkammergut<\/strong>\u201c geh\u00f6rt jene lt. O\u00d6. Fischereigesetz definierten Aufgaben, die von der O\u00d6. Landesregierung an den O\u00d6. Landesfischereiverband \u00fcbertragen wurden und sich auf den lokalen geografischen Bereich beziehen, wie die Jungfischer-Ausbildung zum Erwerb der Fischerkarte, der Fischereischutz, oder Programme zum Erhalt der lokalen Fischbest\u00e4nde und vielen Revitalisierungsprojekten an unseren Gew\u00e4ssern.<\/figcaption><\/figure>\n\n\n\n<figure class=\"wp-block-embed is-type-wp-embed is-provider-fischereimanagement-salzkammergut wp-block-embed-fischereimanagement-salzkammergut\"><div class=\"wp-block-embed__wrapper\">\n<blockquote class=\"wp-embedded-content\" data-secret=\"uZ9r3HjRYe\"><a href=\"https:\/\/huberpower.com\/wordpress\/?p=27256\">DIE ANGELFISCHEREI IN \u00d6STERREICH UND DEREN SOZIO-\u00d6KONOMISCHE BEDEUTUNG<\/a><\/blockquote><iframe loading=\"lazy\" class=\"wp-embedded-content\" sandbox=\"allow-scripts\" security=\"restricted\" style=\"position: absolute; visibility: hidden;\" title=\"&#8222;DIE ANGELFISCHEREI IN \u00d6STERREICH UND DEREN SOZIO-\u00d6KONOMISCHE BEDEUTUNG&#8220; &#8212; Fischereimanagement Salzkammergut\" src=\"https:\/\/huberpower.com\/wordpress\/?p=27256&#038;embed=true#?secret=W759LJvGK8#?secret=uZ9r3HjRYe\" data-secret=\"uZ9r3HjRYe\" width=\"600\" height=\"338\" frameborder=\"0\" marginwidth=\"0\" marginheight=\"0\" scrolling=\"no\"><\/iframe>\n<\/div><figcaption class=\"wp-element-caption\">Die Angelfischerei hat in \u00d6sterreich eine bedeutende sozio-\u00f6konomische Rolle, wie eine umfassende Studie des MARKET-Instituts&nbsp;<strong><mark>im Auftrag des \u00d6sterreichischen Kuratoriums f\u00fcr Fischerei und Gew\u00e4sserschutz (\u00d6KF)&nbsp;<\/mark><\/strong>ergeben hat. Die Umfrage zeigte eine erstaunlich hohe Anzahl an Fischerinnen und Fischer in \u00d6sterreich, ihre Ansichten zu den diversen Aspekten der Angelfischerei und ihre Verantwortung f\u00fcr die Erhaltung naturnaher Gew\u00e4sser. Finanziert wurde die Studie vom BML und mehreren Fischereiorganisationen, der \u00d6sterreichische Fischereigesellschaft gegr. 1880 und dem Verband \u00d6sterreichischer Arbeiter-Fischereiverein \u2013 V\u00d6AFV. Der umfassende Bericht, ein Folder zur Studie und die Daten der Umfrage k\u00f6nnen von der Homepage des \u00d6KF heruntergeladen werden.<\/figcaption><\/figure>\n\n\n\n<figure class=\"wp-block-embed is-type-wp-embed is-provider-fischereimanagement-salzkammergut wp-block-embed-fischereimanagement-salzkammergut\"><div class=\"wp-block-embed__wrapper\">\n<blockquote class=\"wp-embedded-content\" data-secret=\"dFHy6Ibu5R\"><a href=\"https:\/\/huberpower.com\/wordpress\/?p=39139\">JUBIL\u00c4UMSAUSGABE &#8211; LEBENDIGE B\u00c4CHE UND FL\u00dcSSE<\/a><\/blockquote><iframe loading=\"lazy\" class=\"wp-embedded-content\" sandbox=\"allow-scripts\" security=\"restricted\" style=\"position: absolute; visibility: hidden;\" title=\"&#8222;JUBIL\u00c4UMSAUSGABE &#8211; LEBENDIGE B\u00c4CHE UND FL\u00dcSSE&#8220; &#8212; Fischereimanagement Salzkammergut\" src=\"https:\/\/huberpower.com\/wordpress\/?p=39139&#038;embed=true#?secret=P9YHlexXcT#?secret=dFHy6Ibu5R\" data-secret=\"dFHy6Ibu5R\" width=\"600\" height=\"338\" frameborder=\"0\" marginwidth=\"0\" marginheight=\"0\" scrolling=\"no\"><\/iframe>\n<\/div><figcaption class=\"wp-element-caption\">Dass die Revitalisierung von kleinen Flie\u00dfgew\u00e4ssern aber auch ohne gro\u00dfen technischen Aufwand m\u00f6glich ist, zeigt das Buch Lebendige B\u00e4che und Fl\u00fcsse.<\/figcaption><\/figure>\n\n\n\n<figure class=\"wp-block-embed is-type-wp-embed is-provider-fischereimanagement-salzkammergut wp-block-embed-fischereimanagement-salzkammergut\"><div class=\"wp-block-embed__wrapper\">\n<blockquote class=\"wp-embedded-content\" data-secret=\"LBwGpeP7LG\"><a href=\"https:\/\/huberpower.com\/wordpress\/?p=19267\">DAS GROSSE REVITALISIERUNGS BUCH<\/a><\/blockquote><iframe loading=\"lazy\" class=\"wp-embedded-content\" sandbox=\"allow-scripts\" security=\"restricted\" style=\"position: absolute; visibility: hidden;\" title=\"&#8222;DAS GROSSE REVITALISIERUNGS BUCH&#8220; &#8212; Fischereimanagement Salzkammergut\" src=\"https:\/\/huberpower.com\/wordpress\/?p=19267&#038;embed=true#?secret=nydsJLSm8O#?secret=LBwGpeP7LG\" data-secret=\"LBwGpeP7LG\" width=\"600\" height=\"338\" frameborder=\"0\" marginwidth=\"0\" marginheight=\"0\" scrolling=\"no\"><\/iframe>\n<\/div><figcaption class=\"wp-element-caption\">Nebst der Wichtigkeit von Unterst\u00e4nden und der Schaffung von Laichpl\u00e4tzen werden auch bisher in der Revitalisierungsdiskussion weniger beachtete Details beleuchtet. So wird gezeigt, wie mit dem Einbringen von Strohs\u00e4cken die Menge an Makrozoobenthos, darunter das aktuelle Tier des Jahres, der Bachflohkrebs, punktuell massiv gesteigert und Jungfischen so ein regelrechtes Schlaraffenland geschaffen werden kann. Auch wie eine richtige Einm\u00fcndung eines Nebenbachs auszusehen hat, wird anschaulich erkl\u00e4rt. Und ebenso wird die sich stetig versch\u00e4rfende Problematik von tendenziell weniger Niederschl\u00e4gen und immer h\u00e4ufiger auftretendem Starkregen sowie die allgemeine Erw\u00e4rmung eingehend behandelt. Es wird beispielsweise detailliert dokumentiert, welchen Einfluss Steine und fehlende Beschattung auf die Wassertemperatur haben oder welche Gefahren von einem starken Algenwachstum ausgehen.<\/figcaption><\/figure>\n\n\n\n<p style=\"text-align: center;\"><span style=\"color: #99cc00;\"><strong>&#8222;Zusammenkommen ist ein Anfang, zusammenbleiben ist ein Fortschritt,<p style=\"text-align: center;\"><span style=\"color: #99cc00;\"><strong> zusammenarbeiten ist ein echter Erfolg.&#8220;<\/strong><\/span><\/p><p style=\"text-align: center;\"><\/p><p style=\"text-align: center;\">Zitat: Henry Ford<\/p><p style=\"text-align: center;\"><a href=\"https:\/\/huberpower.com\/wordpress\"><img loading=\"lazy\" decoding=\"async\" class=\"aligncenter size-full wp-image-121\" title=\"20080303_17463_Home 250x Fisherman is Home_3333_bearbeitet-1\" src=\"https:\/\/huberpower.com\/wordpress\/wp-content\/uploads\/2012\/07\/20080303_17463_Home-250x-Fisherman-is-Home_3333_bearbeitet-1.jpg\" alt=\"\" width=\"208\" height=\"243\"\/><\/a><\/p>&nbsp;\n<\/strong><\/span><\/p>","protected":false},"excerpt":{"rendered":"<p>Zum \u00d6KF FORUM 2025 m\u00fcssen wir nat\u00fcrlich unseren Heimvorteil nutzen und freuen uns eine so hochkar\u00e4tige Veranstaltung in Ober\u00f6sterreich zu haben. Zwei Tage voller Fachvortr\u00e4ge , Diskussionsrunden und Networking-M\u00f6glichkeiten unter&#8230; <a class=\"read-more\" href=\"https:\/\/huberpower.com\/wordpress\/?p=38879\">[Weiterlesen]<\/a><\/p>\n","protected":false},"author":4,"featured_media":39161,"comment_status":"closed","ping_status":"open","sticky":false,"template":"","format":"standard","meta":{"_crdt_document":"","footnotes":""},"categories":[250,94,189,491],"tags":[],"class_list":["post-38879","post","type-post","status-publish","format-standard","has-post-thumbnail","hentry","category-ausbildung","category-fischereirevier-oberes-salzkammergut","category-stakeholder","category-oekf-fishlife"],"_links":{"self":[{"href":"https:\/\/huberpower.com\/wordpress\/index.php?rest_route=\/wp\/v2\/posts\/38879","targetHints":{"allow":["GET"]}}],"collection":[{"href":"https:\/\/huberpower.com\/wordpress\/index.php?rest_route=\/wp\/v2\/posts"}],"about":[{"href":"https:\/\/huberpower.com\/wordpress\/index.php?rest_route=\/wp\/v2\/types\/post"}],"author":[{"embeddable":true,"href":"https:\/\/huberpower.com\/wordpress\/index.php?rest_route=\/wp\/v2\/users\/4"}],"replies":[{"embeddable":true,"href":"https:\/\/huberpower.com\/wordpress\/index.php?rest_route=%2Fwp%2Fv2%2Fcomments&post=38879"}],"version-history":[{"count":13,"href":"https:\/\/huberpower.com\/wordpress\/index.php?rest_route=\/wp\/v2\/posts\/38879\/revisions"}],"predecessor-version":[{"id":39164,"href":"https:\/\/huberpower.com\/wordpress\/index.php?rest_route=\/wp\/v2\/posts\/38879\/revisions\/39164"}],"wp:featuredmedia":[{"embeddable":true,"href":"https:\/\/huberpower.com\/wordpress\/index.php?rest_route=\/wp\/v2\/media\/39161"}],"wp:attachment":[{"href":"https:\/\/huberpower.com\/wordpress\/index.php?rest_route=%2Fwp%2Fv2%2Fmedia&parent=38879"}],"wp:term":[{"taxonomy":"category","embeddable":true,"href":"https:\/\/huberpower.com\/wordpress\/index.php?rest_route=%2Fwp%2Fv2%2Fcategories&post=38879"},{"taxonomy":"post_tag","embeddable":true,"href":"https:\/\/huberpower.com\/wordpress\/index.php?rest_route=%2Fwp%2Fv2%2Ftags&post=38879"}],"curies":[{"name":"wp","href":"https:\/\/api.w.org\/{rel}","templated":true}]}}