{"id":3560,"date":"2013-08-20T21:47:37","date_gmt":"2013-08-20T19:47:37","guid":{"rendered":"http:\/\/huberpower.com\/wordpress\/?p=3560"},"modified":"2024-03-25T14:04:09","modified_gmt":"2024-03-25T13:04:09","slug":"blau-punkt-forellen","status":"publish","type":"post","link":"https:\/\/huberpower.com\/wordpress\/?p=3560","title":{"rendered":"BLAU PUNKT FORELLEN"},"content":{"rendered":"<figure id=\"attachment_3570\" aria-describedby=\"caption-attachment-3570\" style=\"width: 447px\" class=\"wp-caption aligncenter\"><a href=\"https:\/\/huberpower.com\/wordpress\/wp-content\/uploads\/2013\/08\/huberpower-100-43.jpg\"><img loading=\"lazy\" decoding=\"async\" class=\" wp-image-3570\" src=\"https:\/\/huberpower.com\/wordpress\/wp-content\/uploads\/2013\/08\/huberpower-100-43.jpg\" alt=\"huberpower-100-4\" width=\"447\" height=\"129\" srcset=\"https:\/\/huberpower.com\/wordpress\/wp-content\/uploads\/2013\/08\/huberpower-100-43.jpg 1600w, https:\/\/huberpower.com\/wordpress\/wp-content\/uploads\/2013\/08\/huberpower-100-43-300x86.jpg 300w, https:\/\/huberpower.com\/wordpress\/wp-content\/uploads\/2013\/08\/huberpower-100-43-1024x295.jpg 1024w, https:\/\/huberpower.com\/wordpress\/wp-content\/uploads\/2013\/08\/huberpower-100-43-680x196.jpg 680w\" sizes=\"auto, (max-width: 447px) 100vw, 447px\" \/><\/a><figcaption id=\"caption-attachment-3570\" class=\"wp-caption-text\">Mit einem Panjet injizierte Kennzeichnung zwischen die Brusdtflossen, bei einer jungen Bachforellen (Salmo trutta)<\/figcaption><\/figure>\n<p><span style=\"font-size: small;\">Markierte Bachforellen im Rahmen des &#8222;<strong><span style=\"color: #99cc00;\">Aktionsplan ARGE Bachforelle<\/span><\/strong>&#8222;, welcher zum Ziel hat, die allgemeine \u00f6kologische und speziell auch die fischereiliche Situation im Salzkammergut zu verbessern, sind in der Oberen Traun kontrollierte Eins\u00e4tze mit Bachforellen gemacht worden. Alle eingesetzten Fische sind mit Farbpunkten zwischen den Brustflosse markiert worden. <\/span><\/p>\n<figure id=\"attachment_3572\" aria-describedby=\"caption-attachment-3572\" style=\"width: 461px\" class=\"wp-caption aligncenter\"><img loading=\"lazy\" decoding=\"async\" class=\" wp-image-3572 \" src=\"https:\/\/huberpower.com\/wordpress\/wp-content\/uploads\/2013\/08\/huberpower-100-34.jpg\" alt=\"huberpower-100-3\" width=\"461\" height=\"249\" srcset=\"https:\/\/huberpower.com\/wordpress\/wp-content\/uploads\/2013\/08\/huberpower-100-34.jpg 1600w, https:\/\/huberpower.com\/wordpress\/wp-content\/uploads\/2013\/08\/huberpower-100-34-300x162.jpg 300w, https:\/\/huberpower.com\/wordpress\/wp-content\/uploads\/2013\/08\/huberpower-100-34-1024x552.jpg 1024w, https:\/\/huberpower.com\/wordpress\/wp-content\/uploads\/2013\/08\/huberpower-100-34-680x367.jpg 680w\" sizes=\"auto, (max-width: 461px) 100vw, 461px\" \/><figcaption id=\"caption-attachment-3572\" class=\"wp-caption-text\">Im Bundesamt f\u00fcr Wasserwirtschaft, Institut f\u00fcr Gew\u00e4sser\u00f6kologie wurden die Bachforellen markiert. Hier Wolfgang und Harald bei der Markierung mit Injektionspistole PanJet und einer blauen Farbmarkierung (Farbstoff: Alcyanblau)<\/figcaption><\/figure>\n<p>&nbsp;<\/p>\n<ul>\n<li>Durchgef\u00fchrt wurde die Markierung und der Besatz am 24. Juli 2013<\/li>\n<li>Gesamtzahl der markierten Bachforellen: 312 St\u00fcck<\/li>\n<li>Ausf\u00e4lle: 0 (Null)<\/li>\n<li>Test mit speziellen BF Stamm &#8211; der resistent sein soll gegen h\u00f6here Wassertemperaturen (Versuch)<\/li>\n<li>Die Markierungen wurden durchgef\u00fchrt von FM Wolfgang Hauer in der BAW in Scharfling<\/li>\n<li>Methode Punktmarkierung mit Druckinjektor (Panjet) Farbe Alcianblau<\/li>\n<li>Markierungstelle: 1 Punkt\u00a0 Flossenansatz der Bauchflosse (Ventralis) in Schwimmlage rechts &#8211; siehe Foto<\/li>\n<\/ul>\n<figure id=\"attachment_3537\" aria-describedby=\"caption-attachment-3537\" style=\"width: 480px\" class=\"wp-caption aligncenter\"><a href=\"https:\/\/huberpower.com\/wordpress\/wp-content\/uploads\/2013\/08\/huberpower-100-32.jpg\"><img loading=\"lazy\" decoding=\"async\" class=\" wp-image-3537 \" src=\"https:\/\/huberpower.com\/wordpress\/wp-content\/uploads\/2013\/08\/huberpower-100-32.jpg\" alt=\"huberpower-100-3\" width=\"480\" height=\"346\" srcset=\"https:\/\/huberpower.com\/wordpress\/wp-content\/uploads\/2013\/08\/huberpower-100-32.jpg 1390w, https:\/\/huberpower.com\/wordpress\/wp-content\/uploads\/2013\/08\/huberpower-100-32-300x215.jpg 300w, https:\/\/huberpower.com\/wordpress\/wp-content\/uploads\/2013\/08\/huberpower-100-32-1024x736.jpg 1024w, https:\/\/huberpower.com\/wordpress\/wp-content\/uploads\/2013\/08\/huberpower-100-32-680x489.jpg 680w\" sizes=\"auto, (max-width: 480px) 100vw, 480px\" \/><\/a><figcaption id=\"caption-attachment-3537\" class=\"wp-caption-text\">Blauer Punkt im Bereich der Bauchflosse (Ventralis)<\/figcaption><\/figure>\n<p>Bei 10% der Fische wurde eine Messung durchgef\u00fchrt:<\/p>\n<p style=\"text-align: center;\"><a href=\"https:\/\/huberpower.com\/wordpress\/wp-content\/uploads\/2013\/08\/BLAU-PUNKT-FORELLEN-2013_HAH_088.jpg\"><img loading=\"lazy\" decoding=\"async\" class=\"aligncenter size-full wp-image-3564\" src=\"https:\/\/huberpower.com\/wordpress\/wp-content\/uploads\/2013\/08\/BLAU-PUNKT-FORELLEN-2013_HAH_088.jpg\" alt=\"BLAU PUNKT FORELLEN 2013_HAH_088\" width=\"291\" height=\"688\" \/><\/a><\/p>\n<h4 style=\"text-align: left;\">Workflow bei der Fischmarkierung<\/h4>\n<h4 style=\"text-align: center;\"><a href=\"https:\/\/huberpower.com\/wordpress\/wp-content\/uploads\/2013\/08\/Markierungskreislauf_HAH_093.jpg\"><img loading=\"lazy\" decoding=\"async\" class=\"wp-image-3605 aligncenter\" src=\"https:\/\/huberpower.com\/wordpress\/wp-content\/uploads\/2013\/08\/Markierungskreislauf_HAH_093.jpg\" alt=\"Markierungskreislauf_HAH_093\" width=\"444\" height=\"247\" srcset=\"https:\/\/huberpower.com\/wordpress\/wp-content\/uploads\/2013\/08\/Markierungskreislauf_HAH_093.jpg 1234w, https:\/\/huberpower.com\/wordpress\/wp-content\/uploads\/2013\/08\/Markierungskreislauf_HAH_093-300x166.jpg 300w, https:\/\/huberpower.com\/wordpress\/wp-content\/uploads\/2013\/08\/Markierungskreislauf_HAH_093-1024x569.jpg 1024w, https:\/\/huberpower.com\/wordpress\/wp-content\/uploads\/2013\/08\/Markierungskreislauf_HAH_093-680x378.jpg 680w\" sizes=\"auto, (max-width: 444px) 100vw, 444px\" \/><\/a><\/h4>\n<h4>Betaeubung der Fische<\/h4>\n<p>Als Fischbet\u00e4ubungsmittel hat sich MS 222 von der Firma Sandoz bew\u00e4hrt. Je nach Fischart braucht man eine L\u00f6sung von 50 &#8211; 100 mg\/l. MS 222 ist eines der bew\u00e4hrtesten Fischan\u00e4sthetika. Kann auch mit einer Dosis von 10 mg pro Liter Wasser zum Beruhigen von Fischen w\u00e4hrend des Transportes eingesetzt werden. Die Dosis zum Bet\u00e4uben f\u00fcr Abstriche oder beim Markieren, je nach Gr\u00f6\u00dfe der Fische werden 50 bis 130 mg\/l ben\u00f6tigt. Sp\u00e4testens nach 15 Minuten ist der Fisch in frisches Wasser zu setzen, wo er sich dann im Laufe von weiteren 15 Minuten erholt. Neben der Beteubung mit MS 222, gibt es auch noch die M\u00f6glichkeit mit Nelken\u00f6l.<\/p>\n<figure id=\"attachment_3571\" aria-describedby=\"caption-attachment-3571\" style=\"width: 461px\" class=\"wp-caption aligncenter\"><a href=\"https:\/\/huberpower.com\/wordpress\/wp-content\/uploads\/2013\/08\/huberpower-100-24.jpg\"><img loading=\"lazy\" decoding=\"async\" class=\" wp-image-3571\" src=\"https:\/\/huberpower.com\/wordpress\/wp-content\/uploads\/2013\/08\/huberpower-100-24.jpg\" alt=\"huberpower-100-2\" width=\"461\" height=\"195\" srcset=\"https:\/\/huberpower.com\/wordpress\/wp-content\/uploads\/2013\/08\/huberpower-100-24.jpg 1600w, https:\/\/huberpower.com\/wordpress\/wp-content\/uploads\/2013\/08\/huberpower-100-24-300x127.jpg 300w, https:\/\/huberpower.com\/wordpress\/wp-content\/uploads\/2013\/08\/huberpower-100-24-1024x433.jpg 1024w, https:\/\/huberpower.com\/wordpress\/wp-content\/uploads\/2013\/08\/huberpower-100-24-680x288.jpg 680w\" sizes=\"auto, (max-width: 461px) 100vw, 461px\" \/><\/a><figcaption id=\"caption-attachment-3571\" class=\"wp-caption-text\">Hier bei der Vermessung der Bachforellen!<\/figcaption><\/figure>\n<h3 style=\"text-align: left;\">Besatz der markierten Fische<\/h3>\n<p>Die markierten 312 Bachforellen, wurden im Bereich des Fahrzeugmuseum, oberhalb von Bad Ischl eingesetzt. Soweit wir das bis jetzt beobachten konnten, sind es sehr standorttreue Fische und es konnten schon eine gr\u00f6\u00dfere Anzahl in diesen Bereich beobachtet, gefangen und auch wieder zur\u00fcckgesetzt werden.<br \/>\n<strong><span style=\"color: #99cc00;\">Eingesetz bei Flu\u00df &#8211; km 108<\/span><\/strong><\/p>\n<figure id=\"attachment_3575\" aria-describedby=\"caption-attachment-3575\" style=\"width: 461px\" class=\"wp-caption aligncenter\"><a href=\"https:\/\/huberpower.com\/wordpress\/wp-content\/uploads\/2013\/07\/huberpower-100-52.jpg\"><img loading=\"lazy\" decoding=\"async\" class=\" wp-image-3575\" src=\"https:\/\/huberpower.com\/wordpress\/wp-content\/uploads\/2013\/07\/huberpower-100-52.jpg\" alt=\"huberpower-100-5\" width=\"461\" height=\"259\" srcset=\"https:\/\/huberpower.com\/wordpress\/wp-content\/uploads\/2013\/07\/huberpower-100-52.jpg 1600w, https:\/\/huberpower.com\/wordpress\/wp-content\/uploads\/2013\/07\/huberpower-100-52-300x168.jpg 300w, https:\/\/huberpower.com\/wordpress\/wp-content\/uploads\/2013\/07\/huberpower-100-52-1024x576.jpg 1024w, https:\/\/huberpower.com\/wordpress\/wp-content\/uploads\/2013\/07\/huberpower-100-52-680x382.jpg 680w\" sizes=\"auto, (max-width: 461px) 100vw, 461px\" \/><\/a><figcaption id=\"caption-attachment-3575\" class=\"wp-caption-text\">Die markierten Fische wurden hier auf H\u00f6he &#8222;Fahrzeugmuseum&#8220;, oberhalb von Bad Ischl eingesetzt!<\/figcaption><\/figure>\n<figure id=\"attachment_3578\" aria-describedby=\"caption-attachment-3578\" style=\"width: 485px\" class=\"wp-caption aligncenter\"><a href=\"https:\/\/huberpower.com\/wordpress\/wp-content\/uploads\/2013\/07\/Besatzstelle-Blau-Punkt-Forellen_HAH_090.jpg\"><img loading=\"lazy\" decoding=\"async\" class=\" wp-image-3578\" src=\"https:\/\/huberpower.com\/wordpress\/wp-content\/uploads\/2013\/07\/Besatzstelle-Blau-Punkt-Forellen_HAH_090.jpg\" alt=\"Besatzstelle Blau Punkt Forellen_HAH_090\" width=\"485\" height=\"335\" srcset=\"https:\/\/huberpower.com\/wordpress\/wp-content\/uploads\/2013\/07\/Besatzstelle-Blau-Punkt-Forellen_HAH_090.jpg 898w, https:\/\/huberpower.com\/wordpress\/wp-content\/uploads\/2013\/07\/Besatzstelle-Blau-Punkt-Forellen_HAH_090-300x207.jpg 300w, https:\/\/huberpower.com\/wordpress\/wp-content\/uploads\/2013\/07\/Besatzstelle-Blau-Punkt-Forellen_HAH_090-680x469.jpg 680w\" sizes=\"auto, (max-width: 485px) 100vw, 485px\" \/><\/a><figcaption id=\"caption-attachment-3578\" class=\"wp-caption-text\">Lageplan \u00fcber den Besatz der &#8222;Blau Punkt Forellen&#8220; am 24. Juli 2013<\/figcaption><\/figure>\n<h3 style=\"text-align: left;\">FANGMELDUNGEN<\/h3>\n<p style=\"text-align: left;\">Wichtig ist, dass wir m\u00f6glichst viele Fangmeldungen und auch Meldungen \u00fcber die Sichtung von Bachforellen an der &#8222;Oberen Traun&#8220; bekommen. Speziell ab Ende August ist es wahrscheinlich, dass es auch <strong><span style=\"color: #99cc00;\"><em>lethargisch<\/em>, im Uferbereich stehende, ev. auch dunkle bis schwarz gef\u00e4rbte Bachforellen<\/span> <\/strong>beobachtet werden. Bitte diese Beobachtungen unverz\u00fcglich, am besten telefonisch melden.<\/p>\n<h3>RUECKMELDUNGEN<\/h3>\n<ul>\n<li>Fangdatum :&#8230;&#8230;&#8230;&#8230;&#8230;&#8230;&#8230;&#8230;&#8230;&#8230;&#8230;&#8230;&#8230;&#8230;&#8230;&#8230;&#8230;&#8230;&#8230;&#8230;&#8230;&#8230;&#8230;&#8230;&#8230;&#8230;&#8230;..<\/li>\n<li>Fangort: &#8230;&#8230;&#8230;&#8230;&#8230;&#8230;&#8230;&#8230;&#8230;&#8230;&#8230;&#8230;&#8230;&#8230;&#8230;&#8230;&#8230;&#8230;&#8230;&#8230;&#8230;&#8230;&#8230;&#8230;&#8230;&#8230;&#8230;&#8230;&#8230;..<\/li>\n<li>L\u00e4nge und Gewicht : &#8230;&#8230;&#8230;&#8230;&#8230;&#8230;&#8230;&#8230;&#8230;&#8230;&#8230;&#8230;&#8230;&#8230;&#8230;&#8230;&#8230;&#8230;&#8230;&#8230;&#8230;&#8230;&#8230;<\/li>\n<li>Allf\u00e4llige Bemerkungen : &#8230;&#8230;&#8230;&#8230;&#8230;&#8230;&#8230;&#8230;&#8230;&#8230;&#8230;&#8230;&#8230;&#8230;&#8230;&#8230;&#8230;&#8230;&#8230;&#8230;..<\/li>\n<li>Gefangen\/Beobachtet von : &#8230;&#8230;&#8230;&#8230;&#8230;&#8230;&#8230;&#8230;&#8230;&#8230;&#8230;&#8230;&#8230;&#8230;&#8230;&#8230;&#8230;&#8230;.<\/li>\n<li>Die Meldungen und allf\u00e4llige Fragen sind an folgende Adresse zu richten:<br \/>\n<h4>Heimo A. Huber<br \/>\nTel.: +43 676 831 20 230<\/h4>\n<p>EMAIL: <a href=\"mailto:arge.bachforelle@live.at\">arge.bachforelle@live.at<\/a><\/li>\n<\/ul>\n<p>Weitere Informationen unter:<\/p>\n<p><a href=\"https:\/\/huberpower.com\/wordpress\/?p=3360\" target=\"_blank\" rel=\"noopener\">Bachforellen Inventur<\/a><\/p>\n<p>&nbsp;<\/p>\n<h3 style=\"text-align: center;\">\u00a0Danke fuer deine Mitarbeit!<\/h3>\n<p>&nbsp;<\/p>\n<p style=\"text-align: center;\"><span style=\"color: #99cc00;\"><strong>&#8222;Kann man es sich finanziell leisten, zu versuchen den<br \/>\nBachforellen zu helfen?<br \/>\nAlleine diese Frage ist schon traurig. Richtig m\u00fcsste sie lauten:<br \/>\nKann man es sich leisten, nichts dagegen zu unternehmen!<br \/>\n(Zitat: Kurt Hutterer, ARGE Bachforelle) &#8222;<\/strong><\/span><\/p>\n<p style=\"text-align: center;\">\n<p style=\"text-align: center;\"><span style=\"color: #99cc00;\"><br \/>\n<\/span><\/p>\n","protected":false},"excerpt":{"rendered":"<p>Markierte Bachforellen im Rahmen des &#8222;Aktionsplan ARGE Bachforelle&#8222;, welcher zum Ziel hat, die allgemeine \u00f6kologische und speziell auch die fischereiliche Situation im Salzkammergut zu verbessern, sind in der Oberen Traun&#8230; <a class=\"read-more\" href=\"https:\/\/huberpower.com\/wordpress\/?p=3560\">[Weiterlesen]<\/a><\/p>\n","protected":false},"author":2,"featured_media":3571,"comment_status":"closed","ping_status":"closed","sticky":false,"template":"","format":"standard","meta":{"_crdt_document":"","footnotes":""},"categories":[83,74],"tags":[],"class_list":["post-3560","post","type-post","status-publish","format-standard","has-post-thumbnail","hentry","category-arge-bachforelle","category-bachforelle"],"_links":{"self":[{"href":"https:\/\/huberpower.com\/wordpress\/index.php?rest_route=\/wp\/v2\/posts\/3560","targetHints":{"allow":["GET"]}}],"collection":[{"href":"https:\/\/huberpower.com\/wordpress\/index.php?rest_route=\/wp\/v2\/posts"}],"about":[{"href":"https:\/\/huberpower.com\/wordpress\/index.php?rest_route=\/wp\/v2\/types\/post"}],"author":[{"embeddable":true,"href":"https:\/\/huberpower.com\/wordpress\/index.php?rest_route=\/wp\/v2\/users\/2"}],"replies":[{"embeddable":true,"href":"https:\/\/huberpower.com\/wordpress\/index.php?rest_route=%2Fwp%2Fv2%2Fcomments&post=3560"}],"version-history":[{"count":2,"href":"https:\/\/huberpower.com\/wordpress\/index.php?rest_route=\/wp\/v2\/posts\/3560\/revisions"}],"predecessor-version":[{"id":30614,"href":"https:\/\/huberpower.com\/wordpress\/index.php?rest_route=\/wp\/v2\/posts\/3560\/revisions\/30614"}],"wp:featuredmedia":[{"embeddable":true,"href":"https:\/\/huberpower.com\/wordpress\/index.php?rest_route=\/wp\/v2\/media\/3571"}],"wp:attachment":[{"href":"https:\/\/huberpower.com\/wordpress\/index.php?rest_route=%2Fwp%2Fv2%2Fmedia&parent=3560"}],"wp:term":[{"taxonomy":"category","embeddable":true,"href":"https:\/\/huberpower.com\/wordpress\/index.php?rest_route=%2Fwp%2Fv2%2Fcategories&post=3560"},{"taxonomy":"post_tag","embeddable":true,"href":"https:\/\/huberpower.com\/wordpress\/index.php?rest_route=%2Fwp%2Fv2%2Ftags&post=3560"}],"curies":[{"name":"wp","href":"https:\/\/api.w.org\/{rel}","templated":true}]}}