{"id":28515,"date":"2024-01-01T19:51:32","date_gmt":"2024-01-01T18:51:32","guid":{"rendered":"http:\/\/huberpower.com\/wordpress\/?p=28515"},"modified":"2024-03-25T14:37:41","modified_gmt":"2024-03-25T13:37:41","slug":"revierfahne","status":"publish","type":"post","link":"https:\/\/huberpower.com\/wordpress\/?p=28515","title":{"rendered":"REVIERFAHNE"},"content":{"rendered":"\n<p class=\"wp-block-paragraph\">Im Salzkammergut pflegen wir unsere Traditionen und Werte, diese sind f\u00fcr uns von gro\u00dfer Bedeutung.<br \/>Wie k\u00f6nnte man das besser symbolisieren als mit einer Zunftfahne! Welche f\u00fcr unsere Werte rund um die<br \/>Fischerei steht.<\/p>\n\n\n\n<figure class=\"wp-block-image size-full is-resized\"><img loading=\"lazy\" decoding=\"async\" width=\"697\" height=\"378\" src=\"https:\/\/huberpower.com\/wordpress\/wp-content\/uploads\/2024\/01\/image-13.png\" alt=\"\" class=\"wp-image-28614\" style=\"width:835px;height:auto\" srcset=\"https:\/\/huberpower.com\/wordpress\/wp-content\/uploads\/2024\/01\/image-13.png 697w, https:\/\/huberpower.com\/wordpress\/wp-content\/uploads\/2024\/01\/image-13-450x244.png 450w\" sizes=\"auto, (max-width: 697px) 100vw, 697px\" \/><\/figure>\n\n\n\n<p class=\"wp-block-paragraph\">Der Name \u201eTraun&#8220; ist vorr\u00f6mischen Ursprungs wissen die Philologen, obwohl ihn schriftliche Quellen erst um 700 festgehalten haben. Er bedeutet \u201eLauf&#8220; im Zusammenhang mit dem indogermanischen \u201elaufen, eilen&#8220;. Was liegt daher n\u00e4her, als unsere 100 Jahr Feier vom Fischereirevier Oberes Salzkammergut in Lauffen zu feiern.<\/p>\n\n\n\n<h2 class=\"wp-block-heading\"><strong>Der Fischfang an der Oberen Traun <\/strong><\/h2>\n\n\n\n<p class=\"wp-block-paragraph\"><strong><mark style=\"background-color:rgba(0, 0, 0, 0)\" class=\"has-inline-color has-luminous-vivid-orange-color\">Es ist dazu jeder Fischer, Fischereischutzorgan und Bewirtschafter eingeladen, mit seiner Teilnahme an der Segnung der &#8222;Revierfahne&#8220; am 29. Juni 2024 dabei zu sein und beim Gelingen diese Veranstaltung mitzuhelfen um der Fischerei ihren Stellenwert in der heutigen Gesellschaft zu geben. <\/mark><\/strong><\/p>\n\n\n\n<h3 class=\"wp-block-heading\"><strong>Jahrtausendelange Tradition<\/strong><\/h3>\n\n\n\n<p class=\"wp-block-paragraph\">Den der Fischfang an der Oberen Traun hat \u00e4lteste Tradition, weil schon unmittelbar nach der letzten Eiszeit nachgewiesen ist, dass sich ent\u00adlang des Oberlaufes stets eine Besiedlung erstreckt hat. Deren Bev\u00f6lkerung verwendete in der Urzeit bereits Angelhaken aus Knochen. Auch aus der Hallstattzeit (erste Jahrtausend-h\u00e4lfte v. Chr.) haben sich so gedeutete Funde erhalten.<\/p>\n\n\n\n<p class=\"wp-block-paragraph\">Aus der r\u00f6mischen Phase (erste Jahrtausend-h\u00e4lfte n. Chr.) ist uns erstmals eine rechtliche Seite des Fischens bekannt. Bereits damals war die Fischerei Zubeh\u00f6r von Grund und Boden. Wenn die Ansicht haltbar sein sollte, dass das innere Salzkammergut eine Montanregion und damit kaiserliche Dom\u00e4ne gewesen ist, <strong><mark style=\"background-color:rgba(0, 0, 0, 0)\" class=\"has-inline-color has-luminous-vivid-orange-color\">waren die Kaiser Roms die ersten Oberherren \u00fcber eine hier heimische Fischerschaft.<\/mark><\/strong><\/p>\n\n\n\n<p class=\"wp-block-paragraph\">Zur zweite Jahrtausendh\u00e4lfte n. Chr. war die Fischerei nach \u00e4lterem deutschen Recht in den gr\u00f6\u00dferen Fl\u00fcssen wie der Donau frei, auf allen \u00fcbrigen Gew\u00e4ssern stand sie den Grundherren zu. Erst mit der Ausbildung der Landeshoheit im 12. und 13. Jhdt. beanspruch\u00adten die Territorialherren ein Obereigentum, das Fischregal, wie es ihnen aus dem herzog\u00adlich-k\u00f6niglichen Besitz zugewachsen und zugeteilt worden ist.<\/p>\n\n\n\n<h3 class=\"wp-block-heading\">Fischereirechte anno dazumal<\/h3>\n\n\n\n<p class=\"wp-block-paragraph\">Im Mittelalter befand sich das Fisch\u00adrecht in zwei H\u00e4nden, der landes\u00adf\u00fcrstlichen und jener der \u00c4btissin von Traun\u00adkirchen. Im Gegensatz zu den landesf\u00fcst\u00adlichen Fischw\u00e4ssern sind Angaben \u00fcber die von Traunkirchen ab dem 14. Jhdt., etwa aus den Jahren 1325 und 1347, \u00fcberliefert. Im \u00e4ltesten Stiftsurbar werden besonders die \u201eVischwaiden&#8220; am Offensee, Frauenwei\u00dfenbach und der Ebenseer Traun erw\u00e4hnt. Bereits damals konnten der \u00c4btissin Klosterfischer bis gegen Ischl auf der Traun Fische fangen, und drei Stunden im Jahr hatten \u201ei<strong><mark style=\"background-color:rgba(0, 0, 0, 0)\" class=\"has-inline-color has-luminous-vivid-orange-color\">hre Vischer unterm Lauffen schicken sollen<\/mark><\/strong>&#8222;, um das Fischrecht dort nicht zu ver\u00adlieren. Denn 1358 und 1359 m\u00fcssen die Herz\u00f6ge Albrecht II. und Rudolf III. das Kloster vor \u00dcbergriffen auf die \u201eVischwaiden im Yschlland&#8220; bewahren. Hundert Jahre sp\u00e4ter, etwa 1447, sind die Angaben noch genauer. Man kennt jetzt einen \u201e<strong>Vischmaister<\/strong>&#8222;, der den Nonnen 120 Saiblinge und Forellen senden musste und auch ihr Arrichfischen an diesem See zu bestimmten Zeiten wahrzunehmen hatte. Zur gleichen Zeit h\u00f6ren wir von den ersten <strong><mark style=\"background-color:rgba(0, 0, 0, 0)\" class=\"has-inline-color has-luminous-vivid-orange-color\">Goiserer \u201eVischlechen&#8220;<\/mark><\/strong> und sechs Traun Fischern mit Namen Steffel Dietel, Cristan Pfaffenknecht, Michel Smid, Hainrich Holl, Steffel Meittel und Kristan Frostl, die jeder 300 Fische, einen Seelachs und Geld an das Kloster zu Zinsen hatten. <\/p>\n\n\n\n<h2 class=\"wp-block-heading\">Unsere Revierfahne ist fertig<\/h2>\n\n\n\n<p class=\"wp-block-paragraph\">Wer h\u00e4tte das gedacht, dass die Gestaltung unserer Revierfahne eine recht aufwendige Angelegenheit war. Wobei wenn man das Kunstwerk jetzt bewundert, sieht man das sehr viel Handarbeit notwendig ist und viele Details bedacht werden m\u00fcssen, angefangen von der grafischen Gestaltung und den erforderlichen Vorlagen, bis hin zur Fahnenspitze, Fahnenwage, Karabiner und Fahnenstange. Es freut mich, dass wir diese zeitgerecht bestellt und fristgerecht geliefert bekommen haben. Hier ein paar Fotos von unserer &#8222;Fischereirevier Fahne&#8220;:  <\/p>\n\n\n\n<h3 class=\"wp-block-heading\">Vorder Seite der Revier Fahne<\/h3>\n\n\n\n<p class=\"wp-block-paragraph\">Das vordere Fahnenblatt &#8211; mittg voll naturell gestickt die Darstellung des Heiligen Petrus. In Gold gestickt in Schriftart moderne fraktur der Spruch:<\/p>\n\n\n\n<p class=\"has-text-align-center has-medium-font-size wp-block-paragraph\"><strong><mark style=\"background-color:rgba(0, 0, 0, 0)\" class=\"has-inline-color has-luminous-vivid-orange-color\">&#8222;Sankt Petrus Besch\u00fctze den Fischerstand&#8220;<\/mark><\/strong><\/p>\n\n\n\n<figure class=\"wp-block-image size-full is-resized\"><img loading=\"lazy\" decoding=\"async\" width=\"749\" height=\"992\" src=\"https:\/\/huberpower.com\/wordpress\/wp-content\/uploads\/2024\/01\/image-15.png\" alt=\"\" class=\"wp-image-28617\" style=\"width:837px;height:auto\" srcset=\"https:\/\/huberpower.com\/wordpress\/wp-content\/uploads\/2024\/01\/image-15.png 749w, https:\/\/huberpower.com\/wordpress\/wp-content\/uploads\/2024\/01\/image-15-242x320.png 242w\" sizes=\"auto, (max-width: 749px) 100vw, 749px\" \/><\/figure>\n\n\n\n<p class=\"wp-block-paragraph\">Aufbauend auf diese uralte Tradition im Salzkammergut, wollen wir mit unserer Revierfahne ein Symbol schaffen, f\u00fcr die Fischerei und f\u00fcr eine k\u00fcnftigen Wertsch\u00e4tzung unserer Gew\u00e4sser und deren Bewirtschaftung.<\/p>\n\n\n\n<h3 class=\"wp-block-heading\">Fahnenblatt R\u00fcckseite <\/h3>\n\n\n\n<p class=\"wp-block-paragraph\">Ist voll naturell gestickt mit einer \u00c4sche sowie das O\u00d6-Landeswappen mit Herzogshut und in gold gestickt in moderner Schriftwart &#8222;Fischereirevier Oberes Salzkammergut&#8220;. In allen 4 Ecken gold linear gestickte Ornamente samt gold gestickten Verbindungslinien inkl. 3-seitiger Goldbefransung inkl. Holzquerstab innen.<\/p>\n\n\n\n<figure class=\"wp-block-image size-full is-resized\"><img loading=\"lazy\" decoding=\"async\" width=\"747\" height=\"945\" src=\"https:\/\/huberpower.com\/wordpress\/wp-content\/uploads\/2024\/01\/image-16.png\" alt=\"\" class=\"wp-image-28619\" style=\"width:835px;height:auto\" srcset=\"https:\/\/huberpower.com\/wordpress\/wp-content\/uploads\/2024\/01\/image-16.png 747w, https:\/\/huberpower.com\/wordpress\/wp-content\/uploads\/2024\/01\/image-16-253x320.png 253w\" sizes=\"auto, (max-width: 747px) 100vw, 747px\" \/><\/figure>\n\n\n\n<p class=\"wp-block-paragraph\">Hier wurden von der in Ried im Innkreis ans\u00e4ssigen Firma RIDIA ein wares Kunstwerk geschaffen, eine Investition in die n\u00e4chsten 100 Jahre der Fischerei-Kultur im Salzkammergut.<\/p>\n\n\n\n<h3 class=\"wp-block-heading\"><strong>Sch\u00e4rpe f\u00fcr den Fahnentr\u00e4ger<\/strong><\/h3>\n\n\n<div class=\"wp-block-image\">\n<figure class=\"alignleft size-full is-resized\"><img loading=\"lazy\" decoding=\"async\" width=\"607\" height=\"967\" src=\"https:\/\/huberpower.com\/wordpress\/wp-content\/uploads\/2024\/01\/image-18.png\" alt=\"\" class=\"wp-image-28623\" style=\"width:133px;height:auto\" srcset=\"https:\/\/huberpower.com\/wordpress\/wp-content\/uploads\/2024\/01\/image-18.png 607w, https:\/\/huberpower.com\/wordpress\/wp-content\/uploads\/2024\/01\/image-18-201x320.png 201w\" sizes=\"auto, (max-width: 607px) 100vw, 607px\" \/><\/figure>\n<\/div>\n\n\n<p class=\"wp-block-paragraph\">Nicht nur bei den Olympischen Spielen ist jedes Mal die Neugierde gro\u00df, wer denn f\u00fcr welches Land die Rolle des Fahnentr\u00e4gers \u00fcbernimmt. Auch bei uns im <strong>Fischereirievie Oberes Salzkammergut<\/strong> gilt es einen Fahnentr\u00e4ger zu finden. F\u00fcr diese wichtige Rolle werden wir bei der n\u00e4chsten Fischereirevirvollversammlung einen Fahnentr\u00e4ger abstimmen d\u00fcrfen. Auch die T\u00e4tigkeit des Fahnentr\u00e4gers hat eine lange Tradition und reicht bis zum fr\u00fchen Altertum zur\u00fcck. Am allerwichtigsten zu wissen, ist, dass die Fahne der ganze Stolz unseres Fischereireviere sein wird. Insofern ist es eine besonders ehrenvolle Aufgabe, zum Fahnentr\u00e4ger auserw\u00e4hlt zu werden. Die Aufgaben des Fahnentr\u00e4gers scheinen einfach, sind sie aber nicht. Sie sind mit einer gro\u00dfen Verantwortung gekoppelt, der sich jeder, der dieses Amt aus\u00fcben m\u00f6chte, im vollen Ma\u00dfe bewusst sein sollte. Es ist nicht nur die Aufgabe die Fahne, die uns als Fischereirevier pr\u00e4sentieren. <\/p>\n\n\n\n<h3 class=\"wp-block-heading\">Fahnen Vitrine im Kaiserin Elisabeth Kaffehaus<\/h3>\n\n\n\n<p class=\"wp-block-paragraph\">Au\u00dferdem muss sich der F\u00e4hnrich auch um die Pflege der Vereinsfahne k\u00fcmmern. F\u00fcr die richtige Aufbewahrung, sodass die Fahne keinen Schaden nimmt und beim n\u00e4chsten Einsatz wieder erstrahlen kann, konnten wir mit der <strong>Familie L\u00f6w<\/strong> schon eine Regelung finden. So werden wir im neurenovierten Salzfertiger Haus, in dem das &#8222;<strong>Kaiserin Elisabeth Kaffehaus<\/strong>&#8220; untergebracht ist, im Voraum zu den Veranstaltungsr\u00e4umen im 1. Stock, die M\u00f6glichkeit bekommen eine Vitrine f\u00fcr unserer Revierfahne aufzuh\u00e4ngen. Mitunter auch ein sehr wichtige Vereinbarung, was die Pflege und w\u00fcrdige Aufbewahrung unserer Fahne betrifft.<\/p>\n\n\n\n<p class=\"wp-block-paragraph\">Nachdem wir k\u00fcnfig planen, diese rep\u00e4sentativen R\u00e4umlichkeiten f\u00fcr Schulungen und Besprechungen zu nutzen, konnte hier ein perfekter Platz gefunden werden.  <\/p>\n\n\n\n<h2 class=\"wp-block-heading\">Weitere Informtionen  <\/h2>\n\n\n\n<figure class=\"wp-block-embed is-type-wp-embed is-provider-fischereimanagement-salzkammergut wp-block-embed-fischereimanagement-salzkammergut\"><div class=\"wp-block-embed__wrapper\">\n<blockquote class=\"wp-embedded-content\" data-secret=\"mN1KKHYWZ6\"><a href=\"https:\/\/huberpower.com\/wordpress\/?p=20545\">ZUNFTFAHNE DER FISCHEREI<\/a><\/blockquote><iframe loading=\"lazy\" class=\"wp-embedded-content\" sandbox=\"allow-scripts\" security=\"restricted\" style=\"position: absolute; clip: rect(1px, 1px, 1px, 1px);\" title=\"&#8222;ZUNFTFAHNE DER FISCHEREI&#8220; &#8212; Fischereimanagement Salzkammergut\" src=\"https:\/\/huberpower.com\/wordpress\/?p=20545&#038;embed=true#?secret=xuUUwdQZLN#?secret=mN1KKHYWZ6\" data-secret=\"mN1KKHYWZ6\" width=\"600\" height=\"338\" frameborder=\"0\" marginwidth=\"0\" marginheight=\"0\" scrolling=\"no\"><\/iframe>\n<\/div><\/figure>\n\n\n\n<figure class=\"wp-block-embed is-type-wp-embed is-provider-fischereimanagement-salzkammergut wp-block-embed-fischereimanagement-salzkammergut\"><div class=\"wp-block-embed__wrapper\">\n<blockquote class=\"wp-embedded-content\" data-secret=\"t5dMQ2DDjJ\"><a href=\"https:\/\/huberpower.com\/wordpress\/?p=24781\">FESTPROGRAMM ZUR 100-JAHRE FEIER FROSKG AM 29. JUNI 2024<\/a><\/blockquote><iframe loading=\"lazy\" class=\"wp-embedded-content\" sandbox=\"allow-scripts\" security=\"restricted\" style=\"position: absolute; clip: rect(1px, 1px, 1px, 1px);\" title=\"&#8222;FESTPROGRAMM ZUR 100-JAHRE FEIER FROSKG AM 29. JUNI 2024&#8220; &#8212; Fischereimanagement Salzkammergut\" src=\"https:\/\/huberpower.com\/wordpress\/?p=24781&#038;embed=true#?secret=xpwJeyMsFQ#?secret=t5dMQ2DDjJ\" data-secret=\"t5dMQ2DDjJ\" width=\"600\" height=\"338\" frameborder=\"0\" marginwidth=\"0\" marginheight=\"0\" scrolling=\"no\"><\/iframe>\n<\/div><\/figure>\n\n\n\n&nbsp;<p style=\"text-align: center;\"><strong><span style=\"color: #99cc00;\">\u201eDen Fischereirevieren obliegt es, neben den ihnen nach dem O\u00d6. Landesgesetz zugewiesenen Aufgaben, <\/span><\/strong><\/p><p style=\"text-align: center;\"><strong><span style=\"color: #99cc00;<\/span><\/span><\/strong><\/p><p style=\"text-align: center;\">die Fischerei in all ihren Zweigen nachhaltige zu f\u00f6rdern.\n\u201c<\/p><p style=\"text-align: center;\">O\u00d6. Landefischereigesetz \u00a733<\/p><p style=\"text-align: center;\"><\/p>\n&nbsp;\n","protected":false},"excerpt":{"rendered":"<p>Im Salzkammergut pflegen wir unsere Traditionen und Werte, diese sind f\u00fcr uns von gro\u00dfer Bedeutung.Wie k\u00f6nnte man das besser symbolisieren als mit einer Zunftfahne! Welche f\u00fcr unsere Werte rund um&#8230; <a class=\"read-more\" href=\"https:\/\/huberpower.com\/wordpress\/?p=28515\">[Weiterlesen]<\/a><\/p>\n","protected":false},"author":4,"featured_media":28516,"comment_status":"closed","ping_status":"open","sticky":false,"template":"","format":"standard","meta":{"_crdt_document":"","footnotes":""},"categories":[231,94,156,220],"tags":[],"class_list":["post-28515","post","type-post","status-publish","format-standard","has-post-thumbnail","hentry","category-100-jahre-froskg","category-fischereirevier-oberes-salzkammergut","category-geschichte","category-lauffen"],"_links":{"self":[{"href":"https:\/\/huberpower.com\/wordpress\/index.php?rest_route=\/wp\/v2\/posts\/28515","targetHints":{"allow":["GET"]}}],"collection":[{"href":"https:\/\/huberpower.com\/wordpress\/index.php?rest_route=\/wp\/v2\/posts"}],"about":[{"href":"https:\/\/huberpower.com\/wordpress\/index.php?rest_route=\/wp\/v2\/types\/post"}],"author":[{"embeddable":true,"href":"https:\/\/huberpower.com\/wordpress\/index.php?rest_route=\/wp\/v2\/users\/4"}],"replies":[{"embeddable":true,"href":"https:\/\/huberpower.com\/wordpress\/index.php?rest_route=%2Fwp%2Fv2%2Fcomments&post=28515"}],"version-history":[{"count":14,"href":"https:\/\/huberpower.com\/wordpress\/index.php?rest_route=\/wp\/v2\/posts\/28515\/revisions"}],"predecessor-version":[{"id":31566,"href":"https:\/\/huberpower.com\/wordpress\/index.php?rest_route=\/wp\/v2\/posts\/28515\/revisions\/31566"}],"wp:featuredmedia":[{"embeddable":true,"href":"https:\/\/huberpower.com\/wordpress\/index.php?rest_route=\/wp\/v2\/media\/28516"}],"wp:attachment":[{"href":"https:\/\/huberpower.com\/wordpress\/index.php?rest_route=%2Fwp%2Fv2%2Fmedia&parent=28515"}],"wp:term":[{"taxonomy":"category","embeddable":true,"href":"https:\/\/huberpower.com\/wordpress\/index.php?rest_route=%2Fwp%2Fv2%2Fcategories&post=28515"},{"taxonomy":"post_tag","embeddable":true,"href":"https:\/\/huberpower.com\/wordpress\/index.php?rest_route=%2Fwp%2Fv2%2Ftags&post=28515"}],"curies":[{"name":"wp","href":"https:\/\/api.w.org\/{rel}","templated":true}]}}