{"id":2759,"date":"2017-01-05T09:29:29","date_gmt":"2017-01-05T08:29:29","guid":{"rendered":"http:\/\/huberpower.com\/wordpress\/?p=2759"},"modified":"2024-09-11T23:35:28","modified_gmt":"2024-09-11T21:35:28","slug":"biber-an-der-ager","status":"publish","type":"post","link":"https:\/\/huberpower.com\/wordpress\/?p=2759","title":{"rendered":"BIBER AN DER AGER UND DER VOECKLA"},"content":{"rendered":"\n<p class=\"wp-block-paragraph\">In 2013 hat auch die R\u00fcckkehr des Biber an die Ager stattgefunden. Ob und bis wann der Biber in fr\u00fcherer Zeit, an der Ager und V\u00f6ckla vorgekommen sein mag, dar\u00fcber konnte ich noch keine Aufzeichnungen und Belege finden. Aus meiner Sicht, muss ein Vorkommen von Biber in das 19. Jahrhundert zur\u00fcck gehen. Denn auch in verf\u00fcgbaren Aufzeichnungen von Hanns K\u00f6ttl, der die Fischerei in unserer Region im 19. Jahrhundert sehr gepr\u00e4gt hat und auch weit dar\u00fcber hinaus, hat \u00fcber Biber keinen Vermerk gemacht. In diesen Aufzeichnungen, die Gro\u00dfteils auch noch einen Zeitraum vor einer Industrialisierung, am Ende des 19. Jahrhunderts beschreiben, wurde \u00fcber das Vorkommen von Wassertieren, neben den Fischen berichtet, Biber waren jedoch nicht angef\u00fchrt.<\/p>\n\n\n\n\n<div class=\"wp-block-image\">\n<figure class=\"alignleft is-resized\"><a href=\"https:\/\/huberpower.com\/wordpress\/wp-content\/uploads\/2013\/04\/HAH_Expor-44-111.jpg\"><img loading=\"lazy\" decoding=\"async\" width=\"1000\" height=\"669\" src=\"https:\/\/huberpower.com\/wordpress\/wp-content\/uploads\/2013\/04\/HAH_Expor-44-111.jpg\" alt=\"HAH_Expor-44-11\" class=\"wp-image-2768\" style=\"width:871px;height:auto\" srcset=\"https:\/\/huberpower.com\/wordpress\/wp-content\/uploads\/2013\/04\/HAH_Expor-44-111.jpg 1000w, https:\/\/huberpower.com\/wordpress\/wp-content\/uploads\/2013\/04\/HAH_Expor-44-111-300x200.jpg 300w, https:\/\/huberpower.com\/wordpress\/wp-content\/uploads\/2013\/04\/HAH_Expor-44-111-680x454.jpg 680w\" sizes=\"auto, (max-width: 1000px) 100vw, 1000px\" \/><\/a><figcaption class=\"wp-element-caption\">F\u00fcr die Lenzing AG muss der Biber, eine zus\u00e4tzliche Best\u00e4tigung sein, f\u00fcr die get\u00e4tigten Investitionen in die Wasserreinigung, durch die sich neben vielen Fischen nun auch der Biber wieder wohl f\u00fchlt!<\/figcaption><\/figure>\n<\/div>\n\n\n<h3 class=\"wp-block-heading\">BIBER IN PICHLWANG<\/h3>\n\n\n\n<p class=\"wp-block-paragraph\">Der gute Beobachter wird neuerdings an der Ager in Pichlwang, gleich unterhalb vom Gasthaus Englmayr &#8211; Pichlwang, Gemeindegebiet von Timelkam, O.\u00d6., eines neuen Bewohner des Flussrebensraumes finden. Man kann die typischen Fra\u00dfspuren an B\u00e4umen des Ufergeh\u00f6lzes, sogar von der ober der Ager liegenden Strasse, zwischen Lenzing und V\u00f6cklabruck, ca. 2km unterhalb von Lenzing sehr gut beobachten.<\/p>\n\n\n<div class=\"wp-block-image\">\n<figure class=\"alignleft is-resized\"><a href=\"https:\/\/huberpower.com\/wordpress\/wp-content\/uploads\/2013\/04\/HAH_Expor-442.jpg\"><img loading=\"lazy\" decoding=\"async\" width=\"1000\" height=\"405\" src=\"https:\/\/huberpower.com\/wordpress\/wp-content\/uploads\/2013\/04\/HAH_Expor-442.jpg\" alt=\"HAH_Expor-44\" class=\"wp-image-2764\" style=\"width:863px;height:auto\" srcset=\"https:\/\/huberpower.com\/wordpress\/wp-content\/uploads\/2013\/04\/HAH_Expor-442.jpg 1000w, https:\/\/huberpower.com\/wordpress\/wp-content\/uploads\/2013\/04\/HAH_Expor-442-300x121.jpg 300w, https:\/\/huberpower.com\/wordpress\/wp-content\/uploads\/2013\/04\/HAH_Expor-442-680x275.jpg 680w\" sizes=\"auto, (max-width: 1000px) 100vw, 1000px\" \/><\/a><figcaption class=\"wp-element-caption\">Bald wird es hei\u00dfen &#8222;Baum f\u00e4llt&#8220;! Wie man sieht ist hier neuer Agerstau geplant.<\/figcaption><\/figure>\n<\/div>\n\n\n<p class=\"wp-block-paragraph\">Der seit langer Zeit verschwundene Biber ist eventuell auch hier in seinen Lebensraum zur\u00fcckgekehrt. Es zeigt auch, dass hier direkt unterhalb von der Lenzing AG gelegen Agerabschnitt, sich auch ein Lebensraum erhalten hat, der seit der Bem\u00fchungen der Lenzing AG, die Wasserqualit\u00e4t so zu verbessert, dass sich auch heute der Biber seinen Lebensraum wieder sucht.<\/p>\n\n\n<div class=\"wp-block-image\">\n<figure class=\"alignleft is-resized\"><a href=\"https:\/\/huberpower.com\/wordpress\/wp-content\/uploads\/2013\/04\/HAH_Expor-44-6.jpg\"><img loading=\"lazy\" decoding=\"async\" width=\"1000\" height=\"750\" src=\"https:\/\/huberpower.com\/wordpress\/wp-content\/uploads\/2013\/04\/HAH_Expor-44-6.jpg\" alt=\"OLYMPUS DIGITAL CAMERA\" class=\"wp-image-2769\" style=\"width:861px;height:auto\" srcset=\"https:\/\/huberpower.com\/wordpress\/wp-content\/uploads\/2013\/04\/HAH_Expor-44-6.jpg 1000w, https:\/\/huberpower.com\/wordpress\/wp-content\/uploads\/2013\/04\/HAH_Expor-44-6-300x225.jpg 300w, https:\/\/huberpower.com\/wordpress\/wp-content\/uploads\/2013\/04\/HAH_Expor-44-6-200x150.jpg 200w, https:\/\/huberpower.com\/wordpress\/wp-content\/uploads\/2013\/04\/HAH_Expor-44-6-680x510.jpg 680w\" sizes=\"auto, (max-width: 1000px) 100vw, 1000px\" \/><\/a><figcaption class=\"wp-element-caption\">Hier die Ager, unterhalb von Lenzing geh\u00f6rt heute wieder zu den besten Fischgew\u00e4ssern in \u00d6sterreich &#8211; eingebettet in einer Kulturlanschaft &#8211; mit viel Naturerlebnis!<\/figcaption><\/figure>\n<\/div>\n\n\n<h3 class=\"wp-block-heading\">BIBER SCHAFFT TOTHOLZSTRUKTUREN<\/h3>\n\n\n\n<p class=\"wp-block-paragraph\">Seine Anwesenheit ist aus gew\u00e4seer\u00f6kologischer Sicht eine willkommene Bereicherung . Als nat\u00fcrlicher Flussbaumeiser verbessern und <strong><span style=\"color: #99cc00;\">schafft durch seine Aktivit\u00e4ten allerlei Totholzstrukturen und Unterst\u00e4nde, die als Refugien und Schutzzonen f\u00fcr die Fischbest\u00e4nde<\/span><\/strong> dienen k\u00f6nnen. Nebenbei verj\u00fcngt er damit die Ufervegetation und hilft in dieser Kombination so unsere gef\u00e4hrdeten Fischbest\u00e4nde zu erhalten.<\/p>\n\n\n<div class=\"wp-block-image\">\n<figure class=\"alignleft is-resized\"><a href=\"https:\/\/huberpower.com\/wordpress\/wp-content\/uploads\/2013\/04\/HAH_Expor-44-3.jpg\"><img loading=\"lazy\" decoding=\"async\" width=\"1000\" height=\"662\" src=\"https:\/\/huberpower.com\/wordpress\/wp-content\/uploads\/2013\/04\/HAH_Expor-44-3.jpg\" alt=\"HAH_Expor-44-3\" class=\"wp-image-2770\" style=\"width:866px;height:auto\" srcset=\"https:\/\/huberpower.com\/wordpress\/wp-content\/uploads\/2013\/04\/HAH_Expor-44-3.jpg 1000w, https:\/\/huberpower.com\/wordpress\/wp-content\/uploads\/2013\/04\/HAH_Expor-44-3-300x198.jpg 300w, https:\/\/huberpower.com\/wordpress\/wp-content\/uploads\/2013\/04\/HAH_Expor-44-3-680x450.jpg 680w\" sizes=\"auto, (max-width: 1000px) 100vw, 1000px\" \/><\/a><figcaption class=\"wp-element-caption\">Ist schon sehenswert, die Biberspuren zu beobachten<\/figcaption><\/figure>\n<\/div>\n\n\n<h3 class=\"wp-block-heading\">BIBER FOTOS<\/h3>\n\n\n\n<p class=\"wp-block-paragraph\">Mir ist es leider noch nicht gegl\u00fcckt, einen Biber zu beobachten. Daher habe ich auch noch keine Biber Fotos bei mir abgebildet. Mit etwas Gl\u00fcck bekomme ich jedoch noch einen zu Gesicht. Da ich keine Fotos verwende, die nicht von mir oder zumindest aus meinen direkten Umfeld meiner Fischereifreunde stammen, bin ich hier noch &#8222;biberlos&#8220; im Archiv.<\/p>\n\n\n<div class=\"wp-block-image wp-image-7485 size-medium\">\n<figure class=\"alignleft is-resized\"><img loading=\"lazy\" decoding=\"async\" width=\"450\" height=\"253\" src=\"https:\/\/huberpower.com\/wordpress\/wp-content\/uploads\/2016\/01\/IMG_20170102_202435615-450x253.jpg\" alt=\"\" class=\"wp-image-7485\" style=\"width:870px;height:auto\" srcset=\"https:\/\/huberpower.com\/wordpress\/wp-content\/uploads\/2016\/01\/IMG_20170102_202435615-450x253.jpg 450w, https:\/\/huberpower.com\/wordpress\/wp-content\/uploads\/2016\/01\/IMG_20170102_202435615-1024x576.jpg 1024w, https:\/\/huberpower.com\/wordpress\/wp-content\/uploads\/2016\/01\/IMG_20170102_202435615-680x383.jpg 680w\" sizes=\"auto, (max-width: 450px) 100vw, 450px\" \/><figcaption class=\"wp-element-caption\">Hier ein Foto eines ausgestopften kanadischen Biber! In Freier Wildbahn war es mir bis jetzt versagt, einen zu fotografieren.<\/figcaption><\/figure>\n<\/div>\n\n<div class=\"wp-block-image\">\n<figure class=\"alignleft is-resized\"><a href=\"https:\/\/huberpower.com\/wordpress\/wp-content\/uploads\/2013\/04\/HAH_Expor-44-13.jpg\"><img loading=\"lazy\" decoding=\"async\" width=\"1000\" height=\"662\" src=\"https:\/\/huberpower.com\/wordpress\/wp-content\/uploads\/2013\/04\/HAH_Expor-44-13.jpg\" alt=\"HAH_Expor-44-13\" class=\"wp-image-2771\" style=\"width:870px;height:auto\" srcset=\"https:\/\/huberpower.com\/wordpress\/wp-content\/uploads\/2013\/04\/HAH_Expor-44-13.jpg 1000w, https:\/\/huberpower.com\/wordpress\/wp-content\/uploads\/2013\/04\/HAH_Expor-44-13-300x198.jpg 300w, https:\/\/huberpower.com\/wordpress\/wp-content\/uploads\/2013\/04\/HAH_Expor-44-13-680x450.jpg 680w\" sizes=\"auto, (max-width: 1000px) 100vw, 1000px\" \/><\/a><figcaption class=\"wp-element-caption\">Die Ager, auch als die kleine Schwester der Traun bezeichnet &#8211; zwar auch stark regulier &#8211; hat sich jedoch punktuell einen sehr urspr\u00fcnglichen Lebensraum erhalten.<\/figcaption><\/figure>\n<\/div>\n\n\n<h3 class=\"wp-block-heading\">BIBER (Castor fiber)<\/h3>\n\n\n\n<p class=\"wp-block-paragraph\"><b>Biber<\/b> (Castoridae) sind h\u00f6here S\u00e4ugetiere (Eutheria) und geh\u00f6ren zur Ordnung der Nagetiere (Rodentia). Sie sind die zweitgr\u00f6\u00dften lebenden Nagetiere der Erde, nach den Capybaras. Die Familie besteht heute aus einer einzigen Gattung, <i>Castor<\/i>, die sich in zwei Arten aufteilt. Bei uns handelt es sich um den Europ\u00e4ischen Biber (<i>Castor fiber<\/i>). Das meist braune Fell des Bibers ist mit 23.000 Haaren pro Quadratzentimeter (Mensch: bis zu 600 Haare pro cm<sup>2<\/sup>) sehr dicht und sch\u00fctzt vor N\u00e4sse und Ausk\u00fchlung. Der Pelz wird regelm\u00e4\u00dfig gereinigt und mit einem fetthaltigen Sekret, dem Bibergeil (Castoreum), gepflegt.<\/p>\n\n\n\n<p class=\"wp-block-paragraph\">Mit seinem spindelf\u00f6rmigen K\u00f6rper, einem breiten, abgeplatteten, mit lederartiger Haut bedeckten und unbehaarten Schwanz, Kelle genannt, und den Schwimmh\u00e4uten ist das Tier perfekt an das Leben im Wasser angepasst. Die Kelle dient als Steuer beim Abtauchen sowie zur Temperaturregulation und als Fettdepot. Beim Tauchen werden Nase und Ohren verschlossen; so k\u00f6nnen Biber bis zu 20 Minuten tauchen.<\/p>\n\n\n<div class=\"wp-block-image\">\n<figure class=\"alignleft is-resized\"><a href=\"https:\/\/huberpower.com\/wordpress\/wp-content\/uploads\/2013\/04\/HAH_Expor-44-8.jpg\"><img loading=\"lazy\" decoding=\"async\" width=\"1000\" height=\"750\" src=\"https:\/\/huberpower.com\/wordpress\/wp-content\/uploads\/2013\/04\/HAH_Expor-44-8.jpg\" alt=\"OLYMPUS DIGITAL CAMERA\" class=\"wp-image-2772\" style=\"width:899px;height:auto\" srcset=\"https:\/\/huberpower.com\/wordpress\/wp-content\/uploads\/2013\/04\/HAH_Expor-44-8.jpg 1000w, https:\/\/huberpower.com\/wordpress\/wp-content\/uploads\/2013\/04\/HAH_Expor-44-8-300x225.jpg 300w, https:\/\/huberpower.com\/wordpress\/wp-content\/uploads\/2013\/04\/HAH_Expor-44-8-200x150.jpg 200w, https:\/\/huberpower.com\/wordpress\/wp-content\/uploads\/2013\/04\/HAH_Expor-44-8-680x510.jpg 680w\" sizes=\"auto, (max-width: 1000px) 100vw, 1000px\" \/><\/a><figcaption class=\"wp-element-caption\">Hier eingebettet in das tieferliegende Tal der Ager, haben sich Lebensr\u00e4ume erhalten die sogar den Biber zu gefallen scheinen.<\/figcaption><\/figure>\n<\/div>\n\n\n<h2 class=\"wp-block-heading\">Lebensraum<\/h2>\n\n\n\n<p class=\"wp-block-paragraph\">Der Biber ist ein semiaquatisches S\u00e4ugetier, das hei\u00dft sein Lebensraum sind flie\u00dfende und stehende Gew\u00e4sser und deren Uferbereiche. An Land bewegt er sich aufgrund seines plumpen K\u00f6rperbaus nur langsam. Sein K\u00f6rperbau ist dem Leben im und am Wasser ausgezeichnet angepasst (Kelle als Steuer und Antriebsruder, Schwimmh\u00e4ute an den Hinterf\u00fc\u00dfen, bis zu 23.000 Haare pro Quadratzentimeter K\u00f6rperoberfl\u00e4che und 12.000 Haare pro Quadratzentimeter am R\u00fccken, M\u00f6glichkeit das Fell einzufetten, Geschlechtsorgane im K\u00f6rperinneren, effiziente Ausnutzung des Sauerstoffs, wodurch er bis zu 20&nbsp;Minuten lang tauchen kann). Der Biber besiedelt Flie\u00dfgew\u00e4sser in allen Gr\u00f6\u00dfenkategorien, vom Fluss 1.&nbsp;Ordnung bis hin zum Entw\u00e4sserungsgraben. Ebenso kann er alle Formen von Stillgew\u00e4ssern annehmen, vom Weiher oder Altwasser bis hin zum See. Stehen ihm nur mangelhafte Lebensr\u00e4ume zur Verf\u00fcgung, zeigt sich der Biber mitunter sehr anpassungsf\u00e4hig und siedelt sich auch an au\u00dfergew\u00f6hnlichen Pl\u00e4tzen an, beispielsweise inmitten von Ortschaften oder direkt an Autobahnen, wo dann Geh\u00f6lzpflanzungen nicht selten die wichtigste Nahrungsquelle darstellen.<\/p>\n\n\n<div class=\"wp-block-image\">\n<figure class=\"alignleft is-resized\"><a href=\"https:\/\/huberpower.com\/wordpress\/wp-content\/uploads\/2013\/04\/HAH_Expor-44-10.jpg\"><img loading=\"lazy\" decoding=\"async\" width=\"1000\" height=\"669\" src=\"https:\/\/huberpower.com\/wordpress\/wp-content\/uploads\/2013\/04\/HAH_Expor-44-10.jpg\" alt=\"HAH_Expor-44-10\" class=\"wp-image-2773\" style=\"width:910px;height:auto\" srcset=\"https:\/\/huberpower.com\/wordpress\/wp-content\/uploads\/2013\/04\/HAH_Expor-44-10.jpg 1000w, https:\/\/huberpower.com\/wordpress\/wp-content\/uploads\/2013\/04\/HAH_Expor-44-10-300x200.jpg 300w, https:\/\/huberpower.com\/wordpress\/wp-content\/uploads\/2013\/04\/HAH_Expor-44-10-680x454.jpg 680w\" sizes=\"auto, (max-width: 1000px) 100vw, 1000px\" \/><\/a><figcaption class=\"wp-element-caption\">Bis zu dieser Wehranlage, ist auch bis Anfang des 20. Jahrhunderts der Huchen aufgestiegen. (Heckel 1851; Rippelly 1907)<\/figcaption><\/figure>\n<\/div>\n\n\n<h2 class=\"wp-block-heading\">Kraftwerksneubau zerstoert Lebensaum<\/h2>\n\n\n\n<p class=\"wp-block-paragraph\">Der Lebensraum f\u00fcr den Bieber wurde hier durch einen Kraftwerksbau zerst\u00f6rt. Still und heimlich kam der Biber. Still und heimlich kommen auch nach wie vor KLeinwasserkarftwerk und zerst\u00f6ren unter den Deckmantel: &#8222;<span class=\"title\">Begleitma\u00dfnahmen f\u00fcr die Natur&#8220; &#8211;&nbsp;<\/span>Die Sanierung ist aber nicht nur f\u00fcr die Nutzer von Vorteil, sondern dank der Begleitma\u00dfnahmen auch f\u00fcr die Natur. Die Ager entspricht etwa bereits jetzt dem Zustand, den die WRRL vorsieht? Der Biber ist auch wieder verschwunden! Soviel Konkurenz im Dammbau war sogar dem Bieber zuviel.<\/p>\n\n\n\n<h2 class=\"wp-block-heading\">Natuerliche Feinde<\/h2>\n\n\n\n<p class=\"wp-block-paragraph\">Luchs, Wolf, B\u00e4r und Puma z\u00e4hlten fr\u00fcher zu den wichtigsten nat\u00fcrlichen Feinden des Bibers. Gefahr geht heute am ehesten von wildernden Hunden aus.<\/p>\n\n\n\n<h2 class=\"wp-block-heading\">Biber als Indikator<\/h2>\n\n\n\n<p class=\"wp-block-paragraph\">Betrachtet man Lebensraum und -weise des Bibers genauer, so wird deutlich, dass Probleme im Wesentlichen dort auftreten, wo der Mensch \u2013 aus gesamt\u00f6kologischer Sicht \u2013 durch die Landnutzung zu stark in die Natur eingegriffen hat und dies immer noch tut. Diese Eingriffe des Menschen treffen nicht nur den Biber. Sie beeintr\u00e4chtigen die Lebensgemeinschaften in und an den Gew\u00e4ssern und ihren Auen mit allen dazugeh\u00f6rigen, h\u00e4ufig bedrohten Tier- und Pflanzenarten. Durch das Fehlen ausreichend breiter, gut bestockter Uferstreifen ist die biologische Wirksamkeit und damit die Selbstreinigungskraft der Gew\u00e4sser gemindert und die Gew\u00e4ssergef\u00e4hrdung durch den erm\u00f6glichten D\u00fcnger- und Pestizideinsatz erh\u00f6ht. Jede Sch\u00e4digung der Gew\u00e4sser ist eine Sch\u00e4digung unserer Lebensgrundlage. Dort, wo Biber ausreichenden Lebensraum finden, bestehen auch g\u00fcnstige Voraussetzungen f\u00fcr die Vielfalt des Lebens im und am Wasser. Dies ist wiederum die Voraussetzung daf\u00fcr, dass das Gew\u00e4sser ausreichend Selbstreinigungskraft erlangt, um die vielf\u00e4ltigen Verunreinigungen zu bew\u00e4ltigen (biologischer Abbau).<\/p>\n\n\n<div class=\"wp-block-image\">\n<figure class=\"alignleft is-resized\"><a href=\"https:\/\/huberpower.com\/wordpress\/wp-content\/uploads\/2013\/04\/HAH_Expor-44-5.jpg\"><img loading=\"lazy\" decoding=\"async\" width=\"1000\" height=\"662\" src=\"https:\/\/huberpower.com\/wordpress\/wp-content\/uploads\/2013\/04\/HAH_Expor-44-5.jpg\" alt=\"HAH_Expor-44-5\" class=\"wp-image-2774\" style=\"width:881px;height:auto\" srcset=\"https:\/\/huberpower.com\/wordpress\/wp-content\/uploads\/2013\/04\/HAH_Expor-44-5.jpg 1000w, https:\/\/huberpower.com\/wordpress\/wp-content\/uploads\/2013\/04\/HAH_Expor-44-5-300x198.jpg 300w, https:\/\/huberpower.com\/wordpress\/wp-content\/uploads\/2013\/04\/HAH_Expor-44-5-680x450.jpg 680w\" sizes=\"auto, (max-width: 1000px) 100vw, 1000px\" \/><\/a><figcaption class=\"wp-element-caption\">Biberspuren am Agerufer in Pichlwang (&#8222;Biberwang&#8220;)<\/figcaption><\/figure>\n<\/div>\n\n\n<h2 class=\"wp-block-heading\">Konflikte mit Menschen<\/h2>\n\n\n\n<p class=\"wp-block-paragraph\">Auf Grund ihres B\u00e4umef\u00e4llens sind Biber insbesondere in der Forstwirtschaft unbeliebt. Obwohl sie meist j\u00fcngere B\u00e4ume nutzen, werden teilweise auch ausgewachsene B\u00e4ume angenagt oder gef\u00e4llt. Handelt es sich um forstwirtschaftlich bedeutende Baumarten, kann der Schaden betr\u00e4chtlich sein. Durch das Aufstauen von Gew\u00e4ssern kommt es zu \u00dcberschwemmungen an Gew\u00e4sserrandbereichen. Vor allem Fichtenmonokulturen reagieren empfindlich auf Staun\u00e4sse und k\u00f6nnen absterben. Dammbauten von Bibern in Stra\u00dfenn\u00e4he oder an Unterf\u00fchrungen k\u00f6nnen zu Untersp\u00fclungen f\u00fchren. Manchmal werden Wohnh\u00f6hlen in Hochwasserschutzdeichen angelegt. Diese f\u00fchren dann im Hochwasserfall zu instabilen Deichen und im schlimmsten Fall zum Deichbruch. Durch geeignete Ma\u00dfnahmen an den gef\u00e4hrdeten Stellen kann das Problem allerdings umgangen werden. Im Sommerhalbjahr nutzt der Biber auch Feldfr\u00fcchte in Gew\u00e4ssern\u00e4he. Fra\u00dfsch\u00e4den auf Feldern wurden mehrfach berichtet. Um den Konflikt zwischen Artenschutz einerseits und menschlichen Interessen andererseits zu entsch\u00e4rfen, setzen einige L\u00e4nder auf ein gezieltes Bibermanagement, zu dem auch sog. Biberberater bzw. -betreuer geh\u00f6ren.<\/p>\n\n\n<div class=\"wp-block-image\">\n<figure class=\"alignleft is-resized\"><a href=\"https:\/\/huberpower.com\/wordpress\/wp-content\/uploads\/2013\/04\/HAH_Expor-44-91.jpg\"><img loading=\"lazy\" decoding=\"async\" width=\"1000\" height=\"750\" src=\"https:\/\/huberpower.com\/wordpress\/wp-content\/uploads\/2013\/04\/HAH_Expor-44-91.jpg\" alt=\"OLYMPUS DIGITAL CAMERA\" class=\"wp-image-2775\" style=\"width:894px;height:auto\" srcset=\"https:\/\/huberpower.com\/wordpress\/wp-content\/uploads\/2013\/04\/HAH_Expor-44-91.jpg 1000w, https:\/\/huberpower.com\/wordpress\/wp-content\/uploads\/2013\/04\/HAH_Expor-44-91-300x225.jpg 300w, https:\/\/huberpower.com\/wordpress\/wp-content\/uploads\/2013\/04\/HAH_Expor-44-91-200x150.jpg 200w, https:\/\/huberpower.com\/wordpress\/wp-content\/uploads\/2013\/04\/HAH_Expor-44-91-680x510.jpg 680w\" sizes=\"auto, (max-width: 1000px) 100vw, 1000px\" \/><\/a><figcaption class=\"wp-element-caption\">Der Hauptfeind des Bibers ist heute der Mensch! Hier sollte man ihn seinen Lebensraum lassen! oder?<\/figcaption><\/figure>\n<\/div>\n\n\n<h3 class=\"wp-block-heading\">COMEBACK DER BIBER<\/h3>\n\n\n\n<p class=\"wp-block-paragraph\">Wir wollen ihn willkommen hei\u00dfen! Endlich, aus fischereilicher Sicht, ein Zuwanderer, der als Vegetarier keine Gefahr f\u00fcr die Fische und andere Wasserbewohner mit sich bringt.<\/p>\n\n\n\n<figure class=\"wp-block-image is-resized wp-image-7486 size-medium\"><img loading=\"lazy\" decoding=\"async\" width=\"450\" height=\"253\" src=\"https:\/\/huberpower.com\/wordpress\/wp-content\/uploads\/2016\/01\/2016-12-25-450x253.jpg\" alt=\"\" class=\"wp-image-7486\" style=\"width:839px;height:auto\" srcset=\"https:\/\/huberpower.com\/wordpress\/wp-content\/uploads\/2016\/01\/2016-12-25-450x253.jpg 450w, https:\/\/huberpower.com\/wordpress\/wp-content\/uploads\/2016\/01\/2016-12-25-1024x576.jpg 1024w, https:\/\/huberpower.com\/wordpress\/wp-content\/uploads\/2016\/01\/2016-12-25-680x383.jpg 680w\" sizes=\"auto, (max-width: 450px) 100vw, 450px\" \/><figcaption class=\"wp-element-caption\">Beim Weihnachtspaziergang 2016, konnte ich einige Spuren vom Biber am &#8222;Ager Spitz&#8220;, dem Zusammenfluss der Ager mit der V\u00f6ckla sichten!<\/figcaption><\/figure>\n\n\n\n<h3 class=\"wp-block-heading\">BIBER LITERATUR IN HUELLE UND FUELLE<\/h3>\n\n\n\n<p class=\"wp-block-paragraph\">Meine Herausforderung ist ja, denn Fischen ihren Lebensraum zu retten. Speziell in den Gew\u00e4ssern im Salzkammergut. Daher auch meine Sapzierg\u00e4nge an den Gew\u00e4ssern unserer Heimat, mit Camera &amp; Hund. Da muss ich jedoch bei meinen <strong><span style=\"color: #99cc00;\">recherchen um den Biber mit einen weinenden Auge feststellen<\/span><\/strong>, dass es hier \u00fcber das O\u00d6 Landesmuseum, Biologiezentrum Linz\/Austria eine Menge an <strong><span style=\"color: #99cc00;\">Literatur und Publikationen gibt, die den Biber, der ja immerhin seit \u00fcber 150 Jahren in \u00d6sterreich als ausgestorben galt<\/span><\/strong>, mehr Literatur und Forschung gewidmet wird, wie unseren vom aussterben bedrohten Fischen an der Traun, wie zB. der Bachforelle, der Seeforelle und der \u00c4sche &#8230;..<\/p>\n\n\n\n<h2 class=\"wp-block-heading\">DER VOECKLABRUCKER &#8222;VERENA BIBER&#8220;&nbsp;<\/h2>\n\n\n\n<p class=\"wp-block-paragraph\">Direkt an der VARENA dem EInkaufszentrum an der<strong> B1 in V\u00f6cklabruck<\/strong> gelegen und daher aus allen Richtungen perfekt erreichbar, hat sich auch der Biber einen Baum ausgesucht. Perfekt, um hier die V\u00f6ckla etwas aufzustauen. Nachdem er jedoch keinen Strom erzeugt, wird man mit seinen nichtgenehmigten Bauvorhaben nicht viel Freude haben. Mal sehen, wie lange er hier werken darf!&nbsp;<\/p>\n\n\n\n<figure class=\"wp-block-image alignnone is-resized wp-image-7492 size-medium\"><img loading=\"lazy\" decoding=\"async\" width=\"450\" height=\"320\" src=\"https:\/\/huberpower.com\/wordpress\/wp-content\/uploads\/2016\/01\/VERENA-BIBER-MAPs-450x320.png\" alt=\"\" class=\"wp-image-7492\" style=\"width:840px;height:auto\" srcset=\"https:\/\/huberpower.com\/wordpress\/wp-content\/uploads\/2016\/01\/VERENA-BIBER-MAPs-450x320.png 450w, https:\/\/huberpower.com\/wordpress\/wp-content\/uploads\/2016\/01\/VERENA-BIBER-MAPs.png 646w\" sizes=\"auto, (max-width: 450px) 100vw, 450px\" \/><figcaption class=\"wp-element-caption\">Hier die beiden Bibersichtungen von Ende Dezember 2016 in V\u00f6cklabruck, am Zusammenfluss der Ager mit der V\u00f6ckla und beim Einkaufszentrum Verena in V\u00f6cklabruck, direk bei der Br\u00fccke \u00fcber die Linzer Strasse.<\/figcaption><\/figure>\n\n\n<div class=\"wp-block-image wp-image-7487 size-medium\">\n<figure class=\"alignleft is-resized\"><img loading=\"lazy\" decoding=\"async\" width=\"450\" height=\"253\" src=\"https:\/\/huberpower.com\/wordpress\/wp-content\/uploads\/2016\/01\/2016-12-25-1-450x253.jpg\" alt=\"\" class=\"wp-image-7487\" style=\"width:842px;height:auto\" srcset=\"https:\/\/huberpower.com\/wordpress\/wp-content\/uploads\/2016\/01\/2016-12-25-1-450x253.jpg 450w, https:\/\/huberpower.com\/wordpress\/wp-content\/uploads\/2016\/01\/2016-12-25-1-1024x576.jpg 1024w, https:\/\/huberpower.com\/wordpress\/wp-content\/uploads\/2016\/01\/2016-12-25-1-680x383.jpg 680w\" sizes=\"auto, (max-width: 450px) 100vw, 450px\" \/><figcaption class=\"wp-element-caption\">Foto Richtung Br\u00fccke \u00fcber die Linzerstrasse in V\u00f6cklabruck.<\/figcaption><\/figure>\n<\/div>\n\n<div class=\"wp-block-image wp-image-7488 size-medium\">\n<figure class=\"alignleft is-resized\"><img loading=\"lazy\" decoding=\"async\" width=\"450\" height=\"253\" src=\"https:\/\/huberpower.com\/wordpress\/wp-content\/uploads\/2016\/01\/2016-12-25-2-450x253.jpg\" alt=\"\" class=\"wp-image-7488\" style=\"width:842px;height:auto\" srcset=\"https:\/\/huberpower.com\/wordpress\/wp-content\/uploads\/2016\/01\/2016-12-25-2-450x253.jpg 450w, https:\/\/huberpower.com\/wordpress\/wp-content\/uploads\/2016\/01\/2016-12-25-2-1024x576.jpg 1024w, https:\/\/huberpower.com\/wordpress\/wp-content\/uploads\/2016\/01\/2016-12-25-2-680x383.jpg 680w\" sizes=\"auto, (max-width: 450px) 100vw, 450px\" \/><figcaption class=\"wp-element-caption\">Vom Fussgeher\u00fcbergang Richtung &#8222;Biber Baum&#8220;!<\/figcaption><\/figure>\n<\/div>\n\n\n<figure class=\"wp-block-image alignnone wp-image-7489 size-medium\"><img loading=\"lazy\" decoding=\"async\" width=\"450\" height=\"253\" src=\"https:\/\/huberpower.com\/wordpress\/wp-content\/uploads\/2016\/01\/2016-12-25-3-450x253.jpg\" alt=\"\" class=\"wp-image-7489\" srcset=\"https:\/\/huberpower.com\/wordpress\/wp-content\/uploads\/2016\/01\/2016-12-25-3-450x253.jpg 450w, https:\/\/huberpower.com\/wordpress\/wp-content\/uploads\/2016\/01\/2016-12-25-3-1024x576.jpg 1024w, https:\/\/huberpower.com\/wordpress\/wp-content\/uploads\/2016\/01\/2016-12-25-3-680x383.jpg 680w\" sizes=\"auto, (max-width: 450px) 100vw, 450px\" \/><figcaption class=\"wp-element-caption\">Der Baum wird Richtung V\u00f6ckla fallen. Ein faszinierender Holzf\u00e4ller der Biber.<\/figcaption><\/figure>\n\n\n\n<p class=\"wp-block-paragraph\">Sehr interessante Artikel findet man \u00fcber den Biber, wie:<\/p>\n\n\n\n<ul class=\"wp-block-list\">\n<li>Holoz\u00e4ne Biberfunde (Castor fiber L.) aus \u00d6sterreich<\/li>\n\n\n\n<li>Die Bejagung des Bibers (Castor fiber L.) von der Steinzeit bis zur Gegenwart<\/li>\n\n\n\n<li>Der Biber (Castor fiber Linnaeus 1758) in Ober\u00f6sterreich &#8211; historisch und aktuell<\/li>\n\n\n\n<li>Die R\u00fcckkehr des Bibers (Castor fiber L.) an den Oberlauf der Gro\u00dfen M\u00fchl, M\u00fchlviertel\/B\u00f6hmerwald<\/li>\n\n\n\n<li>Der Biber (Castor fiber L.) im Bundesland Salzburg: Situation und Verbreitung nach der Wiedereinb\u00fcrgerung vor 20 Jahren<\/li>\n\n\n\n<li>Ergebnisse pathologischer Untersuchungen bei Bibern<\/li>\n\n\n\n<li>Unterwasserspuren des Bibers<\/li>\n\n\n\n<li>Ein Jahr im Leben einer Biberdame<\/li>\n\n\n\n<li>Biber Tourismus&#8220; &#8211; Ein Beitrag zum Artenschutz?<\/li>\n<\/ul>\n\n\n<div class=\"wp-block-image wp-image-7490 size-medium\">\n<figure class=\"alignleft is-resized\"><img loading=\"lazy\" decoding=\"async\" width=\"450\" height=\"253\" src=\"https:\/\/huberpower.com\/wordpress\/wp-content\/uploads\/2016\/01\/2016-12-25-4-450x253.jpg\" alt=\"\" class=\"wp-image-7490\" style=\"width:837px;height:auto\" srcset=\"https:\/\/huberpower.com\/wordpress\/wp-content\/uploads\/2016\/01\/2016-12-25-4-450x253.jpg 450w, https:\/\/huberpower.com\/wordpress\/wp-content\/uploads\/2016\/01\/2016-12-25-4-1024x576.jpg 1024w, https:\/\/huberpower.com\/wordpress\/wp-content\/uploads\/2016\/01\/2016-12-25-4-680x383.jpg 680w\" sizes=\"auto, (max-width: 450px) 100vw, 450px\" \/><figcaption class=\"wp-element-caption\">Viel fehlt nicht mehr &#8230;..<\/figcaption><\/figure>\n<\/div>\n\n\n<h3 class=\"wp-block-heading\">BIBER vs. BACHFORELLE<\/h3>\n\n\n\n<p class=\"wp-block-paragraph\"><strong><span style=\"color: #99cc00;\">Mit diesen Dokumenten gibt es sehr interessante Berichte \u00fcber den Biber. Wenn man weiter googelt, kommt man noch zu viel mehr B\u00fcchern und Berichten. Wenn ich mir hier etwas mitleidig, gerade meine Situation um unsere &#8222;<span style=\"color: #99cc00;\">schwarze Bachforelle<\/span>&#8220; an der Oberen Traun ansehe und was es dazu an Literatur dazu gibt, so scheint auch der Wissenschaft ein schnuckeliges, pelziges, treuherzig blickendes Tier, wie es der Biber ist, eben auch besser zu gefallen, wie so kalte, schlizige Fische! Oder woran mag es sonst liegen, dass unseren Fischen nicht mehr Beachtung geschenkt wird.<\/span><\/strong><\/p>\n\n\n\n<h3 class=\"wp-block-heading\">Res\u00fcmee<\/h3>\n\n\n\n<p class=\"wp-block-paragraph\">Mich bitte hier mit meinem etwas &#8222;<strong><span style=\"color: #99cc00;\">eifers\u00fcchtige&#8220; Blick und Schlusswort, auf den Biber<\/span> <\/strong>nicht falsch zu verstehen! Es freut mich, dass es ihn wieder gibt an der Ager. Dieser Situation sollte noch mehr Augenmerk geschenk werden, damit er auch hier den erforderlichen Schutz vor seinen &#8222;Feinden&#8220; bekommt. Nat\u00fcrliche hat er ja keine mehr, aber konflikte sind vermutlich durch seine Aktivit\u00e4ten vorprogrammiert. Jedoch wie ich diesen Artikel geschrieben und recheriert habe, neben der Bearbeitung der bis jetzt gemachten Fotos und mich damit, mit dem <strong><span style=\"color: #99cc00;\">faszinierenden Thema &#8222;Biber&#8220; gewidmet<\/span><\/strong> habe, einem f\u00fcr mich bisher unbekanntes Wesen an unseren B\u00e4chen und Fl\u00fcssen und gesehen habe &#8211; die Unzahl an Literatur die es \u00fcber Biber gibt, hat es sich schon traurig gemacht, dass es nicht nur in der Natur ein <strong><span style=\"color: #99cc00;\">Ungleichgewicht gibt mit dem Interesse von &#8222;Tiere Ober-Wasser&#8220; vs. den &#8222;Tieren Unter-Wasser&#8220;!&nbsp; <\/span><\/strong>Googeln sie mal nach &#8222;schwarzer Bachforelle in \u00d6sterreich&#8220; vs. &#8222;Biber in \u00d6sterreich&#8220; &#8230;&#8230;<\/p>\n\n\n\n<p class=\"wp-block-paragraph\">Quelle:<\/p>\n\n\n\n<ul class=\"wp-block-list\">\n<li>Wikipedia &#8211; Biber<\/li>\n<\/ul>\n\n\n\n<p class=\"wp-block-paragraph\">Weitere Informationen:<\/p>\n\n\n\n<ul class=\"wp-block-list\">\n<li><a href=\"http:\/\/www.bibermanagement.de\/Europa\/Oesterreich\/body_oesterreich.html\" target=\"_blank\" rel=\"noopener\">Biber in \u00d6sterreich<\/a><\/li>\n<\/ul>\n\n\n\n<p class=\"wp-block-paragraph\">\u00a0<\/p>\n\n\n\n&nbsp;\n<p style=\"text-align: center;\"><strong><span style=\"color: #99cc00;\">\u201eInmitten der Schwierigkeiten liegt die M\u00f6glichkeit.\u201c<\/span><\/strong><\/p>\n<p style=\"text-align: center;\">Zitat von: Albert Einstein<\/p>\n<p style=\"text-align: center;\"><a href=\"https:\/\/huberpower.com\/wordpress\/\"><img loading=\"lazy\" decoding=\"async\" class=\"aligncenter size-full wp-image-121\" title=\"20080303_17463_Home 250x Fisherman is Home_3333_bearbeitet-1\" src=\"https:\/\/huberpower.com\/wordpress\/wp-content\/uploads\/2012\/07\/20080303_17463_Home-250x-Fisherman-is-Home_3333_bearbeitet-1.jpg\" alt=\"\" width=\"208\" height=\"243\" \/><\/a><\/p>\n&nbsp;\n\n\n\n<p class=\"wp-block-paragraph\">&nbsp;<\/p>\n","protected":false},"excerpt":{"rendered":"<p>In 2013 hat auch die R\u00fcckkehr des Biber an die Ager stattgefunden. Ob und bis wann der Biber in fr\u00fcherer Zeit, an der Ager und V\u00f6ckla vorgekommen sein mag, dar\u00fcber&#8230; <a class=\"read-more\" href=\"https:\/\/huberpower.com\/wordpress\/?p=2759\">[Weiterlesen]<\/a><\/p>\n","protected":false},"author":4,"featured_media":2764,"comment_status":"closed","ping_status":"closed","sticky":false,"template":"","format":"standard","meta":{"_crdt_document":"","footnotes":""},"categories":[18,191],"tags":[],"class_list":["post-2759","post","type-post","status-publish","format-standard","has-post-thumbnail","hentry","category-bewirtschaftung","category-natura-aquatica"],"_links":{"self":[{"href":"https:\/\/huberpower.com\/wordpress\/index.php?rest_route=\/wp\/v2\/posts\/2759","targetHints":{"allow":["GET"]}}],"collection":[{"href":"https:\/\/huberpower.com\/wordpress\/index.php?rest_route=\/wp\/v2\/posts"}],"about":[{"href":"https:\/\/huberpower.com\/wordpress\/index.php?rest_route=\/wp\/v2\/types\/post"}],"author":[{"embeddable":true,"href":"https:\/\/huberpower.com\/wordpress\/index.php?rest_route=\/wp\/v2\/users\/4"}],"replies":[{"embeddable":true,"href":"https:\/\/huberpower.com\/wordpress\/index.php?rest_route=%2Fwp%2Fv2%2Fcomments&post=2759"}],"version-history":[{"count":8,"href":"https:\/\/huberpower.com\/wordpress\/index.php?rest_route=\/wp\/v2\/posts\/2759\/revisions"}],"predecessor-version":[{"id":33790,"href":"https:\/\/huberpower.com\/wordpress\/index.php?rest_route=\/wp\/v2\/posts\/2759\/revisions\/33790"}],"wp:featuredmedia":[{"embeddable":true,"href":"https:\/\/huberpower.com\/wordpress\/index.php?rest_route=\/wp\/v2\/media\/2764"}],"wp:attachment":[{"href":"https:\/\/huberpower.com\/wordpress\/index.php?rest_route=%2Fwp%2Fv2%2Fmedia&parent=2759"}],"wp:term":[{"taxonomy":"category","embeddable":true,"href":"https:\/\/huberpower.com\/wordpress\/index.php?rest_route=%2Fwp%2Fv2%2Fcategories&post=2759"},{"taxonomy":"post_tag","embeddable":true,"href":"https:\/\/huberpower.com\/wordpress\/index.php?rest_route=%2Fwp%2Fv2%2Ftags&post=2759"}],"curies":[{"name":"wp","href":"https:\/\/api.w.org\/{rel}","templated":true}]}}