{"id":24855,"date":"2023-03-22T07:30:00","date_gmt":"2023-03-22T06:30:00","guid":{"rendered":"http:\/\/huberpower.com\/wordpress\/?p=24855"},"modified":"2024-03-25T14:06:37","modified_gmt":"2024-03-25T13:06:37","slug":"weltwassertag","status":"publish","type":"post","link":"https:\/\/huberpower.com\/wordpress\/?p=24855","title":{"rendered":"WELTWASSERTAG 2023"},"content":{"rendered":"\n<h2 class=\"wp-block-heading\">Unser Wasser: sauber &amp; sicher<\/h2>\n\n\n\n<p class=\"wp-block-paragraph\">Wasser ist unsere wichtigste Lebensgrundlage. Es ist unverzichtbare Ressource f\u00fcr die Land- und Forstwirtschaft, den Freizeitbereich sowie die Energiewirtschaft und Lebensraum f\u00fcr Fauna und Flora. Nur der verantwortungsbewusste Umgang damit sichert auch f\u00fcr unsere Kinder eine hohe Wasserqualit\u00e4t und erh\u00e4lt die Gew\u00e4sser als Lebensadern f\u00fcr die Regionen.<\/p>\n\n\n\n\n\n<figure class=\"wp-block-image size-large\"><img loading=\"lazy\" decoding=\"async\" width=\"1024\" height=\"682\" src=\"https:\/\/huberpower.com\/wordpress\/wp-content\/uploads\/2023\/03\/image-12-1024x682.png\" alt=\"\" class=\"wp-image-24882\" srcset=\"https:\/\/huberpower.com\/wordpress\/wp-content\/uploads\/2023\/03\/image-12-1024x682.png 1024w, https:\/\/huberpower.com\/wordpress\/wp-content\/uploads\/2023\/03\/image-12-450x300.png 450w, https:\/\/huberpower.com\/wordpress\/wp-content\/uploads\/2023\/03\/image-12.png 1073w\" sizes=\"auto, (max-width: 1024px) 100vw, 1024px\" \/><\/figure>\n\n\n\n<h2 class=\"wp-block-heading\">Wasser in \u00d6sterreich<\/h2>\n\n\n\n<p class=\"wp-block-paragraph\">\u00d6sterreich ist mit einer durchschnittlichen Niederschlagsmenge von\u00a0ca.\u00a01.100\u00a0mm\u00a0pro Jahr eines der wasserreichsten L\u00e4nder Europas. Umgerechnet sind das\u00a0ca.\u00a092\u00a0km\u00b3\u00a0Wasser. Diese gewaltige Menge entspricht rund dem doppelten Volumen des Bodensees! Etwa 50%\u00a0des verwendeten Trinkwassers kommen in \u00d6sterreich aus Grundwasserressourcen und 50%\u00a0aus Quellen.\u00a0<\/p>\n\n\n\n<figure class=\"wp-block-embed is-type-wp-embed is-provider-fischereimanagement-salzkammergut wp-block-embed-fischereimanagement-salzkammergut\"><div class=\"wp-block-embed__wrapper\">\n<blockquote class=\"wp-embedded-content\" data-secret=\"W6IAZCmR81\"><a href=\"https:\/\/huberpower.com\/wordpress\/?p=21869\">QUELLEN IM FISCHEREIREVIER OBERES SALZKAMMERGUT (FROSKG)<\/a><\/blockquote><iframe loading=\"lazy\" class=\"wp-embedded-content\" sandbox=\"allow-scripts\" security=\"restricted\" style=\"position: absolute; clip: rect(1px, 1px, 1px, 1px);\" title=\"&#8222;QUELLEN IM FISCHEREIREVIER OBERES SALZKAMMERGUT (FROSKG)&#8220; &#8212; Fischereimanagement Salzkammergut\" src=\"https:\/\/huberpower.com\/wordpress\/?p=21869&#038;embed=true#?secret=aVnMd0nE5m#?secret=W6IAZCmR81\" data-secret=\"W6IAZCmR81\" width=\"600\" height=\"338\" frameborder=\"0\" marginwidth=\"0\" marginheight=\"0\" scrolling=\"no\"><\/iframe>\n<\/div><\/figure>\n\n\n\n<h2 class=\"wp-block-heading\">Niederschlag in Ober\u00f6sterreich<\/h2>\n\n\n\n<figure class=\"wp-block-image size-large\"><img loading=\"lazy\" decoding=\"async\" width=\"1024\" height=\"731\" src=\"https:\/\/huberpower.com\/wordpress\/wp-content\/uploads\/2023\/03\/image-5-1024x731.png\" alt=\"\" class=\"wp-image-24860\" srcset=\"https:\/\/huberpower.com\/wordpress\/wp-content\/uploads\/2023\/03\/image-5-1024x731.png 1024w, https:\/\/huberpower.com\/wordpress\/wp-content\/uploads\/2023\/03\/image-5-450x320.png 450w, https:\/\/huberpower.com\/wordpress\/wp-content\/uploads\/2023\/03\/image-5-1536x1096.png 1536w, https:\/\/huberpower.com\/wordpress\/wp-content\/uploads\/2023\/03\/image-5.png 1539w\" sizes=\"auto, (max-width: 1024px) 100vw, 1024px\" \/><figcaption class=\"wp-element-caption\">Niederschlag Jahresmittel 1981 bis 2010. Clairisa Karte Niederschlag Jahresmittel (Quelle: Land\u00a0O\u00d6,\u00a0DORIS)<\/figcaption><\/figure>\n\n\n\n<h2 class=\"wp-block-heading\">Niederschlag im Salzkammergut<\/h2>\n\n\n\n<p class=\"wp-block-paragraph\">Etwa 1150 Liter Niederschlag fallen im Laufe des durchschnittlichen Jahres auf jeden Quadratmeter Ober\u00f6sterreichs. Die Niederschlagsmenge ist aber \u00e4u\u00dferst ungleich \u00fcber das Bundesland verteilt, wobei das <strong><mark style=\"background-color:rgba(0, 0, 0, 0)\" class=\"has-inline-color has-luminous-vivid-orange-color\">pr\u00e4gende Merkmal der Niederschlagsstau entlang des Alpenrandes ist<\/mark><\/strong>. Das r\u00e4umliche Minimum des mittleren Jahresniederschlages ist im nord\u00f6stlichen M\u00fchlviertel, knapp n\u00f6rdlich von Freistadt, mit 735\u00a0mm anzutreffen. Allgemein kommen entlang von Feldaist\u00a0bzw.\u00a0Aist weniger als 800\u00a0mm\u00a0zusammen. In Richtung Westen ist eine leichte Niederschlagszunahme auf Werte um 1200\u00a0mm\u00a0im B\u00f6hmerwald, Sauwald und Hausruck auszumachen. Viel markanter ist jedoch der Niederschlagsanstieg zu den Alpen hin. <\/p>\n\n\n\n<figure class=\"wp-block-image size-large\"><img loading=\"lazy\" decoding=\"async\" width=\"1024\" height=\"717\" src=\"https:\/\/huberpower.com\/wordpress\/wp-content\/uploads\/2023\/03\/image-7-1024x717.png\" alt=\"\" class=\"wp-image-24869\" srcset=\"https:\/\/huberpower.com\/wordpress\/wp-content\/uploads\/2023\/03\/image-7-1024x717.png 1024w, https:\/\/huberpower.com\/wordpress\/wp-content\/uploads\/2023\/03\/image-7-450x315.png 450w, https:\/\/huberpower.com\/wordpress\/wp-content\/uploads\/2023\/03\/image-7.png 1440w\" sizes=\"auto, (max-width: 1024px) 100vw, 1024px\" \/><\/figure>\n\n\n\n<p class=\"wp-block-paragraph\"><strong>In den Tallagen werden im Salzkammergut und im Almtal mittlere Jahressummen zwischen 1600 und 1800\u00a0mm, in Richtung Eisenwurzen immerhin zwischen 1400 und 1600\u00a0mm\u00a0verzeichnet. <\/strong>In den Gipfellagen des H\u00f6llen- und Sengsengebirges werden mittlere Jahresmengen um 2000\u00a0mm, des Toten Gebirges um 2300\u00a0mm\u00a0und des<strong><mark style=\"background-color:rgba(0, 0, 0, 0)\" class=\"has-inline-color has-luminous-vivid-orange-color\"> Dachsteinmassivs um 3000\u00a0mm\u00a0<\/mark><\/strong>angenommen.<\/p>\n\n\n\n<figure class=\"wp-block-embed is-type-wp-embed is-provider-fischereimanagement-salzkammergut wp-block-embed-fischereimanagement-salzkammergut\"><div class=\"wp-block-embed__wrapper\">\n<blockquote class=\"wp-embedded-content\" data-secret=\"HcOBWqkJHi\"><a href=\"https:\/\/huberpower.com\/wordpress\/?p=715\">GLETSCHER WASSER \u00c4SCHEN<\/a><\/blockquote><iframe loading=\"lazy\" class=\"wp-embedded-content\" sandbox=\"allow-scripts\" security=\"restricted\" style=\"position: absolute; clip: rect(1px, 1px, 1px, 1px);\" title=\"&#8222;GLETSCHER WASSER \u00c4SCHEN&#8220; &#8212; Fischereimanagement Salzkammergut\" src=\"https:\/\/huberpower.com\/wordpress\/?p=715&#038;embed=true#?secret=zgTkU1VFrM#?secret=HcOBWqkJHi\" data-secret=\"HcOBWqkJHi\" width=\"600\" height=\"338\" frameborder=\"0\" marginwidth=\"0\" marginheight=\"0\" scrolling=\"no\"><\/iframe>\n<\/div><\/figure>\n\n\n\n<h2 class=\"wp-block-heading\">CLAIRISA<\/h2>\n\n\n\n<p class=\"wp-block-paragraph\"><strong><mark style=\"background-color:rgba(0, 0, 0, 0)\" class=\"has-inline-color has-luminous-vivid-orange-color\"><a href=\"https:\/\/www.doris.at\/themen\/umwelt\/clairisa.aspx#Niederschlag\" target=\"_blank\" rel=\"noreferrer noopener\">Climate-Air-Information-System for Upper Austria<\/a><\/mark><\/strong><\/p>\n\n\n\n<p class=\"wp-block-paragraph\">Die interaktive Webanwendung CLAIRISA erlaubt die Abfrage von Klima- und Luftg\u00fctedaten sowie Klimaszenarien f\u00fcr jeden Ort in Ober\u00f6sterreich. Damit stehen wichtige Basisdaten \u2013 nicht nur f\u00fcr die Planung von Ma\u00dfnahmen zur Klimawandelanpassung \u2013 zur Verf\u00fcgung.<\/p>\n\n\n\n<p class=\"wp-block-paragraph\">Grundlage sind meteorologische Daten von mehr als 200 Wetter- und Luftmessstationen in ganz Ober\u00f6sterreich im Zeitraum 1981 bis 2010. Weitere wertvolle Informationen \u00fcber die Klimaentwicklung liefert der Dachsteingletscher. Darauf aufbauend hat die Universit\u00e4t f\u00fcr Bodenkultur in Wien Klimaszenarien bis zum Jahr 2100 berechnet.<\/p>\n\n\n\n<p class=\"wp-block-paragraph\">Die Daten sind in digitalen Karten und Informationsbl\u00e4ttern mit Tabellen, Grafiken und textlicher Analyse dargestellt. Viele klassische Klimaparameter wie Lufttemperatur, Niederschlag und Sonnenscheindauer sind bereits abrufbar. Die Karten und Analysen werden laufend erweitert.<\/p>\n\n\n\n<figure class=\"wp-block-image size-full is-resized\"><img loading=\"lazy\" decoding=\"async\" src=\"https:\/\/huberpower.com\/wordpress\/wp-content\/uploads\/2023\/03\/image-9.png\" alt=\"\" class=\"wp-image-24879\" width=\"840\" height=\"516\" srcset=\"https:\/\/huberpower.com\/wordpress\/wp-content\/uploads\/2023\/03\/image-9.png 762w, https:\/\/huberpower.com\/wordpress\/wp-content\/uploads\/2023\/03\/image-9-450x276.png 450w\" sizes=\"auto, (max-width: 840px) 100vw, 840px\" \/><\/figure>\n\n\n\n<h2 class=\"wp-block-heading\"><strong>22. M\u00e4rz ist Tag des Wasser<\/strong><\/h2>\n\n\n\n<p class=\"wp-block-paragraph\">Der Tag des Wassers weist auf die Bedeutung des Wassers als zentrale Lebensgrundlage hin. Er ist ein Ergebnis der Weltkonferenz \u00fcber Umwelt und Entwicklung 1992 in Rio de Janeiro und wird seit 1993 j\u00e4hrlich aufgrund einer Resolution der UN-Generalversammlung am 22. M\u00e4rz gefeiert. In diesem Jahr steht er unter dem Motto \u201c<strong><mark style=\"background-color:rgba(0, 0, 0, 0)\" class=\"has-inline-color has-luminous-vivid-orange-color\">den Wandel beschleunigen \u2013 accelerating change<\/mark><\/strong>\u201d.<\/p>\n\n\n\n<figure class=\"wp-block-image size-large\"><img loading=\"lazy\" decoding=\"async\" width=\"1024\" height=\"699\" src=\"https:\/\/huberpower.com\/wordpress\/wp-content\/uploads\/2023\/03\/image-8-1024x699.png\" alt=\"\" class=\"wp-image-24870\" srcset=\"https:\/\/huberpower.com\/wordpress\/wp-content\/uploads\/2023\/03\/image-8-1024x699.png 1024w, https:\/\/huberpower.com\/wordpress\/wp-content\/uploads\/2023\/03\/image-8-450x307.png 450w, https:\/\/huberpower.com\/wordpress\/wp-content\/uploads\/2023\/03\/image-8.png 1404w\" sizes=\"auto, (max-width: 1024px) 100vw, 1024px\" \/><\/figure>\n\n\n\n<h2 class=\"wp-block-heading\"><strong>Fluss\u00f6kologie und nachhaltige Gew\u00e4sserbewirtschaftung<\/strong><\/h2>\n\n\n\n<p class=\"wp-block-paragraph\">Darum geht es: <strong><mark style=\"background-color:rgba(0, 0, 0, 0)\" class=\"has-inline-color has-luminous-vivid-orange-color\">Intakte Flusslandschaften und ihre Auen<\/mark><\/strong> geh\u00f6ren zu den artenreichsten Lebensr\u00e4umen in Mitteleuropa. Nat\u00fcrliche Gew\u00e4sser sind ein wichtiger Bestandteil des Arten- und Biotopschutzes. Die gro\u00dfen Potenziale naturnaher Flie\u00dfgew\u00e4sser und Auen zur Aufnahme und Festlegung von Kohlenstoff aus der Luft sollen f\u00fcr den nat\u00fcrlichen Klimaschutz, zur Klimaanpassung und zur Sicherung der biologischen Vielfalt genutzt werden. Naturnahe Auenfl\u00e4chen wirken sowohl bei Hoch- als auch bei Niedrigwasser abflussregulierend und k\u00f6nnen somit die Folgen der Klimakrise auf den Landschaftswasserhaushalt abmildern. Diese Ma\u00dfnahmen weisen zudem vielfach Synergiepotenziale zur Umsetzung der Ziele der EU-Wasserrahmenrichtlinie und zum Biodiversit\u00e4tsschutz auf.<\/p>\n\n\n\n<figure class=\"wp-block-image size-large\"><img loading=\"lazy\" decoding=\"async\" width=\"1024\" height=\"725\" src=\"https:\/\/huberpower.com\/wordpress\/wp-content\/uploads\/2023\/03\/image-11-1024x725.png\" alt=\"\" class=\"wp-image-24881\" srcset=\"https:\/\/huberpower.com\/wordpress\/wp-content\/uploads\/2023\/03\/image-11-1024x725.png 1024w, https:\/\/huberpower.com\/wordpress\/wp-content\/uploads\/2023\/03\/image-11-450x320.png 450w, https:\/\/huberpower.com\/wordpress\/wp-content\/uploads\/2023\/03\/image-11.png 1287w\" sizes=\"auto, (max-width: 1024px) 100vw, 1024px\" \/><\/figure>\n\n\n\n<h2 class=\"wp-block-heading\">Gemeinsam den Wandel beschleunigen<\/h2>\n\n\n\n<p class=\"wp-block-paragraph\">Nur gemeinsam k\u00f6nnen wir uns diesem gro\u00dfen Problem stellen. Die \u00fcbergeordnete wasserwirtschaftliche Planung verfolgt umfassende Ziele, um unsere Gew\u00e4sser zu erhalten, zu verbessern und zu sch\u00fctzen. Die Erhaltung wertvoller Gew\u00e4sserstrecken aber auch verschiedene Nutzungsanspr\u00fcche sollen dabei ber\u00fccksichtigt werden. In der aktuellen Rubrik finden sich relevante Informationen \u00fcber die verschiedenen Umsetzungsschritte, die die Europ\u00e4ische-Wasserrahmenrichtlinie vorgibt. <\/p>\n\n\n\n<figure class=\"wp-block-image size-large\"><img loading=\"lazy\" decoding=\"async\" width=\"1024\" height=\"499\" src=\"https:\/\/huberpower.com\/wordpress\/wp-content\/uploads\/2023\/03\/image-10-1024x499.png\" alt=\"\" class=\"wp-image-24880\" srcset=\"https:\/\/huberpower.com\/wordpress\/wp-content\/uploads\/2023\/03\/image-10-1024x499.png 1024w, https:\/\/huberpower.com\/wordpress\/wp-content\/uploads\/2023\/03\/image-10-450x219.png 450w, https:\/\/huberpower.com\/wordpress\/wp-content\/uploads\/2023\/03\/image-10-1536x748.png 1536w, https:\/\/huberpower.com\/wordpress\/wp-content\/uploads\/2023\/03\/image-10.png 1719w\" sizes=\"auto, (max-width: 1024px) 100vw, 1024px\" \/><\/figure>\n\n\n\n<h2 class=\"wp-block-heading\">Versickern, Speichern, Sparen, Vernetzen, K\u00fchlen<\/h2>\n\n\n\n<p class=\"wp-block-paragraph\"><strong>Versickern<\/strong>\u2013 Das Niederschlagswasser sollte nicht abgeleitet werden, sondern geh\u00f6rt in den Boden. Damit bleibt die Bodenfeuchte erhalten und das Grundwasser wird angereichert. Dazu m\u00fcssen gerade im Salzkammergut verschieden Ma\u00dfnahmen \u00fcberdacht werden. Es geht nicht mehr darum, schnell ableiten, sondern es geht darum das Wasser zu speichern.   <\/p>\n\n\n\n<p class=\"wp-block-paragraph\"><strong>Speichern<\/strong>\u00a0\u2013 Ein naturnaher Wasserhaushalt ist die Grundvoraussetzung f\u00fcr dauerhaften Wasserreichtum. Deswegen gilt es \u00d6kosysteme wie etwa Moore und Auen, die hierzu beitragen, indem sie Wasser in der Fl\u00e4che halten, den Wasserabfluss d\u00e4mpfen und die Grundwasserneubildung f\u00f6rdern, zu st\u00e4rken, unter Schutz zu stellen und wo immer m\u00f6glich wiederherzustellen.<\/p>\n\n\n\n<p class=\"wp-block-paragraph\"><strong>Sparen<\/strong>\u00a0\u2013 Das Wassersparen ist eine wichtige Antwort auf die D\u00fcrre und ein effektives Instrument zur Reduzierung von Wassermengen in der Industrie, in der Landwirtschaft und auch in den Haushalten.<\/p>\n\n\n\n<p class=\"wp-block-paragraph\"><strong>Vernetzen<\/strong>\u00a0\u2013 Wasserinfrastrukturen klimafest weiterentwickeln<\/p>\n\n\n\n<p class=\"wp-block-paragraph\"><strong>K\u00fchlen<\/strong> &#8211; mit Beschattung. Ufersaum ist Lebensraum und auch K\u00fchlung und Schutz vor Verdunstung. Dazu geh\u00f6ren Uferzonen vor &#8222;Abholzungen und Rodungen&#8220; gesch\u00fctzt und unter einen permaneneten Schutz gestellt.<\/p>\n\n\n\n<h2 class=\"wp-block-heading\"><strong>Insektenvielfalt am Flie\u00dfgew\u00e4sser f\u00f6rdern\u00a0<\/strong><\/h2>\n\n\n\n<p class=\"wp-block-paragraph\">Mit verschiedenen Ma\u00dfnahmen versuchen wir eine Optimierung der Lebensbedingungen f\u00fcr Eintags-, K\u00f6cher- und Steinfliegen und Libellen im Einzugsbereich der Oberen Traun zu f\u00f6rdern. Hierbei werden wir gezielt nach Synergieeffekten suchen und win-win-Situationen herausarbeiten. Mehr dazu in K\u00fcrze&#8230;&#8230;<br \/>Stichwort: &#8222;Unterwasser Insekten Hotel&#8220;<\/p>\n\n\n\n\n\n<p style=\"text-align: center;\"><strong><span style=\"color: #99cc00;\">\u201eDas Prinzip aller Dinge ist das Wasser, denn Wasser ist alles und ins Wasser kehrt alles zur\u00fcck.\u201c<\/span><\/strong><\/p><p style=\"text-align: center;\">Zitat von: Thales von Milet (um 625 &#8211; um 547 v.Chr.), griech. Philosop <\/p>\n<p style=\"text-align: center;\"><\/p>\n&nbsp;\n\n","protected":false},"excerpt":{"rendered":"<p>Unser Wasser: sauber &amp; sicher Wasser ist unsere wichtigste Lebensgrundlage. Es ist unverzichtbare Ressource f\u00fcr die Land- und Forstwirtschaft, den Freizeitbereich sowie die Energiewirtschaft und Lebensraum f\u00fcr Fauna und Flora&#8230;. <a class=\"read-more\" href=\"https:\/\/huberpower.com\/wordpress\/?p=24855\">[Weiterlesen]<\/a><\/p>\n","protected":false},"author":4,"featured_media":24865,"comment_status":"closed","ping_status":"open","sticky":false,"template":"","format":"standard","meta":{"_crdt_document":"","footnotes":""},"categories":[18,70,225,191,130,123,88,214,178,211,190,210,257,122,111,90],"tags":[],"class_list":["post-24855","post","type-post","status-publish","format-standard","has-post-thumbnail","hentry","category-bewirtschaftung","category-gewaesserbuch","category-monitoring","category-natura-aquatica","category-niederwasser","category-oekologischer-zustand","category-pegel","category-quellen","category-schutzgebiet","category-sunk","category-temperatur","category-umweltschaeden","category-wasser","category-wasserrahmenrichtlinie","category-wasserrechtsgesetz","category-wrrl"],"_links":{"self":[{"href":"https:\/\/huberpower.com\/wordpress\/index.php?rest_route=\/wp\/v2\/posts\/24855","targetHints":{"allow":["GET"]}}],"collection":[{"href":"https:\/\/huberpower.com\/wordpress\/index.php?rest_route=\/wp\/v2\/posts"}],"about":[{"href":"https:\/\/huberpower.com\/wordpress\/index.php?rest_route=\/wp\/v2\/types\/post"}],"author":[{"embeddable":true,"href":"https:\/\/huberpower.com\/wordpress\/index.php?rest_route=\/wp\/v2\/users\/4"}],"replies":[{"embeddable":true,"href":"https:\/\/huberpower.com\/wordpress\/index.php?rest_route=%2Fwp%2Fv2%2Fcomments&post=24855"}],"version-history":[{"count":15,"href":"https:\/\/huberpower.com\/wordpress\/index.php?rest_route=\/wp\/v2\/posts\/24855\/revisions"}],"predecessor-version":[{"id":31177,"href":"https:\/\/huberpower.com\/wordpress\/index.php?rest_route=\/wp\/v2\/posts\/24855\/revisions\/31177"}],"wp:featuredmedia":[{"embeddable":true,"href":"https:\/\/huberpower.com\/wordpress\/index.php?rest_route=\/wp\/v2\/media\/24865"}],"wp:attachment":[{"href":"https:\/\/huberpower.com\/wordpress\/index.php?rest_route=%2Fwp%2Fv2%2Fmedia&parent=24855"}],"wp:term":[{"taxonomy":"category","embeddable":true,"href":"https:\/\/huberpower.com\/wordpress\/index.php?rest_route=%2Fwp%2Fv2%2Fcategories&post=24855"},{"taxonomy":"post_tag","embeddable":true,"href":"https:\/\/huberpower.com\/wordpress\/index.php?rest_route=%2Fwp%2Fv2%2Ftags&post=24855"}],"curies":[{"name":"wp","href":"https:\/\/api.w.org\/{rel}","templated":true}]}}