{"id":24785,"date":"2023-03-02T14:24:40","date_gmt":"2023-03-02T13:24:40","guid":{"rendered":"http:\/\/huberpower.com\/wordpress\/?p=24785"},"modified":"2023-03-03T01:49:45","modified_gmt":"2023-03-03T00:49:45","slug":"lauffen-fluder","status":"publish","type":"post","link":"https:\/\/huberpower.com\/wordpress\/?p=24785","title":{"rendered":"FLUDER IN LAUFFEN"},"content":{"rendered":"\n<p class=\"wp-block-paragraph\">Der Fluder in Lauffen soll aufgelassen werden! Durch ein Kraftwerksprojekt oberhalb der <strong>Goiserer Weissenbach M\u00fcndung<\/strong> soll als Ersatzkraftwerk zum KW Lauffen ein neues Kraftwerk entstehen und damit wird auch der Jahrhunderte alte M\u00fchlbach zur Anzenau M\u00fchle und in die Ortschaft Lauffen f\u00fchrend nicht mehr gebraucht. Verschiedene Ma\u00dfnahmen haben dazu gef\u00fchrt, dass dieser, so wie es von verantwortlicher Seite von der Energie AG mitgeteilt wurde, zwar erhalten bleibt, jedoch mit einer sehr reduzierten Wassermenge.<\/p>\n\n\n\n<figure class=\"wp-block-image size-large\"><img loading=\"lazy\" decoding=\"async\" width=\"1024\" height=\"563\" src=\"https:\/\/huberpower.com\/wordpress\/wp-content\/uploads\/2023\/03\/image-4-1024x563.png\" alt=\"\" class=\"wp-image-24816\" srcset=\"https:\/\/huberpower.com\/wordpress\/wp-content\/uploads\/2023\/03\/image-4-1024x563.png 1024w, https:\/\/huberpower.com\/wordpress\/wp-content\/uploads\/2023\/03\/image-4-450x247.png 450w, https:\/\/huberpower.com\/wordpress\/wp-content\/uploads\/2023\/03\/image-4-1536x844.png 1536w, https:\/\/huberpower.com\/wordpress\/wp-content\/uploads\/2023\/03\/image-4.png 1948w\" sizes=\"auto, (max-width: 1024px) 100vw, 1024px\" \/><\/figure>\n\n\n\n\n\n<h2 class=\"wp-block-heading\">Die Anzenau M\u00fchle<\/h2>\n\n\n<div class=\"wp-block-image\">\n<figure class=\"alignleft size-full\"><img loading=\"lazy\" decoding=\"async\" width=\"250\" height=\"250\" src=\"https:\/\/huberpower.com\/wordpress\/wp-content\/uploads\/2023\/03\/Anzenaumuehle-Logo.png\" alt=\"\" class=\"wp-image-24798\"\/><\/figure>\n<\/div>\n\n\n<p class=\"wp-block-paragraph\">Die &#8222;<strong><mark style=\"background-color:rgba(0, 0, 0, 0)\" class=\"has-inline-color has-luminous-vivid-orange-color\">Anzenau M\u00fchle<\/mark><\/strong>&#8220; ist das \u00e4lteste Objekt der Ortschaft Anzenau. Fortlaufend l\u00e4sst sich die Geschichte dieses Anwesens ab 1584 verfolgen. Die erste bildliche Darstellung der <strong><mark style=\"background-color:rgba(0, 0, 0, 0)\" class=\"has-inline-color has-luminous-vivid-orange-color\">Anzenau M\u00fchle<\/mark><\/strong> findet sich auf einem Merian-Stich von Lauffen aus etwa 1646. Am Beginn des 18. Jahrhunderts kamen zu dem bestehenden Bauernhaus mit M\u00fchle und B\u00e4ckerei noch ein S\u00e4gewerk und eine Gipsstampfe hinzu. Auch eine Badstube geh\u00f6rte zu dem Zwiehof, dessen Stall-Stadel auf der ostseitigen Berglehne gelegen war. Das Wohnhaus, die <strong><mark style=\"background-color:rgba(0, 0, 0, 0)\" class=\"has-inline-color has-luminous-vivid-orange-color\">Anzenau M\u00fchle<\/mark><\/strong>, repr\u00e4sentiert in seinem heutigen \u00e4u\u00dferen Aussehen den Baubestand des fr\u00fchen 18. Jahrhunderts. An das Haus schlie\u00dft sich ein bereits mehr als dreihundert Jahre alter Zubau an. Im m\u00e4chtigen Backofen wurde das weltber\u00fchmte schwarze \u201e<strong>Anzenaum\u00fchlnerbrot<\/strong>\u201c gebacken. An gewissen Tagen wird es auch heute wieder f\u00fcr Schauzwecke in der <strong><mark style=\"background-color:rgba(0, 0, 0, 0)\" class=\"has-inline-color has-luminous-vivid-orange-color\">Anzenau M\u00fchle<\/mark><\/strong> hergestellt und die M\u00fchle betrieben.<\/p>\n\n\n\n<p class=\"wp-block-paragraph\">Quelle: WEB-Seite von den &#8222;<a href=\"https:\/\/www.museum-goisern.at\/\" target=\"_blank\" rel=\"noreferrer noopener\">Die Goiserer Museen<\/a>&#8222;<\/p>\n\n\n\n<h2 class=\"wp-block-heading\">Der Fluder in Lauffen    <\/h2>\n\n\n\n<figure class=\"wp-block-image size-full\"><img loading=\"lazy\" decoding=\"async\" width=\"936\" height=\"909\" src=\"https:\/\/huberpower.com\/wordpress\/wp-content\/uploads\/2023\/03\/image-2.png\" alt=\"\" class=\"wp-image-24811\" srcset=\"https:\/\/huberpower.com\/wordpress\/wp-content\/uploads\/2023\/03\/image-2.png 936w, https:\/\/huberpower.com\/wordpress\/wp-content\/uploads\/2023\/03\/image-2-330x320.png 330w\" sizes=\"auto, (max-width: 936px) 100vw, 936px\" \/><figcaption class=\"wp-element-caption\">Der Fluder wird beim Anzenauer Polster von der Traun mit ca. 3,5 m3\/s abgleitet und flie\u00dft \u00fcber eine L\u00e4nge von 1.140 Meter unterhalb vom Wilden Lauffen wieder in die Traun. <\/figcaption><\/figure>\n\n\n\n<p class=\"wp-block-paragraph\">Derzeit wird der Fluder von der Wehranlage beim &#8222;<strong><mark style=\"background-color:rgba(0, 0, 0, 0)\" class=\"has-inline-color has-luminous-vivid-orange-color\">Anzenauer Polster<\/mark><\/strong>&#8220; <strong><mark style=\"background-color:rgba(0, 0, 0, 0)\" class=\"has-inline-color has-luminous-vivid-orange-color\">mit ca. 3,5 m3\/s<\/mark><\/strong> Wasser abgeleitet. Jetzt muss man wissen, um was geht es der Bev\u00f6lkerung in Lauffen. Es geht nicht nur um einen wasserf\u00fchrenden Fluder zu erhalten, sondern um die Sich auf das Ortsbild von Lauffen und den &#8222;Schleierfall&#8220;, der vom Fluder bei einer etwas h\u00f6heren Wasserf\u00fchrung erreicht und \u00fcberstr\u00f6mt wird.  Nachfolgend eine alte Ansicht auf den &#8222;Wilden Lauffen&#8220; mit Wildenstein und Schleierfall.<\/p>\n\n\n\n<figure class=\"wp-block-image size-large\"><img loading=\"lazy\" decoding=\"async\" width=\"1024\" height=\"752\" src=\"https:\/\/huberpower.com\/wordpress\/wp-content\/uploads\/2022\/09\/image-23-1024x752.png\" alt=\"\" class=\"wp-image-23006\" srcset=\"https:\/\/huberpower.com\/wordpress\/wp-content\/uploads\/2022\/09\/image-23-1024x752.png 1024w, https:\/\/huberpower.com\/wordpress\/wp-content\/uploads\/2022\/09\/image-23-436x320.png 436w, https:\/\/huberpower.com\/wordpress\/wp-content\/uploads\/2022\/09\/image-23-1536x1129.png 1536w, https:\/\/huberpower.com\/wordpress\/wp-content\/uploads\/2022\/09\/image-23-2048x1505.png 2048w, https:\/\/huberpower.com\/wordpress\/wp-content\/uploads\/2022\/09\/image-23-260x190.png 260w\" sizes=\"auto, (max-width: 1024px) 100vw, 1024px\" \/><figcaption class=\"wp-element-caption\">Aktueller Aufnahme, bereits mit den betonierten Fluder, der seit 1962 den h\u00f6lzernen Fluder abgel\u00f6st hat, ebenfalls mit \u00fcberstr\u00f6mten &#8222;Schleierfall&#8220;. <\/figcaption><\/figure>\n\n\n\n<h3 class=\"wp-block-heading\">Salzkammergut Bundesstra\u00dfe<\/h3>\n\n\n\n<p class=\"wp-block-paragraph\">Im Jahr 1962 wurde die Salzkammergut Bundesstra\u00dfe ausgebaut und dazu wurde auch die urspr\u00fcnglich \u00fcber die Ortsdurchfahrt von Lauffen gef\u00fchrte Stra\u00dfenf\u00fchrung oberhalb der Kirche gelegt und auch der Fluder, der bis dahin, direkt bei der <strong><mark style=\"background-color:rgba(0, 0, 0, 0)\" class=\"has-inline-color has-luminous-vivid-orange-color\">Anzenau M\u00fchle <\/mark><\/strong>vorbeif\u00fchrte, in diesen Bereich in ein neues Bachbett verlegt und zu diesen Zeitpunkt d\u00fcrfte auch die Holzkonstruktion im Bereich von Lauffen auf ein Betonbauwerk umgebaut worden sein.<\/p>\n\n\n\n<figure class=\"wp-block-image size-large\"><img loading=\"lazy\" decoding=\"async\" width=\"1024\" height=\"760\" src=\"https:\/\/huberpower.com\/wordpress\/wp-content\/uploads\/2023\/03\/Savel_Foto_Lauffen-ganz-1024x760.jpeg\" alt=\"\" class=\"wp-image-24786\" srcset=\"https:\/\/huberpower.com\/wordpress\/wp-content\/uploads\/2023\/03\/Savel_Foto_Lauffen-ganz-1024x760.jpeg 1024w, https:\/\/huberpower.com\/wordpress\/wp-content\/uploads\/2023\/03\/Savel_Foto_Lauffen-ganz-431x320.jpeg 431w, https:\/\/huberpower.com\/wordpress\/wp-content\/uploads\/2023\/03\/Savel_Foto_Lauffen-ganz-1536x1140.jpeg 1536w, https:\/\/huberpower.com\/wordpress\/wp-content\/uploads\/2023\/03\/Savel_Foto_Lauffen-ganz-2048x1520.jpeg 2048w\" sizes=\"auto, (max-width: 1024px) 100vw, 1024px\" \/><figcaption class=\"wp-element-caption\">Aufnahme von Lauffen aus dem Jahr 1940 (+\/-). Jahrhunderte lang diente er als Nebenarm der Traun und als M\u00fchlbach, die letzten 100 Jahre als Fluder und zur Wasserzuf\u00fchrung f\u00fcr das Kraftwerk in Lauffen. Quelle: Sammlung Alexander Savel<\/figcaption><\/figure>\n\n\n\n<h3 class=\"wp-block-heading\">Wasserf\u00fchrung<\/h3>\n\n\n\n<p class=\"wp-block-paragraph\">In der neuen Variante, soll der Fluder zwar als Bauwerk erhalten bleiben, da auch ein Schaubetrieb bei der <strong><mark style=\"background-color:rgba(0, 0, 0, 0)\" class=\"has-inline-color has-luminous-vivid-orange-color\">Anzenau M\u00fchle<\/mark><\/strong> durch alte Wasserrechte und zur Erhaltung f\u00fcr eine &#8222;Schau-M\u00fchle&#8220;. Jedoch mit 60 Liter\/s mag zwar ein M\u00fchlenbetrieb m\u00f6glich sein, jedoch f\u00fcr den Fluder ist 60 L\/s schon sehr wenig und ein Schleierfall wird damit auch nicht mehr m\u00f6glich sein.  <\/p>\n\n\n\n<figure class=\"wp-block-image size-large\"><img loading=\"lazy\" decoding=\"async\" width=\"1024\" height=\"823\" src=\"https:\/\/huberpower.com\/wordpress\/wp-content\/uploads\/2023\/03\/image-3-1024x823.png\" alt=\"\" class=\"wp-image-24814\" srcset=\"https:\/\/huberpower.com\/wordpress\/wp-content\/uploads\/2023\/03\/image-3-1024x823.png 1024w, https:\/\/huberpower.com\/wordpress\/wp-content\/uploads\/2023\/03\/image-3-398x320.png 398w, https:\/\/huberpower.com\/wordpress\/wp-content\/uploads\/2023\/03\/image-3.png 1109w\" sizes=\"auto, (max-width: 1024px) 100vw, 1024px\" \/><figcaption class=\"wp-element-caption\">Der Fluder soll erhalten bleiben, jedoch nur mit 60 l\/s anstelle 3,5 m3\/s = 3.500 l\/s Wasser beschickt werden.  <\/figcaption><\/figure>\n\n\n\n<figure class=\"wp-block-embed is-type-wp-embed is-provider-fischereimanagement-salzkammergut wp-block-embed-fischereimanagement-salzkammergut\"><div class=\"wp-block-embed__wrapper\">\n<blockquote class=\"wp-embedded-content\" data-secret=\"FHGQRHLRZY\"><a href=\"https:\/\/huberpower.com\/wordpress\/?p=22971\">LAUFFEN ANNO<\/a><\/blockquote><iframe loading=\"lazy\" class=\"wp-embedded-content\" sandbox=\"allow-scripts\" security=\"restricted\" style=\"position: absolute; clip: rect(1px, 1px, 1px, 1px);\" title=\"&#8222;LAUFFEN ANNO&#8220; &#8212; Fischereimanagement Salzkammergut\" src=\"https:\/\/huberpower.com\/wordpress\/?p=22971&#038;embed=true#?secret=8hmIP3CvwV#?secret=FHGQRHLRZY\" data-secret=\"FHGQRHLRZY\" width=\"600\" height=\"338\" frameborder=\"0\" marginwidth=\"0\" marginheight=\"0\" scrolling=\"no\"><\/iframe>\n<\/div><\/figure>\n\n\n\n<figure class=\"wp-block-embed is-type-wp-embed is-provider-fischereimanagement-salzkammergut wp-block-embed-fischereimanagement-salzkammergut\"><div class=\"wp-block-embed__wrapper\">\n<blockquote class=\"wp-embedded-content\" data-secret=\"MKXuXRkiib\"><a href=\"https:\/\/huberpower.com\/wordpress\/?p=24506\">KRAFTWERK WEISSENBACH<\/a><\/blockquote><iframe loading=\"lazy\" class=\"wp-embedded-content\" sandbox=\"allow-scripts\" security=\"restricted\" style=\"position: absolute; clip: rect(1px, 1px, 1px, 1px);\" title=\"&#8222;KRAFTWERK WEISSENBACH&#8220; &#8212; Fischereimanagement Salzkammergut\" src=\"https:\/\/huberpower.com\/wordpress\/?p=24506&#038;embed=true#?secret=O2dl3GYXOp#?secret=MKXuXRkiib\" data-secret=\"MKXuXRkiib\" width=\"600\" height=\"338\" frameborder=\"0\" marginwidth=\"0\" marginheight=\"0\" scrolling=\"no\"><\/iframe>\n<\/div><\/figure>\n\n\n\n<figure class=\"wp-block-image size-full\"><img loading=\"lazy\" decoding=\"async\" width=\"935\" height=\"527\" src=\"https:\/\/huberpower.com\/wordpress\/wp-content\/uploads\/2020\/03\/image-41.png\" alt=\"Heimo bei der Arbeit\" class=\"wp-image-11559\" srcset=\"https:\/\/huberpower.com\/wordpress\/wp-content\/uploads\/2020\/03\/image-41.png 935w, https:\/\/huberpower.com\/wordpress\/wp-content\/uploads\/2020\/03\/image-41-680x383.png 680w, https:\/\/huberpower.com\/wordpress\/wp-content\/uploads\/2020\/03\/image-41-450x254.png 450w\" sizes=\"auto, (max-width: 935px) 100vw, 935px\" \/><figcaption class=\"wp-element-caption\">Artikel ist in Arbeit<\/figcaption><\/figure>\n\n\n\n<p style=\"text-align: center;\"><strong><span style=\"color: #99cc00;\">\u201eAn allem Unfug, der passiert, sind nicht etwa nur die schuld, die ihn tun,<\/span><\/strong><\/p><p style=\"text-align: center;\"><strong><\/strong><strong><span style=\"color: #99cc00;\">sondern auch die, die ihn nicht verhindern.\u201c<\/span><\/strong><\/p><p style=\"text-align: center;\"><strong>Zitat von: Erich K\u00e4stner <\/strong><\/p><strong>\n<p style=\"text-align: center;\"><a href=\"https:\/\/huberpower.com\/wordpress\"><img loading=\"lazy\" decoding=\"async\" class=\"aligncenter size-full wp-image-121\" title=\"20080303_17463_Home 250x Fisherman is Home_3333_bearbeitet-1\" src=\"https:\/\/huberpower.com\/wordpress\/wp-content\/uploads\/2012\/07\/20080303_17463_Home-250x-Fisherman-is-Home_3333_bearbeitet-1.jpg\" alt=\"\" width=\"208\" height=\"243\"\/><\/a><\/p>\n&nbsp;<\/strong>\n","protected":false},"excerpt":{"rendered":"<p>Der Fluder in Lauffen soll aufgelassen werden! Durch ein Kraftwerksprojekt oberhalb der Goiserer Weissenbach M\u00fcndung soll als Ersatzkraftwerk zum KW Lauffen ein neues Kraftwerk entstehen und damit wird auch der&#8230; <a class=\"read-more\" href=\"https:\/\/huberpower.com\/wordpress\/?p=24785\">[Weiterlesen]<\/a><\/p>\n","protected":false},"author":4,"featured_media":24786,"comment_status":"closed","ping_status":"open","sticky":false,"template":"","format":"standard","meta":{"_crdt_document":"","footnotes":""},"categories":[18,156,33,227,220,191,193,210],"tags":[],"class_list":["post-24785","post","type-post","status-publish","format-standard","has-post-thumbnail","hentry","category-bewirtschaftung","category-geschichte","category-ischler-traun","category-kraftwerk","category-lauffen","category-natura-aquatica","category-traunrauschen-at","category-umweltschaeden"],"_links":{"self":[{"href":"https:\/\/huberpower.com\/wordpress\/index.php?rest_route=\/wp\/v2\/posts\/24785","targetHints":{"allow":["GET"]}}],"collection":[{"href":"https:\/\/huberpower.com\/wordpress\/index.php?rest_route=\/wp\/v2\/posts"}],"about":[{"href":"https:\/\/huberpower.com\/wordpress\/index.php?rest_route=\/wp\/v2\/types\/post"}],"author":[{"embeddable":true,"href":"https:\/\/huberpower.com\/wordpress\/index.php?rest_route=\/wp\/v2\/users\/4"}],"replies":[{"embeddable":true,"href":"https:\/\/huberpower.com\/wordpress\/index.php?rest_route=%2Fwp%2Fv2%2Fcomments&post=24785"}],"version-history":[{"count":19,"href":"https:\/\/huberpower.com\/wordpress\/index.php?rest_route=\/wp\/v2\/posts\/24785\/revisions"}],"predecessor-version":[{"id":24824,"href":"https:\/\/huberpower.com\/wordpress\/index.php?rest_route=\/wp\/v2\/posts\/24785\/revisions\/24824"}],"wp:featuredmedia":[{"embeddable":true,"href":"https:\/\/huberpower.com\/wordpress\/index.php?rest_route=\/wp\/v2\/media\/24786"}],"wp:attachment":[{"href":"https:\/\/huberpower.com\/wordpress\/index.php?rest_route=%2Fwp%2Fv2%2Fmedia&parent=24785"}],"wp:term":[{"taxonomy":"category","embeddable":true,"href":"https:\/\/huberpower.com\/wordpress\/index.php?rest_route=%2Fwp%2Fv2%2Fcategories&post=24785"},{"taxonomy":"post_tag","embeddable":true,"href":"https:\/\/huberpower.com\/wordpress\/index.php?rest_route=%2Fwp%2Fv2%2Ftags&post=24785"}],"curies":[{"name":"wp","href":"https:\/\/api.w.org\/{rel}","templated":true}]}}