{"id":23875,"date":"2022-11-04T02:29:00","date_gmt":"2022-11-04T01:29:00","guid":{"rendered":"http:\/\/huberpower.com\/wordpress\/?p=23875"},"modified":"2024-03-25T14:37:39","modified_gmt":"2024-03-25T13:37:39","slug":"nussensee","status":"publish","type":"post","link":"https:\/\/huberpower.com\/wordpress\/?p=23875","title":{"rendered":"NUSSENSEE"},"content":{"rendered":"\n<p class=\"wp-block-paragraph\">Der Nussensee ist ein nat\u00fcrlicher Bergsee, welcher am Fu\u00dfe des Hainzen (1638m) &#8211; Elferkogel (1601m) und der Katrin (1542m), auf einer Seeh\u00f6he von etwa 601 Meter, durchschnittlicher Seespiegel inmitten eines Waldgebietes gelegen ist. Der See erstreckt sich in seiner West-Ost-Achse auf einer L\u00e4nge von etwa 580 m und ist an seiner breitesten Stelle etwa 227 m breit. Daraus ergibt sich eine Fl\u00e4che von gut&nbsp;10&nbsp;Hektar&nbsp;bei einer maximale Tiefe von 14,7&nbsp;Metern. <\/p>\n\n\n\n\n\n<h2 class=\"wp-block-heading\">Nussensee ist ein Druckwassersee<\/h2>\n\n\n\n<p class=\"wp-block-paragraph\">Es handelt sich um einen sogenannten \u201eDruckwassersee\u201c, also um ein stehendes Gew\u00e4sser, welches durch hochsteigendes \u2013 nach oben dr\u00fcckendes \u2013 Grundwasser entstehen, wobei sich Senken oder tiefer gelegene Gel\u00e4ndeteile mit offenliegendem Wasser f\u00fcllen. Dadurch \u00e4ndern sich das Seevolumen und damit auch die Tiefe und Oberfl\u00e4che je nach Wasserzufuhr. <\/p>\n\n\n\n<figure class=\"wp-block-image size-large\"><img loading=\"lazy\" decoding=\"async\" width=\"1024\" height=\"358\" src=\"https:\/\/huberpower.com\/wordpress\/wp-content\/uploads\/2023\/01\/image-3-1024x358.png\" alt=\"\" class=\"wp-image-23879\" srcset=\"https:\/\/huberpower.com\/wordpress\/wp-content\/uploads\/2023\/01\/image-3-1024x358.png 1024w, https:\/\/huberpower.com\/wordpress\/wp-content\/uploads\/2023\/01\/image-3-450x157.png 450w, https:\/\/huberpower.com\/wordpress\/wp-content\/uploads\/2023\/01\/image-3-1536x537.png 1536w, https:\/\/huberpower.com\/wordpress\/wp-content\/uploads\/2023\/01\/image-3.png 1782w\" sizes=\"auto, (max-width: 1024px) 100vw, 1024px\" \/><figcaption class=\"wp-element-caption\">Im Gegensatz zu den arktischen Bedingungen im Winter kann der Nussensee im Sommer an der Oberfl\u00e4che Temperaturen von mehr als 24 \u00b0C erreichen, wobei die Wassertemperatur mit zunehmender Tiefe sehr rasch abnimmt.<\/figcaption><\/figure>\n\n\n\n<figure class=\"wp-block-image size-large\"><img loading=\"lazy\" decoding=\"async\" width=\"1024\" height=\"945\" src=\"https:\/\/huberpower.com\/wordpress\/wp-content\/uploads\/2023\/01\/image-7-1024x945.png\" alt=\"\" class=\"wp-image-23899\" srcset=\"https:\/\/huberpower.com\/wordpress\/wp-content\/uploads\/2023\/01\/image-7-1024x945.png 1024w, https:\/\/huberpower.com\/wordpress\/wp-content\/uploads\/2023\/01\/image-7-347x320.png 347w, https:\/\/huberpower.com\/wordpress\/wp-content\/uploads\/2023\/01\/image-7-1536x1417.png 1536w, https:\/\/huberpower.com\/wordpress\/wp-content\/uploads\/2023\/01\/image-7.png 1678w\" sizes=\"auto, (max-width: 1024px) 100vw, 1024px\" \/><figcaption class=\"wp-element-caption\">Daten aus dem ASM (Amtliches -Seen-Messnetz)<\/figcaption><\/figure>\n\n\n\n<p class=\"wp-block-paragraph\">Als <strong>Druckwassersee<\/strong> oder&nbsp;<strong>Quellbeckensee<\/strong>&nbsp;bezeichnet man&nbsp;Gew\u00e4sser, die durch hochsteigendes \u2013 nach oben dr\u00fcckendes \u2013Grundwasser&nbsp;entstehen. Sie haben also, selbst wenn sie einen Abfluss haben, keinen erkennbaren Zufluss. So auch der Nussensee, der fast zur G\u00e4nze von Quellen unter der Wasserfl\u00e4che gespeist wird, und unterliegt Pegelschwankungen von mehreren Metern, was regelm\u00e4\u00dfig zur Austrocknung des \u00dcberlaufes, des dort entspringenden Nussenbach (Nussenseeache) f\u00fchrt.<\/p>\n\n\n\n<h2 class=\"wp-block-heading\">Nussenbach &#8211; Nussenseeache<\/h2>\n\n\n\n<p class=\"wp-block-paragraph\">Auch wenn der Abfluss, die Nussenseeache, schon ausgetrocknet ist, sinkt der Wasserspiegel noch weiter. Das Wasser verschwindet durch unterirdische Spalten und Kl\u00fcfte. Schlie\u00dflich hat der See nur mehr eine L\u00e4nge von 100 m bis 200 m und eine Tiefe von 2 m bis 2,80 m.<\/p>\n\n\n\n<h2 class=\"wp-block-heading\">Wohin verschwindet das Wasser?<\/h2>\n\n\n\n<p class=\"wp-block-paragraph\">Vor Jahren wurde mit Hilfe von Farbstoffen der unterirdische Weg des Wassers festgestellt. Das gef\u00e4rbte Wasser tauchte in den Trinkwasserbeh\u00e4ltern unterhalb der Ruine Wildenstein in mehreren Kilometern Entfernung wieder auf. So ist der Nussensee f\u00fcr die Trinkwasserversorgung von Bad Ischl von Bedeutung und laufende Untersuchungen haben die einwandfreie Wasserqualit\u00e4t ergeben.<\/p>\n\n\n\n<figure class=\"wp-block-image size-large\"><img loading=\"lazy\" decoding=\"async\" width=\"1024\" height=\"467\" src=\"https:\/\/huberpower.com\/wordpress\/wp-content\/uploads\/2023\/01\/image-6-1024x467.png\" alt=\"\" class=\"wp-image-23895\" srcset=\"https:\/\/huberpower.com\/wordpress\/wp-content\/uploads\/2023\/01\/image-6-1024x467.png 1024w, https:\/\/huberpower.com\/wordpress\/wp-content\/uploads\/2023\/01\/image-6-450x205.png 450w, https:\/\/huberpower.com\/wordpress\/wp-content\/uploads\/2023\/01\/image-6.png 1363w\" sizes=\"auto, (max-width: 1024px) 100vw, 1024px\" \/><\/figure>\n\n\n\n<h2 class=\"wp-block-heading\">Plankton des Nussensee<\/h2>\n\n\n\n<p class=\"wp-block-paragraph\">\u00dcber das Plankton des Nussensee gibt es einen Artikel von Otto Zach:&nbsp;<strong><mark style=\"background-color:rgba(0, 0, 0, 0)\" class=\"has-inline-color has-luminous-vivid-orange-color\">Das Plankton des Nussensee<\/mark><\/strong><em>.<\/em>&nbsp;In der Zeitschrift Apollo<em>.<\/em>&nbsp;Jahrgang 51, 1978, S. 5\u20138 (Quelle: <a rel=\"noreferrer noopener\" href=\"https:\/\/www.zobodat.at\/pdf\/APO_51_0005-0008.pdf\" target=\"_blank\">zobodat.at<\/a>&nbsp;[PDF]) weiters wird von diesen auf eine Arbeit von Dr. Carl von Keissler (Wien) verweisen und diese hei\u00dft \u201e<strong><mark style=\"background-color:rgba(0, 0, 0, 0)\" class=\"has-inline-color has-luminous-vivid-orange-color\">Kurze Mitteilungen \u00fcber das Phytoplankton des Nussensee<\/mark><\/strong> bei Bad Ischl in Ober\u00f6sterreich&#8220;, ver\u00f6ffentlicht in der \u201e<strong>\u00d6sterreichischen botanischen Zeitschrift&#8220;, Jahrgang 1902, Nr. 1<\/strong>. <\/p>\n\n\n\n<p class=\"wp-block-paragraph\">ZUSAMMENFASSUNG: Das Plankton des Nussensee zeigt in seiner Zusammensetzung viel \u00dcbereinstimmung mit den inneren Seen des Salzkammergutes wie dem Gosausee, dem Offensee und dem Schwarzensee, die von Abw\u00e4ssern und Zivilisationsfolgen noch kaum betroffen sind. Die Organismen finden sich nur in einer begrenzten Artenzahl. Eine der Ursachen liegt wohl darin, dass ihre Zufl\u00fcsse nicht von anderen Seen kommen, so dass eine Besiedelung mit Lebewesen von diesen entf\u00e4llt. Weiters frieren sie im Winter wegen ihrer Kleinheit fr\u00fchzeitig zu, daher k\u00f6nnen auch nicht winterliche Schwimmv\u00f6gel zur Anreicherung des Planktons beitragen. Beim Nussensee kommt noch der Wasserverlust im Sp\u00e4therbst und im Winter dazu. <\/p>\n\n\n\n<p class=\"wp-block-paragraph\"><strong><mark style=\"background-color:rgba(0, 0, 0, 0)\" class=\"has-inline-color has-luminous-vivid-orange-color\">Nach regenreichen Sommern hat der See gew\u00f6hnlich seine gr\u00f6\u00dfte Wassermenge, im Herbst bei trockener Witterung kann der Wasserspiegel deutlich absinken.<\/mark><\/strong> Bedingt durch seine Lage an den steilen Nordabh\u00e4ngen des Katergebirges liegt der Nussensee im Winter lange Zeit ganzt\u00e4gig im Schatten. Dadurch weist er im Winter meistens eine sehr starke Eisdecke auf, bei Hochdruckwitterung bildet sich \u00fcber der Eisdecke oft ein stabiler Kaltluftsee mit Nebel aus.<\/p>\n\n\n\n<figure class=\"wp-block-image size-large\"><img loading=\"lazy\" decoding=\"async\" width=\"1024\" height=\"676\" src=\"https:\/\/huberpower.com\/wordpress\/wp-content\/uploads\/2023\/01\/image-5-1024x676.png\" alt=\"\" class=\"wp-image-23892\" srcset=\"https:\/\/huberpower.com\/wordpress\/wp-content\/uploads\/2023\/01\/image-5-1024x676.png 1024w, https:\/\/huberpower.com\/wordpress\/wp-content\/uploads\/2023\/01\/image-5-450x297.png 450w, https:\/\/huberpower.com\/wordpress\/wp-content\/uploads\/2023\/01\/image-5.png 1491w\" sizes=\"auto, (max-width: 1024px) 100vw, 1024px\" \/><figcaption class=\"wp-element-caption\">Nussensee: (Foto: FC Nussensee)<\/figcaption><\/figure>\n\n\n\n<h2 class=\"wp-block-heading\">Der Nussensee ist ein Naturschutzgebiet<\/h2>\n\n\n\n<p class=\"wp-block-paragraph\">Laut einer Verordnung der O\u00d6. Landesregierung wurde der \u201eNussensee\u201c in der Stadtgemeinde Bad Ischl als Naturschutzgebiet per Verordnung aus dem Jahre 2021 LGBl.Nr. 104\/2021 besonders gesch\u00fctzt. Das Naturschutzgesetz gem\u00e4\u00df \u00a7&nbsp;25 Abs.&nbsp;4. O\u00d6. NSchG&nbsp;2001 sind daher folgende Eingriffe gestattet:<\/p>\n\n\n\n<ol class=\"wp-block-list\">\n<li>das Befahren des Sees mit nicht motorisierten Booten, ausgenommen im Zuge allgemein zug\u00e4nglicher oder allgemein beworbener Veranstaltungen;<\/li>\n\n\n\n<li>das Betreten der Eisfl\u00e4che zur Aus\u00fcbung des Eislaufens oder Eisstockschie\u00dfens, ausgenommen im Zuge allgemein zug\u00e4nglicher oder allgemein beworbener Veranstaltungen;<\/li>\n\n\n\n<li>das Betreten der Landfl\u00e4chen;<\/li>\n\n\n\n<li>das Befahren des Sees mit motorisierten Booten zu wissenschaftlichen Zwecken und im Rahmen von Bewirtschaftungsma\u00dfnahmen durch die Grundeigent\u00fcmerinnen und Grundeigent\u00fcmer sowie durch von diesen beauftragten Personen;<\/li>\n\n\n\n<li>das Baden und Schwimmen;<\/li>\n\n\n\n<li>das Tauchen unter Verwendung einer vollst\u00e4ndig desinfizierten Tauchausr\u00fcstung im Rahmen von \u00dcbungen der Feuerwehr im Einvernehmen mit den Grundeigent\u00fcmerinnen und Grundeigent\u00fcmern sowie der f\u00fcr die Vollziehung des O\u00d6. NSchG zust\u00e4ndigen Abteilung des Amtes der O\u00d6. Landesregierung;<\/li>\n\n\n\n<li>die Wasserentnahme im Rahmen von \u00dcbungen der Feuerwehr im Einvernehmen mit den Grundeigent\u00fcmerinnen und Grundeigent\u00fcmern sowie mit der f\u00fcr die Vollziehung des O\u00d6.&nbsp;NSchG&nbsp;2001 zust\u00e4ndigen Abteilung des Amtes der O\u00d6. Landesregierung;<\/li>\n\n\n\n<li><strong><mark style=\"background-color:rgba(0, 0, 0, 0)\" class=\"has-inline-color has-luminous-vivid-orange-color\">die rechtm\u00e4\u00dfige Aus\u00fcbung der Fischerei, ausgenommen der Besatz mit nicht autochthonen Arten,<\/mark><\/strong> sowie das Befahren des Sees mit Elektrobooten zu diesem Zweck in der Zeit vom 1.&nbsp;Mai bis 31.&nbsp;Oktober jeden Jahres;<\/li>\n\n\n\n<li>die rechtm\u00e4\u00dfige Aus\u00fcbung der Jagd;<\/li>\n\n\n\n<li>die Instandhaltung und Instandsetzung rechtm\u00e4\u00dfig bestehender Geb\u00e4ude und Anlagen;<\/li>\n\n\n\n<li>die forstliche Nutzung der Uferwaldbereiche am S\u00fcdufer in Form der Einzelstammentnahme.<\/li>\n<\/ol>\n\n\n\n<h3 class=\"wp-block-heading\" id=\"MainContent_DocumentRepeater_LandesnormenCompleteNormDocumentData_4_HeaderTextField_4\">Lageplan des Naturschutzgebiet &#8222;Nussensee&#8220;<\/h3>\n\n\n\n<figure class=\"wp-block-image size-large\"><img loading=\"lazy\" decoding=\"async\" width=\"1024\" height=\"692\" src=\"https:\/\/huberpower.com\/wordpress\/wp-content\/uploads\/2023\/01\/image-2-1024x692.png\" alt=\"\" class=\"wp-image-23876\" srcset=\"https:\/\/huberpower.com\/wordpress\/wp-content\/uploads\/2023\/01\/image-2-1024x692.png 1024w, https:\/\/huberpower.com\/wordpress\/wp-content\/uploads\/2023\/01\/image-2-450x304.png 450w, https:\/\/huberpower.com\/wordpress\/wp-content\/uploads\/2023\/01\/image-2-1536x1038.png 1536w, https:\/\/huberpower.com\/wordpress\/wp-content\/uploads\/2023\/01\/image-2-2048x1384.png 2048w\" sizes=\"auto, (max-width: 1024px) 100vw, 1024px\" \/><\/figure>\n\n\n\n<h2 class=\"wp-block-heading\">Fischbestand<\/h2>\n\n\n\n<p class=\"wp-block-paragraph\">Der Fischreichtum im Nussensee besteht haupts\u00e4chlich aus Saiblings- und Forellenarten, Renken, Hechten, Zandern, Barschen, Karpfen, Schleien und anderen Wei\u00dffischarten. Um den Fischbestand auch nachhaltig zu f\u00f6rdern, wurde in Absprache mit den \u00d6BF zwei Laichschonst\u00e4tten angelegt, die ebenfalls von Amphibien und im Uferbereich von Reptilien gen\u00fctzt werden k\u00f6nnen. Damit wurde auch ein wertvoller Beitrag zur Erhaltung der Biodiversit\u00e4t gelegt.<\/p>\n\n\n\n<h2 class=\"wp-block-heading\">Bewirtschafter<\/h2>\n\n\n\n<figure class=\"wp-block-image size-large\"><a href=\"https:\/\/www.fc-nussensee.at\/Startseite\/\" target=\"_blank\" rel=\"noreferrer noopener\"><img loading=\"lazy\" decoding=\"async\" width=\"1024\" height=\"165\" src=\"https:\/\/huberpower.com\/wordpress\/wp-content\/uploads\/2023\/01\/image-4-1024x165.png\" alt=\"\" class=\"wp-image-23888\" srcset=\"https:\/\/huberpower.com\/wordpress\/wp-content\/uploads\/2023\/01\/image-4-1024x165.png 1024w, https:\/\/huberpower.com\/wordpress\/wp-content\/uploads\/2023\/01\/image-4-450x72.png 450w, https:\/\/huberpower.com\/wordpress\/wp-content\/uploads\/2023\/01\/image-4.png 1244w\" sizes=\"auto, (max-width: 1024px) 100vw, 1024px\" \/><\/a><\/figure>\n\n\n\n<h2 class=\"wp-block-heading\">Impressionen<\/h2>\n\n\n\n<p class=\"wp-block-paragraph\">Nach dem Motto, <strong>\u201eein Bild sagt mehr als tausend Worte\u201c<\/strong>&nbsp;m\u00f6chte ich diesen Mehrwert nutzen und ein paar Bilder vom Nussensee erg\u00e4nzen. Es ist oft mit einen&nbsp;Bild&nbsp;und je nach Jahreszeit sehr einfach erkl\u00e4rt und ein st\u00e4rkerer Eindruck auf den Betrachter vermittelt, wie ein umfangreicher Text.<\/p>\n\n\n\n<figure class=\"wp-block-image size-large\"><img loading=\"lazy\" decoding=\"async\" width=\"1024\" height=\"569\" src=\"https:\/\/huberpower.com\/wordpress\/wp-content\/uploads\/2023\/02\/image-28-1024x569.png\" alt=\"\" class=\"wp-image-24411\" srcset=\"https:\/\/huberpower.com\/wordpress\/wp-content\/uploads\/2023\/02\/image-28-1024x569.png 1024w, https:\/\/huberpower.com\/wordpress\/wp-content\/uploads\/2023\/02\/image-28-450x250.png 450w, https:\/\/huberpower.com\/wordpress\/wp-content\/uploads\/2023\/02\/image-28-1536x853.png 1536w, https:\/\/huberpower.com\/wordpress\/wp-content\/uploads\/2023\/02\/image-28.png 1815w\" sizes=\"auto, (max-width: 1024px) 100vw, 1024px\" \/><figcaption class=\"wp-element-caption\">Der Nussensee im Winter mit Eisdecke (Foto: Philipp \u00d6sterreicher)<\/figcaption><\/figure>\n\n\n\n<p class=\"wp-block-paragraph\"><\/p>\n\n\n\n<h2 class=\"wp-block-heading\">Weitere Informationen<\/h2>\n\n\n\n<p class=\"wp-block-paragraph\">Naturschutzgebiet Nussensee: <a href=\"https:\/\/www.ris.bka.gv.at\/GeltendeFassung.wxe?Abfrage=LrOO&amp;Gesetzesnummer=20001168\">https:\/\/www.ris.bka.gv.at\/GeltendeFassung.wxe?Abfrage=LrOO&amp;Gesetzesnummer=20001168<\/a><\/p>\n\n\n\n<p class=\"wp-block-paragraph\">Otto Zach:&nbsp;<strong><mark style=\"background-color:rgba(0, 0, 0, 0)\" class=\"has-inline-color has-luminous-vivid-orange-color\">Das Plankton des Nussensees<\/mark><\/strong><em>.<\/em>&nbsp;In der Zeitschrift Apollo<em>.<\/em>&nbsp;Jahrgang 51, 1978, S. 5\u20138 (Quelle: <a rel=\"noreferrer noopener\" href=\"https:\/\/www.zobodat.at\/pdf\/APO_51_0005-0008.pdf\" target=\"_blank\">zobodat.at<\/a>&nbsp;[PDF]) <\/p>\n\n\n\n\n\n<p style=\"text-align: center;\"><strong><span style=\"color: #99cc00;\"> \u201eAngeln und Naturschutz sind vereinbar&#8220;<\/span><\/strong><\/p>\nOrganisierte Angler und Bewirtschafter sind \u00d6sterreichs wichtigste Heger und Pfleger (Manager) der Gew\u00e4sser. Eine fachgerechte Hege und eine nachhaltige fischereiliche Gew\u00e4ssernutzung sind im Einklang mit dem Natur- und Fischartenschutz.\n<p style=\"text-align: center;\">Zitat von Robert Arlinghaus<\/p>\n<p style=\"text-align: center;\"><\/p>\n&nbsp;\n","protected":false},"excerpt":{"rendered":"<p>Der Nussensee ist ein nat\u00fcrlicher Bergsee, welcher am Fu\u00dfe des Hainzen (1638m) &#8211; Elferkogel (1601m) und der Katrin (1542m), auf einer Seeh\u00f6he von etwa 601 Meter, durchschnittlicher Seespiegel inmitten eines&#8230; <a class=\"read-more\" href=\"https:\/\/huberpower.com\/wordpress\/?p=23875\">[Weiterlesen]<\/a><\/p>\n","protected":false},"author":4,"featured_media":23892,"comment_status":"closed","ping_status":"closed","sticky":false,"template":"","format":"standard","meta":{"_crdt_document":"","footnotes":""},"categories":[18,70,55,225,130,178,209],"tags":[],"class_list":["post-23875","post","type-post","status-publish","format-standard","has-post-thumbnail","hentry","category-bewirtschaftung","category-gewaesserbuch","category-gewaesserbewirtschaften","category-monitoring","category-niederwasser","category-schutzgebiet","category-seenfischerei"],"_links":{"self":[{"href":"https:\/\/huberpower.com\/wordpress\/index.php?rest_route=\/wp\/v2\/posts\/23875","targetHints":{"allow":["GET"]}}],"collection":[{"href":"https:\/\/huberpower.com\/wordpress\/index.php?rest_route=\/wp\/v2\/posts"}],"about":[{"href":"https:\/\/huberpower.com\/wordpress\/index.php?rest_route=\/wp\/v2\/types\/post"}],"author":[{"embeddable":true,"href":"https:\/\/huberpower.com\/wordpress\/index.php?rest_route=\/wp\/v2\/users\/4"}],"replies":[{"embeddable":true,"href":"https:\/\/huberpower.com\/wordpress\/index.php?rest_route=%2Fwp%2Fv2%2Fcomments&post=23875"}],"version-history":[{"count":5,"href":"https:\/\/huberpower.com\/wordpress\/index.php?rest_route=\/wp\/v2\/posts\/23875\/revisions"}],"predecessor-version":[{"id":31543,"href":"https:\/\/huberpower.com\/wordpress\/index.php?rest_route=\/wp\/v2\/posts\/23875\/revisions\/31543"}],"wp:featuredmedia":[{"embeddable":true,"href":"https:\/\/huberpower.com\/wordpress\/index.php?rest_route=\/wp\/v2\/media\/23892"}],"wp:attachment":[{"href":"https:\/\/huberpower.com\/wordpress\/index.php?rest_route=%2Fwp%2Fv2%2Fmedia&parent=23875"}],"wp:term":[{"taxonomy":"category","embeddable":true,"href":"https:\/\/huberpower.com\/wordpress\/index.php?rest_route=%2Fwp%2Fv2%2Fcategories&post=23875"},{"taxonomy":"post_tag","embeddable":true,"href":"https:\/\/huberpower.com\/wordpress\/index.php?rest_route=%2Fwp%2Fv2%2Ftags&post=23875"}],"curies":[{"name":"wp","href":"https:\/\/api.w.org\/{rel}","templated":true}]}}