{"id":23821,"date":"2022-12-31T15:33:12","date_gmt":"2022-12-31T14:33:12","guid":{"rendered":"http:\/\/huberpower.com\/wordpress\/?p=23821"},"modified":"2024-03-25T14:37:39","modified_gmt":"2024-03-25T13:37:39","slug":"koesslbach-traun-untere-ischler-traun","status":"publish","type":"post","link":"https:\/\/huberpower.com\/wordpress\/?p=23821","title":{"rendered":"K\u00d6SSLBACH TRAUN &#8211; UNTERE ISCHLER TRAUN"},"content":{"rendered":"\n<p class=\"wp-block-paragraph\">Die Ortschaft K\u00f6sslbach ist ein Ortsteil von Bad Ischl und liegt am rechten Ufer der Traun, Richtung Ebensee. Der Ortsteil selbst schreibt sich &#8222;K\u00f6sslbach&#8220;, wobei der am Revierende einm\u00fcnde &#8222;Wild-Bach&#8220; sich Kesselbach bezeichnet. Wie und wann sich die unterschiedliche Schreibweise zwischen Ortsteil und Bach Name ergeben hat ist mir nicht bekannt. Wobei K\u00f6sslbach\u00a0oder auch in der Schreibweise\u00a0K\u00f6\u00dflbach, Kesslbach und\u00a0Kesselbach f\u00fcr B\u00e4che, auch in anderen Regionen nicht so selten vorkommt. In weiterer Folge ein paar Informationen zu diesen sehr sch\u00f6nen Fliegenfisch Revier im Salzkammergut.   <\/p>\n\n\n\n\n\n<h2 class=\"wp-block-heading\"><strong>K\u00f6sslbach Traun &#8211; Untere Ischler Traun<\/strong><\/h2>\n\n\n\n<p class=\"wp-block-paragraph\">Dieses Fischereirevier geh\u00f6rt zur Ischler Traun, die bei der K\u00f6sslbach Br\u00fccke Ende, wo sie dann in die Ebenseer Traun \u00fcbergeht. Der Revierabschnitt der Ischler Traun ist wahrlich ein Traum. Dieser 3 km lange Abschnitt der Traun befindet sich unterhalb von Bad Ischl. Die Traun pr\u00e4sentiert sich hier bereits als breiter Fluss mit teilweise starker Str\u00f6mung. <\/p>\n\n\n\n<figure class=\"wp-block-image size-large\"><img loading=\"lazy\" decoding=\"async\" width=\"1024\" height=\"576\" src=\"https:\/\/huberpower.com\/wordpress\/wp-content\/uploads\/2022\/12\/KOeSSLBACH-TRAUNIMG_20221230_134145-1024x576.jpg\" alt=\"\" class=\"wp-image-23825\" srcset=\"https:\/\/huberpower.com\/wordpress\/wp-content\/uploads\/2022\/12\/KOeSSLBACH-TRAUNIMG_20221230_134145-1024x576.jpg 1024w, https:\/\/huberpower.com\/wordpress\/wp-content\/uploads\/2022\/12\/KOeSSLBACH-TRAUNIMG_20221230_134145-450x253.jpg 450w, https:\/\/huberpower.com\/wordpress\/wp-content\/uploads\/2022\/12\/KOeSSLBACH-TRAUNIMG_20221230_134145-1536x864.jpg 1536w, https:\/\/huberpower.com\/wordpress\/wp-content\/uploads\/2022\/12\/KOeSSLBACH-TRAUNIMG_20221230_134145-2048x1152.jpg 2048w\" sizes=\"auto, (max-width: 1024px) 100vw, 1024px\" \/><\/figure>\n\n\n\n<p class=\"wp-block-paragraph\">In diesen Bereich, hat die Ischler Traun bereits die Ischl und den Rettenbach dazubekommen und hat dadurch an Gr\u00f6\u00dfe gewonnen. Im mittleren Revierabschnitt kommt noch der &#8222;Mitter Weissenbach&#8220; mit ein paar m3 Wasserf\u00fchrung dazu. Demzufolge sind auch die Forellen und \u00c4schen von ausgezeichneter k\u00f6rperlicher Verfassung und St\u00e4rke, und garantieren ein einmaliges Drillerlebnis. Lange Z\u00fcge, tiefe Pools und Rieselstrecken charakterisieren die Ischler Traun, die optimale Voraussetzungen f\u00fcr eine wundersch\u00f6ne Fliegenfischerei bietet. Trotz ihrer Breite ist die Traun perfekt begeh- und bewatbar, sodass bei Niedrigwasser an manchen Stellen sogar das Queren des Flusses m\u00f6glich ist. Zahlreiche, f\u00fcr die Fische ideale Unterst\u00e4nde tragen unter anderem dazu bei, dass der Bestand von kapitalen Regenbogenforellen sowie \u00c4schen ausgezeichnet ist.<\/p>\n\n\n\n<h2 class=\"wp-block-heading\"><strong>Reviergrenze<\/strong><\/h2>\n\n\n\n<p class=\"wp-block-paragraph\">Drei Kilometer unterhalb, d.h. \u00f6stlich von Bad Ischl auf der Salzkammergut Bundesstra\u00dfe (B145) Richtung Ebensee fahrend, erreicht man das &#8222;K\u00f6sslbach Revier&#8220;. Von H\u00f6he blauer Silo an der Bundestrasse 3km flussabw\u00e4rts bis zur K\u00f6\u00dflbachbr\u00fccke reicht diser herrliche Revierabschnitt. Die Reviergrenzen sind beschildert. Parkm\u00f6glichkeiten sind vorhanden. <\/p>\n\n\n\n<h3 class=\"wp-block-heading\">Obere Revier Grenze<\/h3>\n\n\n\n<p class=\"wp-block-paragraph\">Die Obere Revier Grenze ist durch den &#8222;Blauen Silo&#8220; nicht zu verfehlen. Hier gibt es auch gleich eine gute Parkm\u00f6glichkeit. Den Einstieg- oder Ausstieg, linksufrig muss wegen der hohen Ufermauer \u00fcber das oberhalb liegende Revier erfolgen. Rechtsufrig sollten man zum oberen Revierabschnitt \u00fcber die &#8222;Weissenbach Br\u00fccke&#8220; zufahren, wo es auch eine gute Parkm\u00f6glichkeit gibt. <\/p>\n\n\n\n<figure class=\"wp-block-image size-full\"><img loading=\"lazy\" decoding=\"async\" width=\"999\" height=\"486\" src=\"https:\/\/huberpower.com\/wordpress\/wp-content\/uploads\/2022\/12\/image-36.png\" alt=\"\" class=\"wp-image-23826\" srcset=\"https:\/\/huberpower.com\/wordpress\/wp-content\/uploads\/2022\/12\/image-36.png 999w, https:\/\/huberpower.com\/wordpress\/wp-content\/uploads\/2022\/12\/image-36-450x219.png 450w\" sizes=\"auto, (max-width: 999px) 100vw, 999px\" \/><\/figure>\n\n\n\n<h3 class=\"wp-block-heading\">Untere Revier Grenze<\/h3>\n\n\n\n<figure class=\"wp-block-image size-large\"><img loading=\"lazy\" decoding=\"async\" width=\"1024\" height=\"516\" src=\"https:\/\/huberpower.com\/wordpress\/wp-content\/uploads\/2023\/01\/image-1-1024x516.png\" alt=\"\" class=\"wp-image-23853\" srcset=\"https:\/\/huberpower.com\/wordpress\/wp-content\/uploads\/2023\/01\/image-1-1024x516.png 1024w, https:\/\/huberpower.com\/wordpress\/wp-content\/uploads\/2023\/01\/image-1-450x227.png 450w, https:\/\/huberpower.com\/wordpress\/wp-content\/uploads\/2023\/01\/image-1.png 1469w\" sizes=\"auto, (max-width: 1024px) 100vw, 1024px\" \/><\/figure>\n\n\n\n<h2 class=\"wp-block-heading\">Revierabschnitte<\/h2>\n\n\n\n<h3 class=\"wp-block-heading\">Beim gesprengten Kreuzstein<\/h3>\n\n\n\n<figure class=\"wp-block-image size-large\"><img loading=\"lazy\" decoding=\"async\" width=\"1024\" height=\"576\" src=\"https:\/\/huberpower.com\/wordpress\/wp-content\/uploads\/2022\/12\/Gesprengte-Kreuzstein3_Screenshot-2022-12-31-154342-1024x576.jpg\" alt=\"\" class=\"wp-image-23840\" srcset=\"https:\/\/huberpower.com\/wordpress\/wp-content\/uploads\/2022\/12\/Gesprengte-Kreuzstein3_Screenshot-2022-12-31-154342-1024x576.jpg 1024w, https:\/\/huberpower.com\/wordpress\/wp-content\/uploads\/2022\/12\/Gesprengte-Kreuzstein3_Screenshot-2022-12-31-154342-450x253.jpg 450w, https:\/\/huberpower.com\/wordpress\/wp-content\/uploads\/2022\/12\/Gesprengte-Kreuzstein3_Screenshot-2022-12-31-154342-1536x864.jpg 1536w, https:\/\/huberpower.com\/wordpress\/wp-content\/uploads\/2022\/12\/Gesprengte-Kreuzstein3_Screenshot-2022-12-31-154342-2048x1152.jpg 2048w\" sizes=\"auto, (max-width: 1024px) 100vw, 1024px\" \/><figcaption class=\"wp-element-caption\">Diese kleine Notiz im Trauungsbuch der Pfarre Goisern deutet auf eine der gr\u00f6\u00dften Schiffskatastrophen der an Ungl\u00fccksf\u00e4llen so reichen Geschichte der Traun Schifffahrt hin. Am Vormittag des 3. Juni 1720 l\u00f6ste sich zur gewohnten Stunde das Ischler Marktschiff vom Traun Ufer in Ischl und fuhr die Traun abw\u00e4rts gegen Gmunden. Nach der erw\u00e4hnten Notiz werden sich vermutlich mehr als 60 Personen auf dem Schiff befunden haben. Neben dem Personentransport diente die &#8222;Marktfuhr&#8220; auch dem Austausch von G\u00fctern zwischen Ischl, Langbath und Gmunden, so das angenommen werden kann, dass sich auch Waren an Bord des Schiffes befanden. <\/figcaption><\/figure>\n\n\n\n<figure class=\"wp-block-image size-large\"><img loading=\"lazy\" decoding=\"async\" width=\"1024\" height=\"576\" src=\"https:\/\/huberpower.com\/wordpress\/wp-content\/uploads\/2022\/12\/Gesprengte-Kreuzstein2_Screenshot-2022-12-31-154342-1024x576.jpg\" alt=\"\" class=\"wp-image-23839\" srcset=\"https:\/\/huberpower.com\/wordpress\/wp-content\/uploads\/2022\/12\/Gesprengte-Kreuzstein2_Screenshot-2022-12-31-154342-1024x576.jpg 1024w, https:\/\/huberpower.com\/wordpress\/wp-content\/uploads\/2022\/12\/Gesprengte-Kreuzstein2_Screenshot-2022-12-31-154342-450x253.jpg 450w, https:\/\/huberpower.com\/wordpress\/wp-content\/uploads\/2022\/12\/Gesprengte-Kreuzstein2_Screenshot-2022-12-31-154342-1536x864.jpg 1536w, https:\/\/huberpower.com\/wordpress\/wp-content\/uploads\/2022\/12\/Gesprengte-Kreuzstein2_Screenshot-2022-12-31-154342-2048x1152.jpg 2048w\" sizes=\"auto, (max-width: 1024px) 100vw, 1024px\" \/><\/figure>\n\n\n\n<h2 class=\"wp-block-heading\">Kesselbach M\u00fcndung<\/h2>\n\n\n\n<p class=\"wp-block-paragraph\">Der am Revierende, knapp oberhalb der K\u00f6sslbach Br\u00fccke, rechtsufrige Traun-Zubringer hei\u00dft interessanter Weise Kesselbach. Der Grenzbach zwischen Bad Ischl zur Gemeinde Ebensee ist auch gleichzeitig, aus historischen Zeiten herr\u00fchrend die zwischen den Zust\u00e4ndigkeiten der \u00d6sterreichischen Bundesforste, Forstbetrieb Inneres Salzkammergut und unterhalb davon ist der \u00d6BF-Forstbetrieb Traun-Innviertel zust\u00e4ndig. Bis zur K\u00f6sslbach Br\u00fccke reicht das Fischereirevier Hurch FlyFishing. <\/p>\n\n\n\n<figure class=\"wp-block-image size-large is-resized\"><img loading=\"lazy\" decoding=\"async\" src=\"https:\/\/huberpower.com\/wordpress\/wp-content\/uploads\/2023\/01\/image-740x1024.png\" alt=\"\" class=\"wp-image-23852\" width=\"838\" height=\"1160\" srcset=\"https:\/\/huberpower.com\/wordpress\/wp-content\/uploads\/2023\/01\/image-740x1024.png 740w, https:\/\/huberpower.com\/wordpress\/wp-content\/uploads\/2023\/01\/image-231x320.png 231w, https:\/\/huberpower.com\/wordpress\/wp-content\/uploads\/2023\/01\/image.png 893w\" sizes=\"auto, (max-width: 838px) 100vw, 838px\" \/><figcaption class=\"wp-element-caption\">Der Kesselbach in Bad Ischl hat die Wildbach Nummer: WB-102966 und liegt in der Zust\u00e4ndigkeit der WLV.<\/figcaption><\/figure>\n\n\n\n<p class=\"wp-block-paragraph\">Der Kesselbach selbst hat eine Breite von ca. 2 m, die Sohle ist im Unterlauf mit betonierten Kaskaden reguliert. Das Sohlsubstrat ist Kies bis Stein-Bl\u00f6cke und die Ufer sind mit Steinbl\u00f6cken gesichert. Das Uferbegleitgeh\u00f6lz vom Kesselbach bildet der angrenzende Wald, der hier stark ansteigt. Fischereilich ist der Kesselbach, da auch nicht permanent Wasserf\u00fchrend ohne Bedeutung.    <\/p>\n\n\n\n<figure class=\"wp-block-image size-large\"><img loading=\"lazy\" decoding=\"async\" width=\"1024\" height=\"670\" src=\"https:\/\/huberpower.com\/wordpress\/wp-content\/uploads\/2022\/12\/KESSELBACH_Screenshot-2022-12-31-150357-1024x670.jpg\" alt=\"\" class=\"wp-image-23822\" srcset=\"https:\/\/huberpower.com\/wordpress\/wp-content\/uploads\/2022\/12\/KESSELBACH_Screenshot-2022-12-31-150357-1024x670.jpg 1024w, https:\/\/huberpower.com\/wordpress\/wp-content\/uploads\/2022\/12\/KESSELBACH_Screenshot-2022-12-31-150357-450x295.jpg 450w, https:\/\/huberpower.com\/wordpress\/wp-content\/uploads\/2022\/12\/KESSELBACH_Screenshot-2022-12-31-150357-1536x1006.jpg 1536w, https:\/\/huberpower.com\/wordpress\/wp-content\/uploads\/2022\/12\/KESSELBACH_Screenshot-2022-12-31-150357-2048x1341.jpg 2048w\" sizes=\"auto, (max-width: 1024px) 100vw, 1024px\" \/><figcaption class=\"wp-element-caption\">Informationstafel bei der Kesselbach M\u00fcndung in die Traun, gleich oberhalb der K\u00f6sslbach Br\u00fccke.<\/figcaption><\/figure>\n\n\n\n<h2 class=\"wp-block-heading\"><strong>\u00d6ffnungszeiten<\/strong> der Strecke<\/h2>\n\n\n\n<p class=\"wp-block-paragraph\">1.1. bis Ende Februar und 16.3. bis 31.12.&nbsp;<\/p>\n\n\n\n<p class=\"wp-block-paragraph\"><strong>Schonzeit:<\/strong>&nbsp;01.M\u00e4rz bis einschlie\u00dflich 15. M\u00e4rz<br \/>Die \u00fcbrigen Schonzeiten des Landes Ober\u00f6sterreichs sind einzuhalten.<br \/>Diese sind im Lizenzbuch f\u00fcr Ober\u00f6sterreich ersichtlich.<\/p>\n\n\n\n<h2 class=\"wp-block-heading\">Weidgerechtigkeit<\/h2>\n\n\n\n<p class=\"wp-block-paragraph\"><strong><mark style=\"background-color:rgba(0, 0, 0, 0)\" class=\"has-inline-color has-luminous-vivid-orange-color\">Speziell bei der Winterfischerei ist darauf zu achten, dass die Regenbogenforelle in Ober\u00f6sterreich ab 1.12. in Schonzeit ist und daher nicht aktiv befischt werden darf.<\/mark><\/strong> Daher ist im Zeitraum von 1.12. bis 28.2. die Empfehlung &#8222;NUR&#8220; mit der Trockenfliege zu fischen.<\/p>\n\n\n\n<p class=\"wp-block-paragraph\"><\/p>\n\n\n\n<h2 class=\"wp-block-heading\"><strong>Wasserstand<\/strong><\/h2>\n\n\n\n<figure class=\"wp-block-image size-large\"><img loading=\"lazy\" decoding=\"async\" width=\"1024\" height=\"578\" src=\"https:\/\/huberpower.com\/wordpress\/wp-content\/uploads\/2022\/12\/image-35-1024x578.png\" alt=\"\" class=\"wp-image-23824\" srcset=\"https:\/\/huberpower.com\/wordpress\/wp-content\/uploads\/2022\/12\/image-35-1024x578.png 1024w, https:\/\/huberpower.com\/wordpress\/wp-content\/uploads\/2022\/12\/image-35-450x254.png 450w, https:\/\/huberpower.com\/wordpress\/wp-content\/uploads\/2022\/12\/image-35-1536x866.png 1536w, https:\/\/huberpower.com\/wordpress\/wp-content\/uploads\/2022\/12\/image-35-2048x1155.png 2048w\" sizes=\"auto, (max-width: 1024px) 100vw, 1024px\" \/><\/figure>\n\n\n\n<h2 class=\"wp-block-heading\">Weitere Informationen<\/h2>\n\n\n\n<h3 class=\"wp-block-heading\">Tageskarten<\/h3>\n\n\n\n<figure class=\"wp-block-image size-large\"><img loading=\"lazy\" decoding=\"async\" width=\"1024\" height=\"378\" src=\"https:\/\/huberpower.com\/wordpress\/wp-content\/uploads\/2022\/12\/image-37-1024x378.png\" alt=\"\" class=\"wp-image-23846\" srcset=\"https:\/\/huberpower.com\/wordpress\/wp-content\/uploads\/2022\/12\/image-37-1024x378.png 1024w, https:\/\/huberpower.com\/wordpress\/wp-content\/uploads\/2022\/12\/image-37-450x166.png 450w, https:\/\/huberpower.com\/wordpress\/wp-content\/uploads\/2022\/12\/image-37-1536x567.png 1536w, https:\/\/huberpower.com\/wordpress\/wp-content\/uploads\/2022\/12\/image-37.png 1838w\" sizes=\"auto, (max-width: 1024px) 100vw, 1024px\" \/><figcaption class=\"wp-element-caption\">Quelle: HURCH FlyFishing Salzburg: 0043 (0) 662 &#8211; 83 44 27 oder office@hurch.eu<\/figcaption><\/figure>\n\n\n\n<p class=\"wp-block-paragraph\">Hurch FlyFishing Oberwimmer GmbH: <a href=\"https:\/\/www.hurch.eu\/Unsere-Fluesse#scrischlertraun\">https:\/\/www.hurch.eu\/Unsere-Fluesse#scrischlertraun<\/a><\/p>\n\n\n\n<h3 class=\"wp-block-heading\">Baustelle von J\u00e4nner 2023 bis September 2023<\/h3>\n\n\n\n<p class=\"wp-block-paragraph\">Durch einen Br\u00fcckenneubau wird es in diesen Revier Abschnitt und je nach T\u00e4tigkeit auch in den darunter liegenden Revieren zu Behinderungen kommen. <\/p>\n\n\n\n<figure class=\"wp-block-embed is-type-wp-embed is-provider-fischereimanagement-salzkammergut wp-block-embed-fischereimanagement-salzkammergut\"><div class=\"wp-block-embed__wrapper\">\n<blockquote class=\"wp-embedded-content\" data-secret=\"lULijJhHYi\"><a href=\"https:\/\/huberpower.com\/wordpress\/?p=23570\">MWB-BR\u00dcCKE &#8211; NEUE TRAUNBR\u00dcCKE MITTERWEISSENBACH<\/a><\/blockquote><iframe loading=\"lazy\" class=\"wp-embedded-content\" sandbox=\"allow-scripts\" security=\"restricted\" style=\"position: absolute; clip: rect(1px, 1px, 1px, 1px);\" title=\"&#8222;MWB-BR\u00dcCKE &#8211; NEUE TRAUNBR\u00dcCKE MITTERWEISSENBACH&#8220; &#8212; Fischereimanagement Salzkammergut\" src=\"https:\/\/huberpower.com\/wordpress\/?p=23570&#038;embed=true#?secret=wmhaoFZK3b#?secret=lULijJhHYi\" data-secret=\"lULijJhHYi\" width=\"600\" height=\"338\" frameborder=\"0\" marginwidth=\"0\" marginheight=\"0\" scrolling=\"no\"><\/iframe>\n<\/div><\/figure>\n\n\n\n<figure class=\"wp-block-embed is-type-wp-embed is-provider-fischereimanagement-salzkammergut wp-block-embed-fischereimanagement-salzkammergut\"><div class=\"wp-block-embed__wrapper\">\n<blockquote class=\"wp-embedded-content\" data-secret=\"yZ3c2kQ0Bs\"><a href=\"https:\/\/huberpower.com\/wordpress\/?p=9484\">DER GESPRENGTE KREUZSTEIN<\/a><\/blockquote><iframe loading=\"lazy\" class=\"wp-embedded-content\" sandbox=\"allow-scripts\" security=\"restricted\" style=\"position: absolute; clip: rect(1px, 1px, 1px, 1px);\" title=\"&#8222;DER GESPRENGTE KREUZSTEIN&#8220; &#8212; Fischereimanagement Salzkammergut\" src=\"https:\/\/huberpower.com\/wordpress\/?p=9484&#038;embed=true#?secret=RX9GIF9Bfk#?secret=yZ3c2kQ0Bs\" data-secret=\"yZ3c2kQ0Bs\" width=\"600\" height=\"338\" frameborder=\"0\" marginwidth=\"0\" marginheight=\"0\" scrolling=\"no\"><\/iframe>\n<\/div><\/figure>\n\n\n\n<figure class=\"wp-block-embed is-type-wp-embed is-provider-fischereimanagement-salzkammergut wp-block-embed-fischereimanagement-salzkammergut\"><div class=\"wp-block-embed__wrapper\">\n<blockquote class=\"wp-embedded-content\" data-secret=\"sEq7Rj2xKQ\"><a href=\"https:\/\/huberpower.com\/wordpress\/?p=8857\">EBENSEER TRAUN &#038; ZUBRINGER<\/a><\/blockquote><iframe loading=\"lazy\" class=\"wp-embedded-content\" sandbox=\"allow-scripts\" security=\"restricted\" style=\"position: absolute; clip: rect(1px, 1px, 1px, 1px);\" title=\"&#8222;EBENSEER TRAUN &#038; ZUBRINGER&#8220; &#8212; Fischereimanagement Salzkammergut\" src=\"https:\/\/huberpower.com\/wordpress\/?p=8857&#038;embed=true#?secret=oLZAs6BdQq#?secret=sEq7Rj2xKQ\" data-secret=\"sEq7Rj2xKQ\" width=\"600\" height=\"338\" frameborder=\"0\" marginwidth=\"0\" marginheight=\"0\" scrolling=\"no\"><\/iframe>\n<\/div><\/figure>\n\n\n\n\n\n&nbsp;<p style=\"text-align: center;\"><strong><span style=\"color: #99cc00;\">\u201eDie Zukunft unserer Fischerei liegt in unseren H\u00e4nden.&#8220;<p style=\"text-align: center;\"><strong><span style=>Durch die Arbeit mit unseren wissenschaftlich fundierten Best Practices,<p style=\"text-align: center;\"><strong><span style=> im Umgang mit Fischen, versuchen wir deren Bestand zu erhalten.<\/span><\/strong><\/p><p style=\"text-align: center;\"><\/p>&nbsp;\n\n\n\n<p class=\"wp-block-paragraph\"> <\/p>\n\n\n<p><\/p>\n<p><\/p><\/span><\/strong><\/p><\/span><\/strong><\/p>","protected":false},"excerpt":{"rendered":"<p>Die Ortschaft K\u00f6sslbach ist ein Ortsteil von Bad Ischl und liegt am rechten Ufer der Traun, Richtung Ebensee. Der Ortsteil selbst schreibt sich &#8222;K\u00f6sslbach&#8220;, wobei der am Revierende einm\u00fcnde &#8222;Wild-Bach&#8220;&#8230; <a class=\"read-more\" href=\"https:\/\/huberpower.com\/wordpress\/?p=23821\">[Weiterlesen]<\/a><\/p>\n","protected":false},"author":4,"featured_media":23825,"comment_status":"closed","ping_status":"closed","sticky":false,"template":"","format":"standard","meta":{"_crdt_document":"","footnotes":""},"categories":[18,94,55,33,132],"tags":[],"class_list":["post-23821","post","type-post","status-publish","format-standard","has-post-thumbnail","hentry","category-bewirtschaftung","category-fischereirevier-oberes-salzkammergut","category-gewaesserbewirtschaften","category-ischler-traun","category-revier"],"_links":{"self":[{"href":"https:\/\/huberpower.com\/wordpress\/index.php?rest_route=\/wp\/v2\/posts\/23821","targetHints":{"allow":["GET"]}}],"collection":[{"href":"https:\/\/huberpower.com\/wordpress\/index.php?rest_route=\/wp\/v2\/posts"}],"about":[{"href":"https:\/\/huberpower.com\/wordpress\/index.php?rest_route=\/wp\/v2\/types\/post"}],"author":[{"embeddable":true,"href":"https:\/\/huberpower.com\/wordpress\/index.php?rest_route=\/wp\/v2\/users\/4"}],"replies":[{"embeddable":true,"href":"https:\/\/huberpower.com\/wordpress\/index.php?rest_route=%2Fwp%2Fv2%2Fcomments&post=23821"}],"version-history":[{"count":3,"href":"https:\/\/huberpower.com\/wordpress\/index.php?rest_route=\/wp\/v2\/posts\/23821\/revisions"}],"predecessor-version":[{"id":31541,"href":"https:\/\/huberpower.com\/wordpress\/index.php?rest_route=\/wp\/v2\/posts\/23821\/revisions\/31541"}],"wp:featuredmedia":[{"embeddable":true,"href":"https:\/\/huberpower.com\/wordpress\/index.php?rest_route=\/wp\/v2\/media\/23825"}],"wp:attachment":[{"href":"https:\/\/huberpower.com\/wordpress\/index.php?rest_route=%2Fwp%2Fv2%2Fmedia&parent=23821"}],"wp:term":[{"taxonomy":"category","embeddable":true,"href":"https:\/\/huberpower.com\/wordpress\/index.php?rest_route=%2Fwp%2Fv2%2Fcategories&post=23821"},{"taxonomy":"post_tag","embeddable":true,"href":"https:\/\/huberpower.com\/wordpress\/index.php?rest_route=%2Fwp%2Fv2%2Ftags&post=23821"}],"curies":[{"name":"wp","href":"https:\/\/api.w.org\/{rel}","templated":true}]}}