{"id":2345,"date":"2013-03-11T22:31:14","date_gmt":"2013-03-11T21:31:14","guid":{"rendered":"http:\/\/huberpower.com\/wordpress\/?p=2345"},"modified":"2025-07-10T00:36:33","modified_gmt":"2025-07-09T22:36:33","slug":"arge-bachforelle","status":"publish","type":"post","link":"https:\/\/huberpower.com\/wordpress\/?p=2345","title":{"rendered":"ARGE BACHFORELLE START"},"content":{"rendered":"\n<p class=\"wp-block-paragraph\"><strong><span style=\"color: #99cc00;\">Die Forelle (Salmo Trutta) ist Fisch des Jahres 2013<\/span><\/strong> &#8211; dies auch zum Anlass nehmend und die Erfahrungen der letzten Jahre zeigen, dass die Forelle, im speziellen der Bachforelle, vermutlich jedoch auch der Seeforelle, in der Oberen Traun zumindest unterhalb von Lauffen seit Jahren verschwunden ist.<\/p>\n\n\n\n<p class=\"wp-block-paragraph\">Die Ischler Traun und auch generell die Obere Traun, <strong>zwischen Hallst\u00e4ttersee und Ebensee<\/strong> ist seit einigen Jahren, in mit einigen Renaturierungsprojekten und mit viel Geld, in Abschnitten schon stark verbessert worden. Es wurden Anbindung in Altarmen umgesetzt und Fischaufstiegshilfen in die Nebenb\u00e4che gemacht. Es ist viel positives erreicht worden in den letzten Jahren. <strong>Jedoch f\u00fcr die Bachforelle ist das &#8222;Ischler Traun Wasser&#8220; seit Jahren, speziell in den Sommermonaten zu aggressiv. <\/strong>Diese werden &#8222;SCHWARZ&#8220; und sterben.<\/p>\n\n\n\n<figure class=\"wp-block-image is-resized\"><a href=\"https:\/\/huberpower.com\/wordpress\/wp-content\/uploads\/2012\/03\/20070810_23635_P8100274a-1.jpg\"><img loading=\"lazy\" decoding=\"async\" width=\"1437\" height=\"600\" src=\"https:\/\/huberpower.com\/wordpress\/wp-content\/uploads\/2012\/03\/20070810_23635_P8100274a-1.jpg\" alt=\"20070810_23635_P8100274a-1\" class=\"wp-image-576\" style=\"width:858px;height:auto\" srcset=\"https:\/\/huberpower.com\/wordpress\/wp-content\/uploads\/2012\/03\/20070810_23635_P8100274a-1.jpg 1437w, https:\/\/huberpower.com\/wordpress\/wp-content\/uploads\/2012\/03\/20070810_23635_P8100274a-1-300x125.jpg 300w, https:\/\/huberpower.com\/wordpress\/wp-content\/uploads\/2012\/03\/20070810_23635_P8100274a-1-1024x427.jpg 1024w, https:\/\/huberpower.com\/wordpress\/wp-content\/uploads\/2012\/03\/20070810_23635_P8100274a-1-680x283.jpg 680w\" sizes=\"auto, (max-width: 1437px) 100vw, 1437px\" \/><\/a><figcaption class=\"wp-element-caption\">Schwarze Bachforelle aus der Ischler Traun &#8211; Sommer 2008 &#8211; gab es ein gro\u00dfes Bachforellensterben &#8211; &#8222;still &amp; heimlich&#8220;.<\/figcaption><\/figure>\n\n\n\n<p class=\"wp-block-paragraph\">2012 wurde auf Empfehlung vom Fischmeiser Manfred K. von der Fischzucht in Scharfling einen Versuch gestartet, der mit &#8222;Naturbesatz&#8220; gute Erfahrungen hat. Da ja zum Problem der &#8222;<strong>schwarzen Bachforelle<\/strong>&#8220; auch oft auf schlechten Besatz aus Fischzuchten verwiesen wurde. Hier ein Status zu den Beobachtungen &#8222;<strong>schwarzen Bachforelle<\/strong>&#8220; in der &#8222;Ischler Traun&#8220;. In den Nebenb\u00e4chen gibt es noch sehr gute Best\u00e4nde an Bachforellen, die auch noch vorhandene &#8222;<strong>Ischler Ur-Forellen Gene<\/strong>&#8220; haben wird, da diese B\u00e4che in verwinkelten Schluchten Enden, wo in den Quellb\u00e4chen und Klammen nicht besetzt wurde.<\/p>\n\n\n\n<p class=\"wp-block-paragraph\">Siehe dazu auch die Aufzeichnungen, unter:<\/p>\n\n\n\n<ul class=\"wp-block-list\">\n<li><strong>BESTANDSKONTROLLE SULZBACH<br \/><\/strong>Eigentlich war das Ziel des Bewirtschaftungsplanes, f\u00fcr die n\u00e4chsten Jahre (2013-2020), diesen Bachforellenbestand im Kaltenbach und Sulzbach zu nutzen, diese im Herbst abzufischen und abzustreifen, die Eier in der Fischzucht in Scharfling ausbr\u00fcten zu lassen, um diese im Fr\u00fchjahr zu 50% in den Oberlauf von Kaltenbach und Sulzbach und 50% in der Ischler Traun&nbsp;einzubringen und damit in den n\u00e4chsten Jahren die derzeit nicht mehr vorhandene Bachforelle auch in der Ischler Traun wieder anzusiedeln<\/li>\n\n\n\n<li>Um die Umsetzung dieses&nbsp;Bewirtschaftungsplanes zu testen, wurden im Sommer 2012 noch einen kleinen Feldversuch durchgef\u00fchrt. Das Ergebnis war jedoch leider ern\u00fcchternd und auch erschreckend. Siehe dazu:<\/li>\n\n\n\n<li><strong>BACHFORELLEN SCHREIEN NICHT<\/strong><br \/>Nach diesen Beobachtungen, dass hier beim Einsetzen von 1-s\u00f6mmrigen Bachforellen aus dem Suzbach in die Ischler Traun, diese innerhalb von nur 3 Tagen &#8222;<strong>schwarz&#8220; <\/strong>wurden und starben, wurden die Bem\u00fchung zur Ansiedelung der Bachforellen in der Ischler Traun wieder&nbsp;ad akter gelegt.&nbsp;Hierzu auch eine Zusammenfassung der Beobachtungen in der Vergangenheit (2007-2010), die dazu gef\u00fchrt haben, dass keine Bachforellen mehr in der Ischler Traun besetzt werden.<\/li>\n<\/ul>\n\n\n\n<h2 class=\"wp-block-heading\">SCHWARZE BACHFORELLE<\/h2>\n\n\n\n<p class=\"wp-block-paragraph\">Soweit die Situationsbeschreibung der Beobachtungen und Bem\u00fchungen zur Wiederansiedelung der Bachforelle in der Ischler Traun. <br \/><br \/><strong>FISCHBESTAND ISCHLER TRAUN <\/strong><br \/>Da ja aus den letzten 20 Jahren Bestandsaufnahmen \u00fcber den Fischbestand der Oberen Traun gemacht wurden, ist daraus auch die Ver\u00e4nderung des Fischbestandes abzuleiten.<\/p>\n\n\n\n<figure class=\"wp-block-embed is-type-wp-embed is-provider-fischereimanagement-salzkammergut wp-block-embed-fischereimanagement-salzkammergut\"><div class=\"wp-block-embed__wrapper\">\n<blockquote class=\"wp-embedded-content\" data-secret=\"EuEpxKhubf\"><a href=\"https:\/\/huberpower.com\/wordpress\/?p=1129\">FISCHBESTAND ISCHLER TRAUN 1994 bis 2008<\/a><\/blockquote><iframe loading=\"lazy\" class=\"wp-embedded-content\" sandbox=\"allow-scripts\" security=\"restricted\" style=\"position: absolute; visibility: hidden;\" title=\"&#8222;FISCHBESTAND ISCHLER TRAUN 1994 bis 2008&#8220; &#8212; Fischereimanagement Salzkammergut\" src=\"https:\/\/huberpower.com\/wordpress\/?p=1129&#038;embed=true#?secret=pvfV46PT5i#?secret=EuEpxKhubf\" data-secret=\"EuEpxKhubf\" width=\"600\" height=\"338\" frameborder=\"0\" marginwidth=\"0\" marginheight=\"0\" scrolling=\"no\"><\/iframe>\n<\/div><figcaption class=\"wp-element-caption\">2012 ist viel geschehen und viel f\u00fcr die Zukunft in die Wege geleitet worden. Daher ein guter Zeitpunkt, um Bilanz zu ziehen zur Gew\u00e4sserbewirtschaftung der Kaiser Traun. Auch m\u00f6chte ich die wichtigsten Stationen der letzten Jahre dokumentieren und diese hier auf\u00a0<strong><mark>www.huberpower.com<\/mark><\/strong>\u00a0noch einmal Revue passieren zu lassen und dokumentieren um Schl\u00fcsse daraus zu ziehen f\u00fcr ein Bewirtschaftungskonzept.\u00a0<\/figcaption><\/figure>\n\n\n\n<p class=\"wp-block-paragraph\"><br \/><strong>IN MEMORIAM DER SEEFORELLE<br \/><\/strong>Dankenswerter Weise, darf in Abstimmung mit Hr. Albert P., Freunde der Gmundner Traun der Artikel zur Seeforelle in der Ischler Traun verwendet werden. Die Gene der Seeforelle sind ja gleich mit der Bachforelle und damit sind die Seeforellen leider auch verschwunden. Auch Begehungen zur Laichzeit in der Ebenseer Traun zeigten heute keine Exemplare mehr zum Laichen aufsteigen. Auch von gefangenen Exemplaren in den letzten Jahren gibt es keine Meldungen. Sollten Seeforellen aus dem Traunsee aufgestiegen sein, so stirbt die geschl\u00fcpfte Brut im Sommer eines Jahres ab und es f\u00e4llt eigentlich niemand auf! So hat sich die Seeforelle in den letzten Jahren auch systematisch eliminiert!<\/p>\n\n\n\n<figure class=\"wp-block-embed is-type-wp-embed is-provider-fischereimanagement-salzkammergut wp-block-embed-fischereimanagement-salzkammergut\"><div class=\"wp-block-embed__wrapper\">\n<blockquote class=\"wp-embedded-content\" data-secret=\"EuHOjdSL5F\"><a href=\"https:\/\/huberpower.com\/wordpress\/?p=1485\">IN MEMORIAM DER SEEFORELLE<\/a><\/blockquote><iframe loading=\"lazy\" class=\"wp-embedded-content\" sandbox=\"allow-scripts\" security=\"restricted\" style=\"position: absolute; visibility: hidden;\" title=\"&#8222;IN MEMORIAM DER SEEFORELLE&#8220; &#8212; Fischereimanagement Salzkammergut\" src=\"https:\/\/huberpower.com\/wordpress\/?p=1485&#038;embed=true#?secret=nQPySwfILI#?secret=EuHOjdSL5F\" data-secret=\"EuHOjdSL5F\" width=\"600\" height=\"338\" frameborder=\"0\" marginwidth=\"0\" marginheight=\"0\" scrolling=\"no\"><\/iframe>\n<\/div><\/figure>\n\n\n\n<h2 class=\"wp-block-heading\">EU-Wasserrahmenrichtlinen und Fischgew\u00e4sserrichtlinien<\/h2>\n\n\n\n<p class=\"wp-block-paragraph\">Wie weit dieser \u00f6kologische Zustand mit der Umsetzung der&nbsp;EU-Wasserrahmenrichtlinen und Fischgew\u00e4sserrichtlinien zusammen passt, wenn der Leitfisch der Ischler Traun nicht mehr vorhanden ist, bleibt abzuwarten. Vermutlich werden die Bewertungen nur einen &#8222;schlechten&#8220; Zustand ausweisen k\u00f6nnen.<\/p>\n\n\n\n<h2 class=\"wp-block-heading\">ARGE Bachforelle<\/h2>\n\n\n\n\n\n<p class=\"wp-block-paragraph\">Im Zuge der Erstellung eines Bewirtschaftungskonzeptes f\u00fcr die Obere Traun in den letzten Jahren wurde wir sehr stark mit der Situation &#8222;<strong><span style=\"color: #99cc00;\">s<\/span><span style=\"color: #99cc00;\">chwarze Bachforelle<\/span><\/strong>&#8220; konfrontiert. Als Naturfreund(e) ohne finanziellem Interessen, finden wir Fischer an der Oberen Traun, dieses Fischsterben sehr traurig und bedenklich und haben sich daher in der &#8222;<strong><span style=\"color: #99cc00;\">ARGE BACHFORELLE<\/span><\/strong>&#8220; einigen Fischer, Natursch\u00fctzer und Gew\u00e4sserbewirtschafter gefunden, um den Bachforellen zu helfen.<\/p>\n\n\n\n<h2 class=\"wp-block-heading\">&#8222;Die Bachforelle geh\u00f6rt zu \u00d6sterreich&#8220;<\/h2>\n\n\n<div class=\"wp-block-image\">\n<figure class=\"alignleft is-resized\"><a href=\"https:\/\/huberpower.com\/wordpress\/wp-content\/uploads\/2013\/04\/Kurt-3.jpg\"><img loading=\"lazy\" decoding=\"async\" width=\"1027\" height=\"1022\" src=\"https:\/\/huberpower.com\/wordpress\/wp-content\/uploads\/2013\/04\/Kurt-3.jpg\" alt=\"Kurt 3\" class=\"wp-image-2362\" style=\"width:334px;height:auto\" srcset=\"https:\/\/huberpower.com\/wordpress\/wp-content\/uploads\/2013\/04\/Kurt-3.jpg 1027w, https:\/\/huberpower.com\/wordpress\/wp-content\/uploads\/2013\/04\/Kurt-3-150x150.jpg 150w, https:\/\/huberpower.com\/wordpress\/wp-content\/uploads\/2013\/04\/Kurt-3-300x298.jpg 300w, https:\/\/huberpower.com\/wordpress\/wp-content\/uploads\/2013\/04\/Kurt-3-1024x1019.jpg 1024w, https:\/\/huberpower.com\/wordpress\/wp-content\/uploads\/2013\/04\/Kurt-3-680x676.jpg 680w\" sizes=\"auto, (max-width: 1027px) 100vw, 1027px\" \/><\/a><figcaption class=\"wp-element-caption\">Kurt Hutterer<\/figcaption><\/figure>\n<\/div>\n\n\n<p class=\"wp-block-paragraph\">Im Hauptfluss des Salzkammergutes wollen wir sie wieder haben und wie Kurt meint: &#8222;<strong><span style=\"color: #99cc00;\">Zu \u00d6sterreich geh\u00f6rt die Bachforelle<\/span><\/strong>&#8222;. Wie aus den Aktivit\u00e4ten abzuleiten ist, hatte auch Petrus Einsicht mit uns Fischern an der Oberen Traun und hat uns einen Experten aus dem technischen Umfeld von Wasseraufbereitungsanlagen geschickt. Mit <strong><span style=\"color: #99cc00;\">Kurt Hutterer<\/span><\/strong> und seinem Hintergrund Wissen und seinen Bem\u00fchungen und seinem unerm\u00fcdlichen Einsatz, sind wir in kurzer Zeit, sehr viel weiter gekommen in unserem Wissen um die Ursachen und auch bei der Findung nach einer L\u00f6sung.<\/p>\n\n\n\n<p class=\"wp-block-paragraph\">Das Ph\u00e4nomen der &#8222;<strong><span style=\"color: #99cc00;\">schwarzen Bachforellen<\/span><\/strong>\u201c existiert bekanntlich seit vielen Jahren in \u00d6sterreich, Oberbayern, Nordamerika und der Schweiz. Angeblich tritt es meist unterhalb von Kl\u00e4ranlagen auf. Die genaue&nbsp; Ursache f\u00fcr diese Krankheit (PDS) kennt man nicht, wom\u00f6glich aber eine Methode &#8211; mittels UV-Desinfektion von gereinigtem Abwasser &#8211; um das Bachforellensterben zu verhindern. In der Schweiz werden die 100 gr\u00f6\u00dften Kl\u00e4ranlagen mit Ozonungs Anlagen u. Aktivkohlefilter nachger\u00fcstet, um sch\u00e4dliche Abwasserinhaltsstoffe zu vernichten. In Bayern wurden Feldversuche mittels UV-Desinfektion des Iller- Wassers durchgef\u00fchrt und das Bachforellensterben wurde verhindert.<\/p>\n\n\n\n<h3 class=\"wp-block-heading\">Bachforellensterben in Gew\u00e4ssern Bayerns<\/h3>\n\n\n\n<p class=\"wp-block-paragraph\">Das Bayerisches Landesamt f\u00fcr Umwelt und der Bayerische Landesfischereiverband bearbeiten das Thema &#8222;<strong><span style=\"color: #99cc00;\">Bachforellensterben in vor alpinen Gew\u00e4ssern Bayerns<\/span><\/strong>&#8220; bereits seit 10 Jahren sehr intensiv. Zur Ursachenermittlung haben diese unter anderem Expositionsversuche an der Iller bei Kempten durchgef\u00fchrt, bei denen Bachforellen dem Flusswasser ausgesetzt wurden nachdem dieses mit unterschiedlichen Filtern sowie UV-Bestrahlung vorbehandelt wurde. Dabei hat sich gezeigt, dass eine UV-Bestrahlung des Flusswassers bei 254 nm ein Sterben der Fische verhindert. Die urspr\u00fcngliche Arbeitshypothese, dass das Bachforellensterben ev. durch Spurenstoffe im Abwasser von Kl\u00e4ranlagen hervorgerufen wird, ist aufgrund der momentanen Ergebnislage jedoch nicht aufrecht zu erhalten. Auch in \u00d6sterreich wurden vom Institut f\u00fcr Gew\u00e4sser\u00f6kologie, Fischereibiologie und Seenkunde in Scharfling, bereits Untersuchungen zum Bachforellensterben an der Traun durchgef\u00fchrt. Es ist dabei aber zu anderen Ergebnissen gekommen, sodass es fraglich ist, ob in der Traun \u00fcberhaupt ein, dem bayerischen Bachforellensterben vergleichbares Krankheits geschehen stattfindet. Wie man daraus sieht, ist sich die Wissenschaft nicht ganz einig dar\u00fcber.<\/p>\n\n\n\n<p class=\"wp-block-paragraph\">Folgende Fragen k\u00f6nnen aus den bayerischen Versuchen, jedoch wie folgt beantwortet werden :<\/p>\n\n\n\n<ul class=\"wp-block-list\">\n<li><strong>Inwieweit verbessert sich die Lebensqualit\u00e4t f\u00fcr Bachforellen durch die Einleitung von UV-bestrahltem Abwasser in den Vorfluter?<\/strong>\n<ul class=\"wp-block-list\">\n<li>Kann man pauschal nicht beantworten; einzelne langkettige, chemische Verbindungen k\u00f6nnen durch UV-Bestrahlung abgebaut werden.<\/li>\n<\/ul>\n<\/li>\n\n\n\n<li><strong>Welche UV-Transmission f\u00fcr Abwasser aus einem funktionierenden Nachkl\u00e4rbecken (%\/1cm Schichtdicke bei 254 nm Wellenl\u00e4nge) kann man vorerst ca. annehmen?<\/strong>\n<ul class=\"wp-block-list\">\n<li>Bei den UV-Anlagen an der Isar liegen die &nbsp;UV-Transmissionswerte der meisten Anlagen im Ablauf des Nachkl\u00e4rbecken &nbsp;bei ca. 60-65%. Inwieweit dies auf andere Kl\u00e4ranlagen \u00fcbertragen werden kann, wird man jedoch im Einzelfall beurteilen m\u00fcssen.<\/li>\n<\/ul>\n<\/li>\n\n\n\n<li><strong>W\u00e4re eine Ozonung von gekl\u00e4rtem Abwasser &#8211; hinsichtlich Desinfektion &#8211; nicht effizienter als eine UV-Bestrahlung?<\/strong>\n<ul class=\"wp-block-list\">\n<li>Eine pauschale Aussage welches Verfahren &#8222;effizienter&#8220; ist, l\u00e4sst sich nicht treffen. Dies muss im Einzelfall gepr\u00fcft werden. Beide Verfahren haben Vor- und Nachteile. &nbsp;Langj\u00e4hrige Betriebserfahrungen liegen zumindest in Bayern bisher nur f\u00fcr die UV-Bestrahlung vor.<\/li>\n<\/ul>\n<\/li>\n<\/ul>\n\n\n\n<p class=\"wp-block-paragraph\"><strong><span style=\"color: #99cc00;\">Symposium zur Problematik &#8222;Bachforellensterben&#8220; geplant<\/span><\/strong><br \/>Es ist im Fr\u00fchsommer 2013 ein Symposium zur Problematik &#8222;Bachforellensterben&#8220; geplant. Der genaue Termin steht derzeit noch nicht fest. Wir werden diesen Termin und eine Teilnahme an diesen Symposium im Auge behalten und dar\u00fcber berichten!<\/p>\n\n\n<div class=\"wp-block-image\">\n<figure class=\"alignleft is-resized\"><a href=\"https:\/\/huberpower.com\/wordpress\/wp-content\/uploads\/2013\/03\/HAH_Expor-44-201.jpg\"><img loading=\"lazy\" decoding=\"async\" width=\"1000\" height=\"457\" src=\"https:\/\/huberpower.com\/wordpress\/wp-content\/uploads\/2013\/03\/HAH_Expor-44-201.jpg\" alt=\"HAH_Expor-44-20\" class=\"wp-image-2401\" style=\"width:862px;height:auto\" srcset=\"https:\/\/huberpower.com\/wordpress\/wp-content\/uploads\/2013\/03\/HAH_Expor-44-201.jpg 1000w, https:\/\/huberpower.com\/wordpress\/wp-content\/uploads\/2013\/03\/HAH_Expor-44-201-300x137.jpg 300w, https:\/\/huberpower.com\/wordpress\/wp-content\/uploads\/2013\/03\/HAH_Expor-44-201-680x310.jpg 680w\" sizes=\"auto, (max-width: 1000px) 100vw, 1000px\" \/><\/a><figcaption class=\"wp-element-caption\">Feldversuch (Quelle: Kurt H.)<\/figcaption><\/figure>\n<\/div>\n\n\n<h3 class=\"wp-block-heading\">PLANUNG FELDVERSUCH 2013<\/h3>\n\n\n\n<p class=\"wp-block-paragraph\">Zu den Erfahrungen der letzten Jahren und den Versuch, der unter <b>BACHFORELLEN SCHREIEN NICHT&nbsp;<\/b> beschrieben wurde gilt es 2013 allerdings herauszufinden, ob es&nbsp; sich im gegenst\u00e4ndlichen Fall, bei den Verursachern um Kl\u00e4ranlagen an unseren Gew\u00e4ssern handeln k\u00f6nnte? Dazu w\u00e4re ein weiterer Feldversuch mit lebenden Bachforellen vor und hinter der Kl\u00e4ranlage und parallel dazu die erforderlichen Wasserproben und -analysen durch zu f\u00fchren. Wenn m\u00f6glich mit wissenschaftlicher Begleitung. Kranke bzw. tote Bachforellen w\u00fcrden an der Veterin\u00e4rwissenschaftlichen Universit\u00e4t in Wien medizinisch untersucht. Anschlie\u00dfend oder parallel dazu ist zu \u00fcberlegen, ob nicht <span style=\"text-decoration: underline;\">ein Feldversuch gleich in Kombination mit UV-Bestrahlung <\/span>durchgef\u00fchrt werden soll.<\/p>\n\n\n<div class=\"wp-block-image\">\n<figure class=\"alignleft is-resized\"><a href=\"https:\/\/huberpower.com\/wordpress\/wp-content\/uploads\/2013\/03\/HAH_Expor-44-191.jpg\"><img loading=\"lazy\" decoding=\"async\" width=\"1000\" height=\"864\" src=\"https:\/\/huberpower.com\/wordpress\/wp-content\/uploads\/2013\/03\/HAH_Expor-44-191.jpg\" alt=\"HAH_Expor-44-19\" class=\"wp-image-2402\" style=\"width:857px;height:auto\" srcset=\"https:\/\/huberpower.com\/wordpress\/wp-content\/uploads\/2013\/03\/HAH_Expor-44-191.jpg 1000w, https:\/\/huberpower.com\/wordpress\/wp-content\/uploads\/2013\/03\/HAH_Expor-44-191-300x259.jpg 300w, https:\/\/huberpower.com\/wordpress\/wp-content\/uploads\/2013\/03\/HAH_Expor-44-191-680x587.jpg 680w\" sizes=\"auto, (max-width: 1000px) 100vw, 1000px\" \/><\/a><figcaption class=\"wp-element-caption\">Feldversuch mit Str\u00f6mungsbecken (Quelle: Kurt H.)<\/figcaption><\/figure>\n<\/div>\n\n\n<h3 class=\"wp-block-heading\"><strong>FOLGENDES EQUIPMENT&#8230;<\/strong><\/h3>\n\n\n\n<p class=\"wp-block-paragraph\">F\u00fcr die Planung eines Feldversuches, wie in der Skizze oberhalb beschrieben, sind Str\u00f6mungsbecken erforderlich bzw. zweckm\u00e4\u00dfiger als wie Netzbeh\u00e4lter, die man im Wasser verankert. Hierzu k\u00f6nnen wir auf einen weiteren &#8222;<strong><span style=\"color: #99cc00;\">Freund der Bachforelle<\/span><\/strong>&#8222;, n\u00e4mlich Bernhard B., einen in der Zwischenzeit als Experte bekannter Forellenz\u00fcchter und&nbsp; Elektor-Fischer, zur\u00fcckgreifen. Der uns mit der Zurverf\u00fcgungstellung seiner Str\u00f6mungsbecken und wenn erforderlich auch von zwei Benzin Stromaggregaten f\u00fcr den Feldversuche aushelfen w\u00fcrde und dadurch die Kosten f\u00fcr einen solchen in Grenzen gehalten werden k\u00f6nnen.<\/p>\n\n\n\n<h2 class=\"wp-block-heading\">4 Stk. (5) Str\u00f6mungsbecken lt. Foto<\/h2>\n\n\n<div class=\"wp-block-image\">\n<figure class=\"alignleft\"><a href=\"https:\/\/huberpower.com\/wordpress\/wp-content\/uploads\/2013\/04\/FELDVERSUCH_STROEMUNGSBECKEN5.jpg\"><img loading=\"lazy\" decoding=\"async\" width=\"494\" height=\"571\" src=\"https:\/\/huberpower.com\/wordpress\/wp-content\/uploads\/2013\/04\/FELDVERSUCH_STROEMUNGSBECKEN5.jpg\" alt=\"FELDVERSUCH_STROEMUNGSBECKEN5\" class=\"wp-image-2355\" srcset=\"https:\/\/huberpower.com\/wordpress\/wp-content\/uploads\/2013\/04\/FELDVERSUCH_STROEMUNGSBECKEN5.jpg 494w, https:\/\/huberpower.com\/wordpress\/wp-content\/uploads\/2013\/04\/FELDVERSUCH_STROEMUNGSBECKEN5-259x300.jpg 259w\" sizes=\"auto, (max-width: 494px) 100vw, 494px\" \/><\/a><figcaption class=\"wp-element-caption\">Str\u00f6mungsbecken &#8211; Gesamtansicht<\/figcaption><\/figure>\n<\/div>\n\n<div class=\"wp-block-image\">\n<figure class=\"aligncenter\"><a href=\"https:\/\/huberpower.com\/wordpress\/wp-content\/uploads\/2013\/04\/FELDVERSUCH_STROEMUNGSBECKEN3.jpg\"><img loading=\"lazy\" decoding=\"async\" width=\"677\" height=\"456\" src=\"https:\/\/huberpower.com\/wordpress\/wp-content\/uploads\/2013\/04\/FELDVERSUCH_STROEMUNGSBECKEN3.jpg\" alt=\"FELDVERSUCH_STROEMUNGSBECKEN3\" class=\"wp-image-2356\" srcset=\"https:\/\/huberpower.com\/wordpress\/wp-content\/uploads\/2013\/04\/FELDVERSUCH_STROEMUNGSBECKEN3.jpg 677w, https:\/\/huberpower.com\/wordpress\/wp-content\/uploads\/2013\/04\/FELDVERSUCH_STROEMUNGSBECKEN3-300x202.jpg 300w\" sizes=\"auto, (max-width: 677px) 100vw, 677px\" \/><\/a><figcaption class=\"wp-element-caption\">Str\u00f6mungsbecken &#8211; Detail &#8222;Ablauf, mit Gitter&#8220;<\/figcaption><\/figure>\n<\/div>\n\n<div class=\"wp-block-image\">\n<figure class=\"aligncenter\"><a href=\"https:\/\/huberpower.com\/wordpress\/wp-content\/uploads\/2013\/04\/FELDVERSUCH_STROEMUNGSBECKEN1.jpg\"><img loading=\"lazy\" decoding=\"async\" width=\"764\" height=\"479\" src=\"https:\/\/huberpower.com\/wordpress\/wp-content\/uploads\/2013\/04\/FELDVERSUCH_STROEMUNGSBECKEN1.jpg\" alt=\"FELDVERSUCH_STROEMUNGSBECKEN1\" class=\"wp-image-2357\" srcset=\"https:\/\/huberpower.com\/wordpress\/wp-content\/uploads\/2013\/04\/FELDVERSUCH_STROEMUNGSBECKEN1.jpg 764w, https:\/\/huberpower.com\/wordpress\/wp-content\/uploads\/2013\/04\/FELDVERSUCH_STROEMUNGSBECKEN1-300x188.jpg 300w, https:\/\/huberpower.com\/wordpress\/wp-content\/uploads\/2013\/04\/FELDVERSUCH_STROEMUNGSBECKEN1-680x426.jpg 680w\" sizes=\"auto, (max-width: 764px) 100vw, 764px\" \/><\/a><figcaption class=\"wp-element-caption\">Str\u00f6mungsbecken mit Wasserstandsregulierung<\/figcaption><\/figure>\n<\/div>\n\n\n<h2 class=\"wp-block-heading\">2 Stk. Strom Aggregate lt. Foto<\/h2>\n\n\n\n<p class=\"wp-block-paragraph\">Je nach \u00f6rtlicher Gegebenheit wo die Feldversuche gemacht werden &#8211; wenn kein Stromanschluss f\u00fcr den Betrieb von Pumpen gegeben ist, sind folgende zwei Strom Aggregate verf\u00fcgbar.<\/p>\n\n\n<div class=\"wp-block-image\">\n<figure class=\"alignleft is-resized\"><a href=\"https:\/\/huberpower.com\/wordpress\/wp-content\/uploads\/2013\/04\/HAH_Expor-44-16.jpg\"><img loading=\"lazy\" decoding=\"async\" width=\"1000\" height=\"915\" src=\"https:\/\/huberpower.com\/wordpress\/wp-content\/uploads\/2013\/04\/HAH_Expor-44-16.jpg\" alt=\"HAH_Expor-44-16\" class=\"wp-image-2358\" style=\"width:871px;height:auto\" srcset=\"https:\/\/huberpower.com\/wordpress\/wp-content\/uploads\/2013\/04\/HAH_Expor-44-16.jpg 1000w, https:\/\/huberpower.com\/wordpress\/wp-content\/uploads\/2013\/04\/HAH_Expor-44-16-300x274.jpg 300w, https:\/\/huberpower.com\/wordpress\/wp-content\/uploads\/2013\/04\/HAH_Expor-44-16-680x622.jpg 680w\" sizes=\"auto, (max-width: 1000px) 100vw, 1000px\" \/><\/a><figcaption class=\"wp-element-caption\">Benzin Aggregat 1 &#8211; mit 1,1 KW<\/figcaption><\/figure>\n<\/div>\n\n<div class=\"wp-block-image\">\n<figure class=\"alignleft is-resized\"><a href=\"https:\/\/huberpower.com\/wordpress\/wp-content\/uploads\/2013\/04\/HAH_Expor-44-17.jpg\"><img loading=\"lazy\" decoding=\"async\" width=\"843\" height=\"1000\" src=\"https:\/\/huberpower.com\/wordpress\/wp-content\/uploads\/2013\/04\/HAH_Expor-44-17.jpg\" alt=\"HAH_Expor-44-17\" class=\"wp-image-2359\" style=\"width:874px;height:auto\" srcset=\"https:\/\/huberpower.com\/wordpress\/wp-content\/uploads\/2013\/04\/HAH_Expor-44-17.jpg 843w, https:\/\/huberpower.com\/wordpress\/wp-content\/uploads\/2013\/04\/HAH_Expor-44-17-252x300.jpg 252w, https:\/\/huberpower.com\/wordpress\/wp-content\/uploads\/2013\/04\/HAH_Expor-44-17-680x806.jpg 680w\" sizes=\"auto, (max-width: 843px) 100vw, 843px\" \/><\/a><figcaption class=\"wp-element-caption\">Benzin Aggregat 2 &#8211; mit 2 KW<\/figcaption><\/figure>\n<\/div>\n\n\n<h2 class=\"wp-block-heading\">Weitere zu kl\u00e4rende Punkte:<\/h2>\n\n\n\n<ul class=\"wp-block-list\">\n<li><strong>Pumpen<\/strong><br \/>Zur Anspeisung der Str\u00f6mungsbecken &#8211; Welche Leistung?<\/li>\n\n\n\n<li><strong>\u00d6rtlickeiten &#8211; Standorte definieren<\/strong><br \/>Vorzugsweise \u00d6BF Gel\u00e4nde<br \/>Wenn m\u00f6glich mit Stromanschluss &#8211; ggf. Abstimmung mit Anrainern<\/li>\n\n\n\n<li><strong>Pilot-Versuch mit UV Desinfektion?<\/strong><br \/>Ist zu kl\u00e4ren? ob nicht <span style=\"text-decoration: underline;\">ein Feldversuch gleich in Kombination mit UV-Bestrahlung <\/span>durchgef\u00fchrt werden soll?<\/li>\n\n\n\n<li><strong>Unters\u00fctzung Vor Ort:<\/strong><br \/>Es ist mit unseren Fischereischutzorganenen, Fischern und Freunde der Oberen Traun zu kl\u00e4ren, wer uns beim Feldversuch unterst\u00fctzen kann &#8230;<br \/>* Hubert ?<br \/>* Andi?<br \/>* Harald ?<br \/>* Edi ?<br \/>* Willi ?<br \/>* Bernhard ?<br \/>* Das Team von Peter ?<\/li>\n<\/ul>\n\n\n\n<h2 class=\"wp-block-heading\">Projekt durch und mit BOKU<\/h2>\n\n\n\n<p class=\"wp-block-paragraph\">Wie am \u00d6KF Forum in Linz mit Hr. Dipl. Ing. Dr. G\u00fcnther Unfer, Institut f\u00fcr Hydrobiologie und Gew\u00e4ssermanagement, Dept. f\u00fcr Wasser, Atmosph\u00e4re und Umwelt<br \/>Universit\u00e4t f\u00fcr Bodenkultur, wird es ein Angebot f\u00fcr Unterst\u00fctzung beim Feldversuch an der Oberen Traun geben.<\/p>\n\n\n\n<figure class=\"wp-block-embed is-type-wp-embed is-provider-fischereimanagement-salzkammergut wp-block-embed-fischereimanagement-salzkammergut\"><div class=\"wp-block-embed__wrapper\">\n<blockquote class=\"wp-embedded-content\" data-secret=\"HaZSTNyfdk\"><a href=\"https:\/\/huberpower.com\/wordpress\/?p=2603\">ARGE BACHFORELLE PKD &#038; PDS<\/a><\/blockquote><iframe loading=\"lazy\" class=\"wp-embedded-content\" sandbox=\"allow-scripts\" security=\"restricted\" style=\"position: absolute; visibility: hidden;\" title=\"&#8222;ARGE BACHFORELLE PKD &#038; PDS&#8220; &#8212; Fischereimanagement Salzkammergut\" src=\"https:\/\/huberpower.com\/wordpress\/?p=2603&#038;embed=true#?secret=Db4GlzKSFJ#?secret=HaZSTNyfdk\" data-secret=\"HaZSTNyfdk\" width=\"600\" height=\"338\" frameborder=\"0\" marginwidth=\"0\" marginheight=\"0\" scrolling=\"no\"><\/iframe>\n<\/div><figcaption class=\"wp-element-caption\">Zum Thema \u201e<strong>schwarze Bachforelle<\/strong>\u201c werden viele Begriffe verwendet. Alle haben leider das selbe Ergebnis: Die Bachforllen werden\u00a0<strong>SCHWARZ<\/strong>\u00a0und sterben! Um das bekannte Vokabular zu diesen Fischkrankheiten und ggf. deren Unterschiede zu betrachten, eine kurzer Ausflug eines \u201e<strong>Fliegenfischers<\/strong>\u201c in die Wissenschaft. Man sollte n\u00e4hmlich als Gew\u00e4sserbewirtschafter,\u00a0<em>wenn man mitreden<\/em>\u00a0m\u00f6chte zumindest die bis jetzt erforschten Krankheiten kennen\u2026 Oft ist die Situation um die schwarze Bachforelle gar nicht bekannt oder einen bewusst. Daher gibt es vermutlich, speziell in \u00d6sterreich sehr wenig Aufzeichnungen dar\u00fcber. In der Diskussion mit Kollegen\/innen, wie am \u00d6KF \u2013 Forum in Linz, erf\u00e4hrt man jedoch dass es sich um eine sehr verbreitete Situation an vielen gr\u00f6sseren Fl\u00fcssen des Voralpenlandes ist.<\/figcaption><\/figure>\n\n\n\n<figure class=\"wp-block-embed is-type-wp-embed is-provider-fischereimanagement-salzkammergut wp-block-embed-fischereimanagement-salzkammergut\"><div class=\"wp-block-embed__wrapper\">\n<blockquote class=\"wp-embedded-content\" data-secret=\"pIWEuagNNK\"><a href=\"https:\/\/huberpower.com\/wordpress\/?p=571\">SCHWARZE BACHFORELLE<\/a><\/blockquote><iframe loading=\"lazy\" class=\"wp-embedded-content\" sandbox=\"allow-scripts\" security=\"restricted\" style=\"position: absolute; visibility: hidden;\" title=\"&#8222;SCHWARZE BACHFORELLE&#8220; &#8212; Fischereimanagement Salzkammergut\" src=\"https:\/\/huberpower.com\/wordpress\/?p=571&#038;embed=true#?secret=iAOz6U0MBj#?secret=pIWEuagNNK\" data-secret=\"pIWEuagNNK\" width=\"600\" height=\"338\" frameborder=\"0\" marginwidth=\"0\" marginheight=\"0\" scrolling=\"no\"><\/iframe>\n<\/div><figcaption class=\"wp-element-caption\">Wer noch weis, wieviel Bachforellen es fr\u00fcher an der Ischler Traun gab, f\u00fcr den trifft hier der Satz zu:\u00a0<strong>\u201eFr\u00fcher war alles besser\u201c<\/strong>! Hier habe ich einen Bericht aus meiner alten Homepage \u00fcbernehmen m\u00fcssen, da die Situation nach wie vor markant und aktuell ist und an L\u00f6sungen gesucht wird, die Bachforelle wieder in die Ischler Traun zu bekommen. Im den alten Pachtvertr\u00e4gen war es durchaus \u00fcblich, dass ein Pflichtbesatz vorgegeben war, ausschlie\u00dflich mit Bachforellen. Seit 2010 machen wir jedoch keine Bachforellen \u2013 Besatzma\u00dfnamen mehr. Wir haben viel probiert, unterschiedliche Z\u00fcchter, Wildbesatz auch mit\u00a0<strong>\u201eBlauer Punkt Markierung\u201c,<\/strong>\u00a0um einen Nachweis \u00fcber den Verbleib zu bekommen. Alle Bem\u00fchungen sind jedoch gescheitert.<\/figcaption><\/figure>\n\n\n\n<p style=\"text-align: center;\"><span style=\"color: #99cc00;\"><strong>&#8222;Die Bachforelle ist der Indikator f\u00fcr saubere Gew\u00e4sser&#8220;.<p style=\"text-align: center;\"><span style=\"color: #99cc00;\"><strong>\n(Zitat: Univ. Prof. Dr.rer.nat. Mansour El-Matbouli, Head of Fish Medicine and Livestock Management)\n<\/strong><\/span><\/p><p style=\"text-align: center;\"><a href=\"https:\/\/huberpower.com\/wordpress\/?page_id=11\"><img loading=\"lazy\" decoding=\"async\" class=\"aligncenter size-full wp-image-121\" title=\"20080303_17463_Home 250x Fisherman is Home_3333_bearbeitet-1\" src=\"https:\/\/huberpower.com\/wordpress\/wp-content\/uploads\/2012\/07\/20080303_17463_Home-250x-Fisherman-is-Home_3333_bearbeitet-1.jpg\" alt=\"\" width=\"208\" height=\"243\" \/><\/a><\/p>\n&nbsp; <p style=\"text-align: center;\"><span style=\"color: #99cc00;\">\n<\/span><\/p>\n<\/strong><\/span><\/p>","protected":false},"excerpt":{"rendered":"<p>Die Forelle (Salmo Trutta) ist Fisch des Jahres 2013 &#8211; dies auch zum Anlass nehmend und die Erfahrungen der letzten Jahre zeigen, dass die Forelle, im speziellen der Bachforelle, vermutlich&#8230; <a class=\"read-more\" href=\"https:\/\/huberpower.com\/wordpress\/?p=2345\">[Weiterlesen]<\/a><\/p>\n","protected":false},"author":2,"featured_media":2368,"comment_status":"closed","ping_status":"closed","sticky":false,"template":"","format":"standard","meta":{"_crdt_document":"","footnotes":""},"categories":[83,74,76],"tags":[],"class_list":["post-2345","post","type-post","status-publish","format-standard","has-post-thumbnail","hentry","category-arge-bachforelle","category-bachforelle","category-fischschutz"],"_links":{"self":[{"href":"https:\/\/huberpower.com\/wordpress\/index.php?rest_route=\/wp\/v2\/posts\/2345","targetHints":{"allow":["GET"]}}],"collection":[{"href":"https:\/\/huberpower.com\/wordpress\/index.php?rest_route=\/wp\/v2\/posts"}],"about":[{"href":"https:\/\/huberpower.com\/wordpress\/index.php?rest_route=\/wp\/v2\/types\/post"}],"author":[{"embeddable":true,"href":"https:\/\/huberpower.com\/wordpress\/index.php?rest_route=\/wp\/v2\/users\/2"}],"replies":[{"embeddable":true,"href":"https:\/\/huberpower.com\/wordpress\/index.php?rest_route=%2Fwp%2Fv2%2Fcomments&post=2345"}],"version-history":[{"count":13,"href":"https:\/\/huberpower.com\/wordpress\/index.php?rest_route=\/wp\/v2\/posts\/2345\/revisions"}],"predecessor-version":[{"id":38775,"href":"https:\/\/huberpower.com\/wordpress\/index.php?rest_route=\/wp\/v2\/posts\/2345\/revisions\/38775"}],"wp:featuredmedia":[{"embeddable":true,"href":"https:\/\/huberpower.com\/wordpress\/index.php?rest_route=\/wp\/v2\/media\/2368"}],"wp:attachment":[{"href":"https:\/\/huberpower.com\/wordpress\/index.php?rest_route=%2Fwp%2Fv2%2Fmedia&parent=2345"}],"wp:term":[{"taxonomy":"category","embeddable":true,"href":"https:\/\/huberpower.com\/wordpress\/index.php?rest_route=%2Fwp%2Fv2%2Fcategories&post=2345"},{"taxonomy":"post_tag","embeddable":true,"href":"https:\/\/huberpower.com\/wordpress\/index.php?rest_route=%2Fwp%2Fv2%2Ftags&post=2345"}],"curies":[{"name":"wp","href":"https:\/\/api.w.org\/{rel}","templated":true}]}}