{"id":22971,"date":"2022-09-28T20:27:31","date_gmt":"2022-09-28T18:27:31","guid":{"rendered":"http:\/\/huberpower.com\/wordpress\/?p=22971"},"modified":"2024-12-26T00:31:45","modified_gmt":"2024-12-25T23:31:45","slug":"lauffen","status":"publish","type":"post","link":"https:\/\/huberpower.com\/wordpress\/?p=22971","title":{"rendered":"LAUFFEN ANNO"},"content":{"rendered":"\n<p class=\"wp-block-paragraph\">Jenes starke Gef\u00e4lle, das die Traun hier zum Wildwasser macht, war schon im 9. Jahrhundert als &#8222;Loifa&#8220; bekannt, und 1170 wurde der Ort \u201eLoufin&#8220; bereits urkundlich genannt. &#8222;Loufa&#8220; ist \u00fcbrigens das mittelhochdeutsche Wort f\u00fcr &#8222;Stromschnelle&#8220;. Erstmals tritt Lauffen als&nbsp;<em>louppa<\/em>&nbsp;807 urkundlich in Erscheinung. 1117 scheint unter den Besitzungen des&nbsp;Stiftes Nonnberg&nbsp;in&nbsp;Salzburg&nbsp;eine&nbsp;<em>curtis Loufin sita<\/em>&nbsp;auf. <strong><mark style=\"background-color:rgba(0, 0, 0, 0)\" class=\"has-inline-color has-luminous-vivid-orange-color\">Der Name bezieht sich dabei auf die Stromschnellen (mhd.&nbsp;<em>loufe<\/em>) in der Traun.<\/mark><\/strong> 1344 best\u00e4tigte Herzog&nbsp;Albrecht&nbsp;II.&nbsp;den Lauffener B\u00fcrgern eine Urkunde von K\u00f6nig&nbsp;Rudolf&nbsp;I.&nbsp;von Habsburg (ca. 1275\/80), in der ihnen <strong><mark style=\"background-color:rgba(0, 0, 0, 0)\" class=\"has-inline-color has-luminous-vivid-orange-color\">dieselben Rechte verliehen worden waren, wie sie die Gmundner B\u00fcrger innehatten. <\/mark><\/strong><\/p>\n\n\n\n\n\n<h2 class=\"wp-block-heading\"><strong>Lauffen der \u00e4lteste Markt des inneren Salzkammergut<\/strong><\/h2>\n\n\n\n<p class=\"wp-block-paragraph\">Schon 1275, als Ischl noch ein Fischerdorf war, wurde Lauffen von K\u00f6nig Rudolf I. zum Markt erhoben. Bald erhielten auch f\u00fcnf Lauffner B\u00fcrger die Salzb\u00fcrgerrechte, das hei\u00dft, sie wurden Salzfertiger und konnten nun ihrerseits weitere Arbeitskr\u00e4fte besch\u00e4ftigen. Somit ist Lauffen der \u00e4lteste Markt des inneren Salzkammergutes, da\u00a0Hallstatt\u00a0erst 1311 zum Markt erhoben wurde. Ursache f\u00fcr die Marktgr\u00fcndung war vermutlich die Zunahme des Salzhandels in der 2.\u00a0H\u00e4lfte des 13.\u00a0Jh., zu dessen Sicherung in Lauffen zwei T\u00fcrme errichtet wurden. Ca. 1311\/1313 erteilte Herzogin (ab 1299 K\u00f6nigin)\u00a0Elisabeth\u00a05\u00a0B\u00fcrgern zu Lauffen das Salzfertiger-Recht.<\/p>\n\n\n\n<figure class=\"wp-block-image size-large\"><img loading=\"lazy\" decoding=\"async\" width=\"1024\" height=\"793\" src=\"https:\/\/huberpower.com\/wordpress\/wp-content\/uploads\/2022\/09\/image-14-1024x793.png\" alt=\"\" class=\"wp-image-22977\" srcset=\"https:\/\/huberpower.com\/wordpress\/wp-content\/uploads\/2022\/09\/image-14-1024x793.png 1024w, https:\/\/huberpower.com\/wordpress\/wp-content\/uploads\/2022\/09\/image-14-413x320.png 413w, https:\/\/huberpower.com\/wordpress\/wp-content\/uploads\/2022\/09\/image-14-1536x1190.png 1536w, https:\/\/huberpower.com\/wordpress\/wp-content\/uploads\/2022\/09\/image-14.png 1990w\" sizes=\"auto, (max-width: 1024px) 100vw, 1024px\" \/><figcaption class=\"wp-element-caption\">Lauffen in der Topographia Provinciarum Austriacarum von&nbsp;<a href=\"https:\/\/de.wikipedia.org\/wiki\/Matth%C3%A4us_Merian\">Matth\u00e4us Merian<\/a>. Quelle: Wikipedia<\/figcaption><\/figure>\n\n\n\n<p class=\"wp-block-paragraph\">Auch die Stra\u00dfenmaut auf Handelswaren, besonders auf Eisen, geh\u00f6rte lange Zeit zu den wichtigen Einnahmequellen des Ortes Lauffen und machte die B\u00fcrger wohlhabend.<br \/><br \/>Im Seuchenjahr 1643 verschonte die Pest Lauffen, w\u00e4hrend sie in den umliegenden Orten viele Todesopfer gefordert hatte. Die Bev\u00f6lkerung f\u00fchrte das auf die Hilfe der Muttergottes \u201eMaria im<br \/>Schatten\u201c zur\u00fcck, und so wurde Lauffen bald auch zum Wallfahrtsort.<\/p>\n\n\n\n<h2 class=\"wp-block-heading\">Der \u201eWilde Lauffen\u201c<\/h2>\n\n\n\n<p class=\"wp-block-paragraph\">war f\u00fcr die Traunschiffe jahrhundertelang nicht befahrbar; das Salz musste in Lauffen aus den von Hallstatt kommenden Zillen in die flussabw\u00e4rts fahrenden Zillen umgeladen werden, die dann am Ende ihrer Fahrt, meist in Nieder\u00f6sterreich, billig verkauft wurden. 1537 schlie\u00dflich errichtete Thomas Seeauer,<br \/>leitender Angestellter der Saline, Wasserbauingenieur, kaiserlicher Holz-, Klaus-, W\u00fchr- und Forstmeister zu Hallstatt, eine aus Pfosten gezimmerte Fahrrinne, eine Flo\u00dfgasse, die breit genug war f\u00fcr das Passieren der Salzschiffe. Au\u00dferdem schuf Seeauer (er wurde f\u00fcr seine Verdienste 1582 in den Adelsstand erhoben)<br \/>in Lauffen ein Windenwerk, mit dessen Hilfe die Schiffe gegen den Strom \u201ehinaufgezogen\u201c werden konnten. 1848 wurde der Ort in die Gemeinde Ischl eingegliedert, ein Jahr sp\u00e4ter die Salzfertigung in Lauffen aufgelassen. Seit Er\u00f6ffnung der \u201eKronprinz-Rudolf Bahn\u201c (1877) rollte der Personen- und<br \/>G\u00fcterverkehr an Lauffen vorbei, das dadurch seine einstige Bedeutung verlor.<\/p>\n\n\n\n<figure class=\"wp-block-image size-large\"><img loading=\"lazy\" decoding=\"async\" width=\"1024\" height=\"605\" src=\"https:\/\/huberpower.com\/wordpress\/wp-content\/uploads\/2023\/11\/image-30-1024x605.png\" alt=\"\" class=\"wp-image-27723\" srcset=\"https:\/\/huberpower.com\/wordpress\/wp-content\/uploads\/2023\/11\/image-30-1024x605.png 1024w, https:\/\/huberpower.com\/wordpress\/wp-content\/uploads\/2023\/11\/image-30-450x266.png 450w, https:\/\/huberpower.com\/wordpress\/wp-content\/uploads\/2023\/11\/image-30-1536x908.png 1536w, https:\/\/huberpower.com\/wordpress\/wp-content\/uploads\/2023\/11\/image-30.png 1723w\" sizes=\"auto, (max-width: 1024px) 100vw, 1024px\" \/><figcaption class=\"wp-element-caption\">Der entsch\u00e4rfte \u201eWilde Lauffen\u201c heute.<\/figcaption><\/figure>\n\n\n\n<h2 class=\"wp-block-heading\"><strong>Pfarrkirche Lauffen 1344 erstmalig erw\u00e4hnt<\/strong><\/h2>\n\n\n\n<p class=\"wp-block-paragraph\">1344 wird erstmals die Pfarrkirche ausdr\u00fccklich erw\u00e4hnt (<em>vnser Vrowen ch\u00fcrchen<\/em>), f\u00fcr welche die Lauffener B\u00fcrger von jeder vorbeifahrenden&nbsp;Zille&nbsp;einen Salz Pfenning einheben durften. Eine selbstst\u00e4ndige Pfarre wurde Lauffen jedoch erst in der 2.&nbsp;H\u00e4lfte des 16.&nbsp;Jh. Bis dahin unterstand Lauffen dem Pfarrer von&nbsp;Goisern. Die r\u00f6misch-katholische Pfarr- und Wallfahrtskirche Lauffen, bekannt unter dem Namen <strong><mark style=\"background-color:rgba(0, 0, 0, 0)\" class=\"has-inline-color has-luminous-vivid-orange-color\">Wallfahrtskirche \u201eMaria im Schatten\u201c<\/mark><\/strong>, steht auf der rechten Seite der Traun am \u00f6stlichen Ende der Ortschaft Lauffen und bildet mit dem Kirchenplatz das Zentrum f\u00fcr kirchliche Feierlichkeiten.<\/p>\n\n\n\n<figure class=\"wp-block-image size-large\"><img loading=\"lazy\" decoding=\"async\" width=\"880\" height=\"1024\" src=\"https:\/\/huberpower.com\/wordpress\/wp-content\/uploads\/2022\/09\/image-18-880x1024.png\" alt=\"\" class=\"wp-image-22989\" srcset=\"https:\/\/huberpower.com\/wordpress\/wp-content\/uploads\/2022\/09\/image-18-880x1024.png 880w, https:\/\/huberpower.com\/wordpress\/wp-content\/uploads\/2022\/09\/image-18-275x320.png 275w, https:\/\/huberpower.com\/wordpress\/wp-content\/uploads\/2022\/09\/image-18-1319x1536.png 1319w, https:\/\/huberpower.com\/wordpress\/wp-content\/uploads\/2022\/09\/image-18.png 1370w\" sizes=\"auto, (max-width: 880px) 100vw, 880px\" \/><figcaption class=\"wp-element-caption\">\u00dcber 600 Jahre steh die Kirche und seit 1344 gibt es schriftliche Aufzeichnungen \u00fcber die Pfarrkirche in Lauffen. In der Wallfahrtskirche steht eine 1,26 m hohe, gotischen Marienstatue der viele Wunder nachgesagt werden. M\u00f6ge sie uns helfen den &#8222;Fluder&#8220; in Lauffen zu erhalten. (Lizenziert unter CC-BY 4.0, Foto Sammlung Risch-Lau, Vorarlberger Landesbibliothek)  <\/figcaption><\/figure>\n\n\n\n<h2 class=\"wp-block-heading\"><strong>Seit dem 15. Jahrhundert Mautstelle<\/strong><\/h2>\n\n\n\n<p class=\"wp-block-paragraph\">Seit dem 15.&nbsp;Jahrhundert ist in Lauffen eine&nbsp;Weg-, Stra\u00dfen- und Br\u00fcckenmaut&nbsp;nachweisbar. <strong><mark style=\"background-color:rgba(0, 0, 0, 0)\" class=\"has-inline-color has-luminous-vivid-orange-color\">1537 wurde durch Sprengung gro\u00dfer Felsen im Fluss die Durchfahrt durch den&nbsp;<em>Wilden Lauffen<\/em>&nbsp;erleichtert und eine Flo\u00dfgasse angelegt. <\/mark><\/strong>Schon seit ca.&nbsp;1390 ist eine Seilwinde (<em>Wynde am Lawfenstain<\/em>) belegt, mit der flussaufw\u00e4rts fahrende K\u00e4hne \u00fcber die Stromschnelle hinweggezogen werden konnten. Die Salzschifffahrt endete mit der Er\u00f6ffnung der&nbsp;Staatsbahn von Attnang-Puchheim nach Stainach-Irdning&nbsp;am 23.&nbsp;Oktober 1877. <\/p>\n\n\n\n<figure class=\"wp-block-image size-large\"><img loading=\"lazy\" decoding=\"async\" width=\"1024\" height=\"744\" src=\"https:\/\/huberpower.com\/wordpress\/wp-content\/uploads\/2022\/09\/image-17-1024x744.png\" alt=\"\" class=\"wp-image-22985\" srcset=\"https:\/\/huberpower.com\/wordpress\/wp-content\/uploads\/2022\/09\/image-17-1024x744.png 1024w, https:\/\/huberpower.com\/wordpress\/wp-content\/uploads\/2022\/09\/image-17-440x320.png 440w, https:\/\/huberpower.com\/wordpress\/wp-content\/uploads\/2022\/09\/image-17-1536x1116.png 1536w, https:\/\/huberpower.com\/wordpress\/wp-content\/uploads\/2022\/09\/image-17-2048x1488.png 2048w, https:\/\/huberpower.com\/wordpress\/wp-content\/uploads\/2022\/09\/image-17-260x190.png 260w\" sizes=\"auto, (max-width: 1024px) 100vw, 1024px\" \/><figcaption class=\"wp-element-caption\">Der Ort Lauffen wird jetzt wieder wachgek\u00fcsst und die Alten Salz-Schiffer H\u00e4user werden fachgerecht renoviert und damit der Ort Lauffen wieder belebt. Siehe dazu &#8222;European Heritage Project&#8220;. (Lizenziert unter CC-BY 4.0, Foto Sammlung Risch-Lau, Vorarlberger Landesbibliothek)  <\/figcaption><\/figure>\n\n\n\n<figure class=\"wp-block-image size-large\"><img loading=\"lazy\" decoding=\"async\" width=\"1024\" height=\"608\" src=\"https:\/\/huberpower.com\/wordpress\/wp-content\/uploads\/2022\/09\/image-11-1024x608.png\" alt=\"\" class=\"wp-image-22972\" srcset=\"https:\/\/huberpower.com\/wordpress\/wp-content\/uploads\/2022\/09\/image-11-1024x608.png 1024w, https:\/\/huberpower.com\/wordpress\/wp-content\/uploads\/2022\/09\/image-11-450x267.png 450w, https:\/\/huberpower.com\/wordpress\/wp-content\/uploads\/2022\/09\/image-11-1536x911.png 1536w, https:\/\/huberpower.com\/wordpress\/wp-content\/uploads\/2022\/09\/image-11-2048x1215.png 2048w\" sizes=\"auto, (max-width: 1024px) 100vw, 1024px\" \/><\/figure>\n\n\n\n<h2 class=\"wp-block-heading\"><strong>Gott&#8217;s-Nam&#8216;-Stoan<\/strong><\/h2>\n\n\n\n<p class=\"wp-block-paragraph\">Er steht nach wie vor am Stra\u00dfenrand des Ortseinganges von Lauffen, der <mark style=\"background-color:rgba(0, 0, 0, 0)\" class=\"has-inline-color has-luminous-vivid-orange-color\"><strong>&#8222;Gott&#8217;s-Nam&#8216;-Stoan&#8220;<\/strong><\/mark> &#8211; ein aus wei\u00dfem Marmor in einem St\u00fcck gehauener Bildstock, durch ein spitzes Schindeldach gesch\u00fctzt.<strong><mark style=\"background-color:rgba(0, 0, 0, 0)\" class=\"has-inline-color has-luminous-vivid-orange-color\"> Ein Steinmetz hat ihn schon vor rund 500 Jahren mit k\u00fcnstlerischem Geschick und Formgef\u00fchl geschaffen. <\/mark><\/strong>Unterhalb der Nischen f\u00fcr die Heiligenfiguren ist eine stilisierte Salzzille abgebildet. Die Einheimischen nennen den Bildstock heute aber nur noch liebevoll den &#8222;<strong><mark style=\"background-color:rgba(0, 0, 0, 0)\" class=\"has-inline-color has-luminous-vivid-orange-color\">Stoan<\/mark><\/strong>&#8222;.<\/p>\n\n\n\n<h2 class=\"wp-block-heading\"><strong>1848-1849 wollte Lauffen zu Ischl <\/strong><\/h2>\n\n\n\n<p class=\"wp-block-paragraph\">1849 sollte Lauffen mit seinen 399&nbsp;Bewohnern und 71&nbsp;H\u00e4usern der Gemeinde Goisern einverleibt werden. Auf Ersuchen der Einwohner wurde der Markt aber schlie\u00dflich nach Ischl (selbiges erst seit 1906&nbsp;<em>Bad<\/em>) eingemeindet. Trotzdem wird der Marktflecken um 1850 noch neben Ischl \u2013 und dem Salzbergamt zu&nbsp;Gmunden&nbsp;\u2013 als Hauptort des Salzkammerguts genannt. In den letzten Jahrzehnten fand eine massive Ausd\u00fcnnung der Infrastruktur statt: 1977 Schlie\u00dfung der Volksschule, 2001 schloss das letzte Kaufgesch\u00e4ft und 2002 wurde das Postamt Lauffen (Postleitzahl 4821), welches seit 1870 bestand, ebenfalls geschlossen. Verhindert werden konnte hingegen die Auflassung der Bahn-Haltestelle.<\/p>\n\n\n\n<figure class=\"wp-block-image size-large\"><img loading=\"lazy\" decoding=\"async\" width=\"1024\" height=\"772\" src=\"https:\/\/huberpower.com\/wordpress\/wp-content\/uploads\/2022\/09\/image-20-1024x772.png\" alt=\"\" class=\"wp-image-23000\" srcset=\"https:\/\/huberpower.com\/wordpress\/wp-content\/uploads\/2022\/09\/image-20-1024x772.png 1024w, https:\/\/huberpower.com\/wordpress\/wp-content\/uploads\/2022\/09\/image-20-425x320.png 425w, https:\/\/huberpower.com\/wordpress\/wp-content\/uploads\/2022\/09\/image-20-1536x1158.png 1536w, https:\/\/huberpower.com\/wordpress\/wp-content\/uploads\/2022\/09\/image-20-2048x1544.png 2048w\" sizes=\"auto, (max-width: 1024px) 100vw, 1024px\" \/><figcaption class=\"wp-element-caption\">Der Fluder in Lauffen mit der Fluder H\u00fctte (Waschk\u00fcche).<\/figcaption><\/figure>\n\n\n\n<h2 class=\"wp-block-heading\"><strong>Der Lauffener M\u00fchlbach<\/strong> <strong>(Fluder)<\/strong><\/h2>\n\n\n\n<p class=\"wp-block-paragraph\">Der Fluder oder M\u00fchlbach ist \u00fcber 400 Jahre alt und betrieb einst drei Wasserr\u00e4der:<\/p>\n\n\n\n<ul class=\"wp-block-list\">\n<li>Jenes von der <strong><mark style=\"background-color:rgba(0, 0, 0, 0)\" class=\"has-inline-color has-luminous-vivid-orange-color\">Anzenauer M\u00fchle<\/mark><\/strong><\/li>\n\n\n\n<li>vom <strong><mark style=\"background-color:rgba(0, 0, 0, 0)\" class=\"has-inline-color has-luminous-vivid-orange-color\">Br\u00e4uhaus Wildenstein<\/mark><\/strong><\/li>\n\n\n\n<li>und der<strong><mark style=\"background-color:rgba(0, 0, 0, 0)\" class=\"has-inline-color has-luminous-vivid-orange-color\"> Grabm\u00fchle<\/mark><\/strong><\/li>\n<\/ul>\n\n\n\n<p class=\"wp-block-paragraph\">Bereits auf dem \u00e4ltesten <strong><mark style=\"background-color:rgba(0, 0, 0, 0)\" class=\"has-inline-color has-luminous-vivid-orange-color\">Stich von Lauffen aus dem Jahre 1649 ist der Fluder markant Eingezeichnet<\/mark><\/strong> und stellt seither ein Kulturdenkmal dar. Er verl\u00e4uft direkt oberhalb der Stromschnellen vom Wilden Lauffen und geh\u00f6rt seit vielen hundert Jahren zum Ortsbild. Er ist in seiner Struktur das zweit\u00e4lteste Bauwerk des \u00e4ltesten Marktes des Salzkammergutes und besteht damit sogar l\u00e4nger als der Kirchenturm. <\/p>\n\n\n\n<figure class=\"wp-block-image size-large\"><img loading=\"lazy\" decoding=\"async\" width=\"1024\" height=\"729\" src=\"https:\/\/huberpower.com\/wordpress\/wp-content\/uploads\/2022\/09\/image-19-1024x729.png\" alt=\"\" class=\"wp-image-22994\" srcset=\"https:\/\/huberpower.com\/wordpress\/wp-content\/uploads\/2022\/09\/image-19-1024x729.png 1024w, https:\/\/huberpower.com\/wordpress\/wp-content\/uploads\/2022\/09\/image-19-450x320.png 450w, https:\/\/huberpower.com\/wordpress\/wp-content\/uploads\/2022\/09\/image-19-1536x1093.png 1536w, https:\/\/huberpower.com\/wordpress\/wp-content\/uploads\/2022\/09\/image-19-2048x1458.png 2048w\" sizes=\"auto, (max-width: 1024px) 100vw, 1024px\" \/><figcaption class=\"wp-element-caption\">Bereits auf dem \u00e4ltesten Stich von Lauffen aus dem Jahre 1649 ist der Fluder market eingezeichnet und stellt seither ein Kulturdenkmal dar. Auch auf diesen Bild ist der urspr\u00fcnglich als Holzbauwerk ausgef\u00fchrter gewesen, bevor er sich wieder in einem gro\u00dfen Pool in die Traun ergie\u00dft. (Lizenziert unter CC-BY 4.0, Foto Sammlung Risch-Lau, Vorarlberger Landesbibliothek) <\/figcaption><\/figure>\n\n\n\n<figure class=\"wp-block-image size-large\"><img loading=\"lazy\" decoding=\"async\" width=\"1024\" height=\"712\" src=\"https:\/\/huberpower.com\/wordpress\/wp-content\/uploads\/2022\/09\/image-15-1024x712.png\" alt=\"\" class=\"wp-image-22983\" srcset=\"https:\/\/huberpower.com\/wordpress\/wp-content\/uploads\/2022\/09\/image-15-1024x712.png 1024w, https:\/\/huberpower.com\/wordpress\/wp-content\/uploads\/2022\/09\/image-15-450x313.png 450w, https:\/\/huberpower.com\/wordpress\/wp-content\/uploads\/2022\/09\/image-15-1536x1069.png 1536w, https:\/\/huberpower.com\/wordpress\/wp-content\/uploads\/2022\/09\/image-15-2048x1425.png 2048w\" sizes=\"auto, (max-width: 1024px) 100vw, 1024px\" \/><figcaption class=\"wp-element-caption\">Der &#8222;Wilde Laufen&#8220; mit dem \u00fcberstr\u00f6mten im Jahr 1959, aus einem Holzbauwerk bestehenden Fluder. (Lizenziert unter CC-BY 4.0, Foto Sammlung Risch-Lau, Vorarlberger Landesbibliothek) <\/figcaption><\/figure>\n\n\n\n<figure class=\"wp-block-image size-large\"><img loading=\"lazy\" decoding=\"async\" width=\"1024\" height=\"761\" src=\"https:\/\/huberpower.com\/wordpress\/wp-content\/uploads\/2022\/09\/image-12-1024x761.png\" alt=\"\" class=\"wp-image-22973\" srcset=\"https:\/\/huberpower.com\/wordpress\/wp-content\/uploads\/2022\/09\/image-12-1024x761.png 1024w, https:\/\/huberpower.com\/wordpress\/wp-content\/uploads\/2022\/09\/image-12-431x320.png 431w, https:\/\/huberpower.com\/wordpress\/wp-content\/uploads\/2022\/09\/image-12-1536x1141.png 1536w, https:\/\/huberpower.com\/wordpress\/wp-content\/uploads\/2022\/09\/image-12.png 1635w\" sizes=\"auto, (max-width: 1024px) 100vw, 1024px\" \/><figcaption class=\"wp-element-caption\">Blick auf den Wilden Lauffen mit Fluder und Fluder H\u00fctte (Waschk\u00fcche). auf dieser Aufnahme ist der Fluder bereits in einer betonierten Version zu sehen. <\/figcaption><\/figure>\n\n\n\n<figure class=\"wp-block-image size-large\"><img loading=\"lazy\" decoding=\"async\" width=\"1024\" height=\"731\" src=\"https:\/\/huberpower.com\/wordpress\/wp-content\/uploads\/2022\/09\/image-16-1024x731.png\" alt=\"\" class=\"wp-image-22984\" srcset=\"https:\/\/huberpower.com\/wordpress\/wp-content\/uploads\/2022\/09\/image-16-1024x731.png 1024w, https:\/\/huberpower.com\/wordpress\/wp-content\/uploads\/2022\/09\/image-16-448x320.png 448w, https:\/\/huberpower.com\/wordpress\/wp-content\/uploads\/2022\/09\/image-16-1536x1097.png 1536w, https:\/\/huberpower.com\/wordpress\/wp-content\/uploads\/2022\/09\/image-16-2048x1462.png 2048w\" sizes=\"auto, (max-width: 1024px) 100vw, 1024px\" \/><figcaption class=\"wp-element-caption\">Im Vordergrund der Fluder mit der &#8222;Waschk\u00fcche&#8220;. Seinerzeit ein beliebter und auch gef\u00e4hrlicher Badeplatz. (Lizenziert unter CC-BY 4.0, Foto Sammlung Risch-Lau, Vorarlberger Landesbibliothek) <\/figcaption><\/figure>\n\n\n\n<figure class=\"wp-block-image size-large\"><img loading=\"lazy\" decoding=\"async\" width=\"1024\" height=\"673\" src=\"https:\/\/huberpower.com\/wordpress\/wp-content\/uploads\/2022\/09\/image-13-1024x673.png\" alt=\"\" class=\"wp-image-22974\" srcset=\"https:\/\/huberpower.com\/wordpress\/wp-content\/uploads\/2022\/09\/image-13-1024x673.png 1024w, https:\/\/huberpower.com\/wordpress\/wp-content\/uploads\/2022\/09\/image-13-450x296.png 450w, https:\/\/huberpower.com\/wordpress\/wp-content\/uploads\/2022\/09\/image-13-1536x1009.png 1536w, https:\/\/huberpower.com\/wordpress\/wp-content\/uploads\/2022\/09\/image-13-2048x1346.png 2048w\" sizes=\"auto, (max-width: 1024px) 100vw, 1024px\" \/><figcaption class=\"wp-element-caption\">Der Schleierfall der sich bei etwas h\u00f6heren Wasserstand \u00fcber die Fluder Mauer ergie\u00dft.<\/figcaption><\/figure>\n\n\n\n<h2 class=\"wp-block-heading\">Lauffen wird wachgek\u00fcsst<\/h2>\n\n\n\n<p class=\"wp-block-paragraph\">In Lauffen bei Bad Ischl, dem \u00e4ltesten Markt in Ober\u00f6sterreich, schreitet die Rettung des Ortskerns voran: Der Unternehmer Peter L\u00f6w kaufte alte Salzfertigerh\u00e4user und l\u00e4sst sie revitalisieren. Erste Ergebnisse sind zu sehen. Neue Schindeld\u00e4cher zeigen, dass die Revitalisierung durch das \u201eEuropean Heritage Project\u201c, hinter dem der deutsche Firmensanierer Peter L\u00f6w steht, voll im Gange ist. Arkaden wurden freigelegt, Innenh\u00f6fe vergr\u00f6\u00dfert, historisch unsachgem\u00e4\u00dfe Anbauten entfernt. Man plant im neuen Ortsgef\u00fcge Schanig\u00e4rten und eine B\u00e4ckerei, es werden aber auch Museen und Wohnungen entstehen. <br \/>Bei den vielen Millionen, die hier in die Restaurierung von Lauffen investiert werden um diesen herrlichen, geschichtstr\u00e4chtigsten Orte an der Oberen Traun wieder seiner Bestimmung zuzuf\u00fchren, w\u00e4re es schade, wenn ein Bauwerk, wie der Fluder nicht erhalten blieben.      <\/p>\n\n\n\n<h2 class=\"wp-block-heading\">Inspirationen von Lauffen<\/h2>\n\n\n\n<p class=\"wp-block-paragraph\">Nachfolgenden ein paar Inspirationen von Lauffen, f\u00fcr den nicht so ortskundigen um sich ein Bild zu machen.<\/p>\n\n\n\n<figure class=\"wp-block-image size-large\"><img loading=\"lazy\" decoding=\"async\" width=\"1024\" height=\"698\" src=\"https:\/\/huberpower.com\/wordpress\/wp-content\/uploads\/2022\/09\/image-21-1024x698.png\" alt=\"\" class=\"wp-image-23002\" srcset=\"https:\/\/huberpower.com\/wordpress\/wp-content\/uploads\/2022\/09\/image-21-1024x698.png 1024w, https:\/\/huberpower.com\/wordpress\/wp-content\/uploads\/2022\/09\/image-21-450x307.png 450w, https:\/\/huberpower.com\/wordpress\/wp-content\/uploads\/2022\/09\/image-21-1536x1046.png 1536w, https:\/\/huberpower.com\/wordpress\/wp-content\/uploads\/2022\/09\/image-21-2048x1395.png 2048w\" sizes=\"auto, (max-width: 1024px) 100vw, 1024px\" \/><figcaption class=\"wp-element-caption\">Blick Traun aufw\u00e4rts auf den Wilden Laufen.<\/figcaption><\/figure>\n\n\n\n<figure class=\"wp-block-image size-large\"><img loading=\"lazy\" decoding=\"async\" width=\"1024\" height=\"769\" src=\"https:\/\/huberpower.com\/wordpress\/wp-content\/uploads\/2022\/09\/image-22-1024x769.png\" alt=\"\" class=\"wp-image-23004\" srcset=\"https:\/\/huberpower.com\/wordpress\/wp-content\/uploads\/2022\/09\/image-22-1024x769.png 1024w, https:\/\/huberpower.com\/wordpress\/wp-content\/uploads\/2022\/09\/image-22-426x320.png 426w, https:\/\/huberpower.com\/wordpress\/wp-content\/uploads\/2022\/09\/image-22-1536x1154.png 1536w, https:\/\/huberpower.com\/wordpress\/wp-content\/uploads\/2022\/09\/image-22-2048x1538.png 2048w\" sizes=\"auto, (max-width: 1024px) 100vw, 1024px\" \/><figcaption class=\"wp-element-caption\">Die geschichtstr\u00e4chtige und letzte existierende &#8222;Fluder H\u00fctte&#8220; (Natur-Waschk\u00fcche) in der Region.<\/figcaption><\/figure>\n\n\n\n<figure class=\"wp-block-image size-large\"><img loading=\"lazy\" decoding=\"async\" width=\"1024\" height=\"752\" src=\"https:\/\/huberpower.com\/wordpress\/wp-content\/uploads\/2022\/09\/image-23-1024x752.png\" alt=\"\" class=\"wp-image-23006\" srcset=\"https:\/\/huberpower.com\/wordpress\/wp-content\/uploads\/2022\/09\/image-23-1024x752.png 1024w, https:\/\/huberpower.com\/wordpress\/wp-content\/uploads\/2022\/09\/image-23-436x320.png 436w, https:\/\/huberpower.com\/wordpress\/wp-content\/uploads\/2022\/09\/image-23-1536x1129.png 1536w, https:\/\/huberpower.com\/wordpress\/wp-content\/uploads\/2022\/09\/image-23-2048x1505.png 2048w, https:\/\/huberpower.com\/wordpress\/wp-content\/uploads\/2022\/09\/image-23-260x190.png 260w\" sizes=\"auto, (max-width: 1024px) 100vw, 1024px\" \/><figcaption class=\"wp-element-caption\">Gasthof Wildenstein, ehem. b\u00fcrgerliches Br\u00e4uhaus<\/figcaption><\/figure>\n\n\n\n<figure class=\"wp-block-image size-large\"><img loading=\"lazy\" decoding=\"async\" width=\"1024\" height=\"758\" src=\"https:\/\/huberpower.com\/wordpress\/wp-content\/uploads\/2022\/09\/image-24-1024x758.png\" alt=\"\" class=\"wp-image-23008\" srcset=\"https:\/\/huberpower.com\/wordpress\/wp-content\/uploads\/2022\/09\/image-24-1024x758.png 1024w, https:\/\/huberpower.com\/wordpress\/wp-content\/uploads\/2022\/09\/image-24-432x320.png 432w, https:\/\/huberpower.com\/wordpress\/wp-content\/uploads\/2022\/09\/image-24-1536x1137.png 1536w, https:\/\/huberpower.com\/wordpress\/wp-content\/uploads\/2022\/09\/image-24-2048x1516.png 2048w\" sizes=\"auto, (max-width: 1024px) 100vw, 1024px\" \/><figcaption class=\"wp-element-caption\">Die wei\u00dfe Gischt ist der Auslauf vom Fluder.<\/figcaption><\/figure>\n\n\n\n<figure class=\"wp-block-image size-large\"><img loading=\"lazy\" decoding=\"async\" width=\"1024\" height=\"632\" src=\"https:\/\/huberpower.com\/wordpress\/wp-content\/uploads\/2022\/09\/image-26-1024x632.png\" alt=\"\" class=\"wp-image-23013\" srcset=\"https:\/\/huberpower.com\/wordpress\/wp-content\/uploads\/2022\/09\/image-26-1024x632.png 1024w, https:\/\/huberpower.com\/wordpress\/wp-content\/uploads\/2022\/09\/image-26-450x278.png 450w, https:\/\/huberpower.com\/wordpress\/wp-content\/uploads\/2022\/09\/image-26-1536x948.png 1536w, https:\/\/huberpower.com\/wordpress\/wp-content\/uploads\/2022\/09\/image-26-2048x1264.png 2048w\" sizes=\"auto, (max-width: 1024px) 100vw, 1024px\" \/><figcaption class=\"wp-element-caption\">Blick auf den Fluder, Wildenstein und den Wilden Lauffen.<\/figcaption><\/figure>\n\n\n\n<figure class=\"wp-block-image size-large\"><img loading=\"lazy\" decoding=\"async\" width=\"1024\" height=\"596\" src=\"https:\/\/huberpower.com\/wordpress\/wp-content\/uploads\/2022\/09\/image-25-1024x596.png\" alt=\"\" class=\"wp-image-23010\" srcset=\"https:\/\/huberpower.com\/wordpress\/wp-content\/uploads\/2022\/09\/image-25-1024x596.png 1024w, https:\/\/huberpower.com\/wordpress\/wp-content\/uploads\/2022\/09\/image-25-450x262.png 450w, https:\/\/huberpower.com\/wordpress\/wp-content\/uploads\/2022\/09\/image-25-1536x894.png 1536w, https:\/\/huberpower.com\/wordpress\/wp-content\/uploads\/2022\/09\/image-25-2048x1192.png 2048w\" sizes=\"auto, (max-width: 1024px) 100vw, 1024px\" \/><figcaption class=\"wp-element-caption\">Hier ergie\u00dft sich der Fluder wieder in die Traun. Heute wird davon ein kleines Kraftwerk gespeist. <\/figcaption><\/figure>\n\n\n\n<h2 class=\"wp-block-heading\">Ein Wahrzeichen ist in Gefahr<\/h2>\n\n\n\n<p class=\"wp-block-paragraph\"><strong><mark style=\"background-color:rgba(0, 0, 0, 0)\" class=\"has-inline-color has-luminous-vivid-orange-color\">Im Jahr 2024 wird das Salzkammergut mit Bad Ischl als Bannerstadt den Titel Kulturhauptstadt Europas tragen.<\/mark><\/strong> Erstmals in der Geschichte findet sie im inneralpinen Raum statt. Insgesamt geh\u00f6ren 23 Gemeinden aus dem Salzkammergut zur Kulturhauptstadt-Region. <\/p>\n\n\n\n<p class=\"wp-block-paragraph\"><strong>Wie passt das zusammen? <\/strong><\/p>\n\n\n\n<p class=\"wp-block-paragraph\"><mark style=\"background-color:rgba(0, 0, 0, 0)\" class=\"has-inline-color has-luminous-vivid-orange-color\"><strong>Auf der einen Seite wollen wir in der Region die &#8222;Kulturhauptstadt Europas&#8220; sein, auf der anderen Seite sollen Kulturdenkm\u00e4ler vernichtet werden?<\/strong><\/mark><\/p>\n\n\n\n<p class=\"wp-block-paragraph\"><strong>Es wurde wahrscheinlich noch nicht alles ausdiskutiert und als positiv Denker bin ich zuversichtlich, dass eine L\u00f6sung gefunden wird. Ans\u00e4tze dazu gibt es, man muss diese mit den Verantwortlichen besprechen.<\/strong>   <\/p>\n\n\n\n<h2 class=\"wp-block-heading\">Weitere Informationen<\/h2>\n\n\n\n<p class=\"wp-block-paragraph\"><strong>European Heritage Project<\/strong><\/p>\n\n\n\n<figure class=\"wp-block-embed is-type-wp-embed is-provider-fischereimanagement-salzkammergut wp-block-embed-fischereimanagement-salzkammergut\"><div class=\"wp-block-embed__wrapper\">\n<blockquote class=\"wp-embedded-content\" data-secret=\"YXUCGKgKsq\"><a href=\"https:\/\/huberpower.com\/wordpress\/?p=24506\">KRAFTWERK WEISSENBACH<\/a><\/blockquote><iframe loading=\"lazy\" class=\"wp-embedded-content\" sandbox=\"allow-scripts\" security=\"restricted\" style=\"position: absolute; clip: rect(1px, 1px, 1px, 1px);\" title=\"&#8222;KRAFTWERK WEISSENBACH&#8220; &#8212; Fischereimanagement Salzkammergut\" src=\"https:\/\/huberpower.com\/wordpress\/?p=24506&#038;embed=true#?secret=dK6v9d40FJ#?secret=YXUCGKgKsq\" data-secret=\"YXUCGKgKsq\" width=\"600\" height=\"338\" frameborder=\"0\" marginwidth=\"0\" marginheight=\"0\" scrolling=\"no\"><\/iframe>\n<\/div><\/figure>\n\n\n\n<figure class=\"wp-block-embed is-type-wp-embed is-provider-fischereimanagement-salzkammergut wp-block-embed-fischereimanagement-salzkammergut\"><div class=\"wp-block-embed__wrapper\">\n<blockquote class=\"wp-embedded-content\" data-secret=\"tKwDPg3Df1\"><a href=\"https:\/\/huberpower.com\/wordpress\/?p=24302\">1. FISCHERMESSE IN LAUFFEN 2023<\/a><\/blockquote><iframe loading=\"lazy\" class=\"wp-embedded-content\" sandbox=\"allow-scripts\" security=\"restricted\" style=\"position: absolute; clip: rect(1px, 1px, 1px, 1px);\" title=\"&#8222;1. FISCHERMESSE IN LAUFFEN 2023&#8220; &#8212; Fischereimanagement Salzkammergut\" src=\"https:\/\/huberpower.com\/wordpress\/?p=24302&#038;embed=true#?secret=Ww8bm6Em4k#?secret=tKwDPg3Df1\" data-secret=\"tKwDPg3Df1\" width=\"600\" height=\"338\" frameborder=\"0\" marginwidth=\"0\" marginheight=\"0\" scrolling=\"no\"><\/iframe>\n<\/div><\/figure>\n\n\n\n<figure class=\"wp-block-embed is-type-wp-embed is-provider-fischereimanagement-salzkammergut wp-block-embed-fischereimanagement-salzkammergut\"><div class=\"wp-block-embed__wrapper\">\n<blockquote class=\"wp-embedded-content\" data-secret=\"IfnxqptBtk\"><a href=\"https:\/\/huberpower.com\/wordpress\/?p=24785\">FLUDER IN LAUFFEN<\/a><\/blockquote><iframe loading=\"lazy\" class=\"wp-embedded-content\" sandbox=\"allow-scripts\" security=\"restricted\" style=\"position: absolute; clip: rect(1px, 1px, 1px, 1px);\" title=\"&#8222;FLUDER IN LAUFFEN&#8220; &#8212; Fischereimanagement Salzkammergut\" src=\"https:\/\/huberpower.com\/wordpress\/?p=24785&#038;embed=true#?secret=QnczOGG3X4#?secret=IfnxqptBtk\" data-secret=\"IfnxqptBtk\" width=\"600\" height=\"338\" frameborder=\"0\" marginwidth=\"0\" marginheight=\"0\" scrolling=\"no\"><\/iframe>\n<\/div><\/figure>\n\n\n\n\n\n<p style=\"text-align: center;\"><strong><span style=\"color: #99cc00;\">&#8222;H\u00e4nde weg vom Fluder&#8220;<\/span><\/strong><\/p><p style=\"text-align: center;\"><span style=\"color: #99cc00;<\/span><\/span><\/p><p style=\" text-align:=\"\" center;\"=\"\">\nZitat aus Traunsspiegel &#8211; zur geplanten B\u00fcrgerinitiative<\/p> <p style=\"text-align: center;\"><\/p>\n&nbsp; <p style=\"text-align: center;\"><span style=\"color: #99cc00;\">\n<\/span><\/p>\n","protected":false},"excerpt":{"rendered":"<p>Jenes starke Gef\u00e4lle, das die Traun hier zum Wildwasser macht, war schon im 9. Jahrhundert als &#8222;Loifa&#8220; bekannt, und 1170 wurde der Ort \u201eLoufin&#8220; bereits urkundlich genannt. &#8222;Loufa&#8220; ist \u00fcbrigens&#8230; <a class=\"read-more\" href=\"https:\/\/huberpower.com\/wordpress\/?p=22971\">[Weiterlesen]<\/a><\/p>\n","protected":false},"author":4,"featured_media":22972,"comment_status":"closed","ping_status":"closed","sticky":false,"template":"","format":"standard","meta":{"_crdt_document":"","footnotes":""},"categories":[93,18,94,70,173,33,220,123,206,132,200,178,184,193],"tags":[],"class_list":["post-22971","post","type-post","status-publish","format-standard","has-post-thumbnail","hentry","category-baustellen","category-bewirtschaftung","category-fischereirevier-oberes-salzkammergut","category-gewaesserbuch","category-goiserer-traun","category-ischler-traun","category-lauffen","category-oekologischer-zustand","category-organismenwanderhilfe-fischaufstiegshilfe-fischwanderhilfe-fischtreppe","category-revier","category-revitalisierung","category-schutzgebiet","category-fischerei-tourismus","category-traunrauschen-at"],"_links":{"self":[{"href":"https:\/\/huberpower.com\/wordpress\/index.php?rest_route=\/wp\/v2\/posts\/22971","targetHints":{"allow":["GET"]}}],"collection":[{"href":"https:\/\/huberpower.com\/wordpress\/index.php?rest_route=\/wp\/v2\/posts"}],"about":[{"href":"https:\/\/huberpower.com\/wordpress\/index.php?rest_route=\/wp\/v2\/types\/post"}],"author":[{"embeddable":true,"href":"https:\/\/huberpower.com\/wordpress\/index.php?rest_route=\/wp\/v2\/users\/4"}],"replies":[{"embeddable":true,"href":"https:\/\/huberpower.com\/wordpress\/index.php?rest_route=%2Fwp%2Fv2%2Fcomments&post=22971"}],"version-history":[{"count":9,"href":"https:\/\/huberpower.com\/wordpress\/index.php?rest_route=\/wp\/v2\/posts\/22971\/revisions"}],"predecessor-version":[{"id":35944,"href":"https:\/\/huberpower.com\/wordpress\/index.php?rest_route=\/wp\/v2\/posts\/22971\/revisions\/35944"}],"wp:featuredmedia":[{"embeddable":true,"href":"https:\/\/huberpower.com\/wordpress\/index.php?rest_route=\/wp\/v2\/media\/22972"}],"wp:attachment":[{"href":"https:\/\/huberpower.com\/wordpress\/index.php?rest_route=%2Fwp%2Fv2%2Fmedia&parent=22971"}],"wp:term":[{"taxonomy":"category","embeddable":true,"href":"https:\/\/huberpower.com\/wordpress\/index.php?rest_route=%2Fwp%2Fv2%2Fcategories&post=22971"},{"taxonomy":"post_tag","embeddable":true,"href":"https:\/\/huberpower.com\/wordpress\/index.php?rest_route=%2Fwp%2Fv2%2Ftags&post=22971"}],"curies":[{"name":"wp","href":"https:\/\/api.w.org\/{rel}","templated":true}]}}