{"id":15658,"date":"2022-02-08T08:30:00","date_gmt":"2022-02-08T07:30:00","guid":{"rendered":"http:\/\/huberpower.com\/wordpress\/?p=15658"},"modified":"2024-03-25T14:37:38","modified_gmt":"2024-03-25T13:37:38","slug":"fischotterkartierung-2021","status":"publish","type":"post","link":"https:\/\/huberpower.com\/wordpress\/?p=15658","title":{"rendered":"FISCHOTTER KARTIERUNG UND MONITORING"},"content":{"rendered":"\n<p class=\"wp-block-paragraph\">Der Fischotter war lange Zeit im Inland gef\u00e4hrdet. Die Population hat sich in den vergangenen Jahren aber wieder stabilisiert. Neueste Forschungsergebnisse best\u00e4tigen diese Tatsache. Im Zuge des O\u00d6<br \/>Fischotter-Monitorings der Karl-Franzens-Universit\u00e4t im Auftrag des Landes Ober\u00f6sterreichs konnte ein g\u00fcnstiger Erhaltungszustand nachgewiesen werden. Das ist eine wichtige objektive Grundlage f\u00fcr<br \/>k\u00fcnftige Managementma\u00dfnahmen.<\/p>\n\n\n\n<h2 class=\"wp-block-heading\" id=\"pressekonferenz-mit-fr-landesratin-michaela-langer-weninger\">Pressekonferenz mit <strong>Fr. Landesr\u00e4tin Michaela Langer-Weninger<\/strong><\/h2>\n\n\n\n<p class=\"wp-block-paragraph\"><strong>Ist die Aussage und Interpretation der Bestandsaufnahme, bei der Pressekonferenz, am 8. Februar 2022, durch Fr. Agrar-Landesr\u00e4tin Michaela Langer-Weninger und Dr. Steven Weiss vom Biologie-Institut der Karl-Franzens-Universit\u00e4t Graz.<\/strong><\/p>\n\n\n\n\n\n<p class=\"wp-block-paragraph\">In der Natur gibt es f\u00fcr alle Lebewesen Platz, auch f\u00fcr den Fischotter. Doch dieses Tier, welches in<br \/>\u00d6sterreich bei der Aktion \u201ewir holen den Fischotter zur\u00fcck\u201c wieder ausgesetzt wurde zeigt, dass die<br \/>Diskriminierung von Landbewohnern durch unwissende Stadtbewohner (und deren finanzielle Unterst\u00fctzung\/politisches Gewicht) Dimensionen annimmt die besorgniserregend sind, besonders f\u00fcr die Zukunft. Sieht man in die Vergangenheit, wurde schon im Mittelalter der Fischotter gejagt, damals aus wirtschaftlichen Gr\u00fcnden: das Fell war hei\u00df begehrt und auch das Fleisch diente in der Fastenzeit f\u00fcr Abwechslung (z\u00e4hlte er doch als Wasserbewohner zu den Fischen). Doch seitdem hat sich viel getan, so regulierte der Mensch die Fl\u00fcsse, baute Staud\u00e4mme und vergiftete zwischenzeitlich die Fl\u00fcsse durch Abw\u00e4sser, ehe er sauberes Wasser in seiner Umgebung wollte und strenge rechtliche Richtlinien beschloss und Kl\u00e4ranlagen vorschaltete. In dieser Zeit (als wir Gew\u00e4sser hatten, die stark mit Schwermetall versetzt waren) war der Fischotter bedroht und es musste davon ausgegangen werden, dass er \u00fcber kurz oder lang verschwindet. Denn dieser ist, was die Wasserqualit\u00e4t angeht empfindlich und wurde oftmals fortpflanzungsunf\u00e4hig. Daher konnte er sich nicht in Regionen mit einer Industrie halten, denn diese leitete alles in die betreffenden Gew\u00e4sser ein. Doch wie wir alle wissen, ist diese Zeit vorbei und der Fischotter erfreut sich seitdem bester Gesundheit. Es geht mittlerweile soweit, dass er in zahlreichen Gebieten so stark auftritt, dass die Biodiversit\u00e4t durch ihn gef\u00e4hrdet ist. So verschwinden nicht nur Fischarten, sondern da er ein Marder ist: V\u00f6gel, Amphibien, Insekten und seltene Muschelarten etc.. Seine Feinde sind laut B\u00fcchern: B\u00e4ren, W\u00f6lfe und Luchse. Aber mal ganz ehrlich, wo kommen besagte Arten den noch vor und in welcher Anzahl? Bzw. wenn sie vorkommen, ist der Fischotter nicht oben auf deren Nahrungsliste. Sein gr\u00f6\u00dfter Konkurrent, der f\u00fcr ihn ein Problem ist, ist das Kraftfahrzeug, welches den einen oder anderen erlegt. Aber die Anzahl an Ottern die durch den PKW erlegt werden, ist \u00fcberschaubar. Es ist eher der Hungertod (durch zu wenig Nahrung) welche dem Fischmarder besonders im Winter zusetzt, hier muss er oftmals in die Fl\u00fcsse ausweichen, da Wiesen und Teiche zugefroren sind und richtet dort erheblichen Schaden an.<\/p>\n\n\n\n<h2 class=\"wp-block-heading\" id=\"fischotterkartierungen-im-februar-2021\">Fischotterkartierungen im Februar 2021 <\/h2>\n\n\n\n<p class=\"wp-block-paragraph\">Gestartet wurde das Monitoring Anfang 2021. Die Fischotterkartierungen im Jahr 2021 dienen vorrangig der Feststellung des Fischotterbestandes im Land Ober\u00f6sterreich nach der Europ\u00e4ischen Standardmethode beziehungsweise der Kontrolle von Br\u00fcckenstandorten. Zus\u00e4tzlich sind DNA-Analysen von acht Flie\u00dfgew\u00e4ssern vorgesehen. Ziel der Fischotterkartierungen ist einen genauen \u00dcberblick \u00fcber den Fischotterbestand und die Verwandtschaftsverh\u00e4ltnisse der Tiere zu erhalten. <strong>Der nachfolgende Bericht ist eine Aufzeichnung unserer Kartierung im Fischereirevier Oberes Salzkammergut (FROSKG).<\/strong><\/p>\n\n\n\n<figure class=\"wp-block-image size-large\"><img loading=\"lazy\" decoding=\"async\" width=\"1024\" height=\"576\" src=\"https:\/\/huberpower.com\/wordpress\/wp-content\/uploads\/2021\/02\/image-47-1024x576.png\" alt=\"\" class=\"wp-image-15708\" srcset=\"https:\/\/huberpower.com\/wordpress\/wp-content\/uploads\/2021\/02\/image-47-1024x576.png 1024w, https:\/\/huberpower.com\/wordpress\/wp-content\/uploads\/2021\/02\/image-47-450x253.png 450w, https:\/\/huberpower.com\/wordpress\/wp-content\/uploads\/2021\/02\/image-47-1536x864.png 1536w, https:\/\/huberpower.com\/wordpress\/wp-content\/uploads\/2021\/02\/image-47-2048x1152.png 2048w\" sizes=\"auto, (max-width: 1024px) 100vw, 1024px\" \/><\/figure>\n\n\n\n<h2 class=\"wp-block-heading\" id=\"einfuhrung\">EINF\u00dcHRUNG<\/h2>\n\n\n\n<h3 class=\"wp-block-heading\" id=\"die-europaische-standardmethode\">Europ\u00e4ische Standardmethode<\/h3>\n\n\n\n<p class=\"wp-block-paragraph\">1977 entwickelten englische Fachleute eine sog. Stichproben-Methode, die von der IUCN\/SSC Otter Specialist Group 1984 empfohlen und im Jahr 2000 als Europ\u00e4ischer Standard ver\u00f6ffentlicht wurde. Eine fl\u00e4chendeckende Kontrolle aller Gew\u00e4sser ist in der Praxis nicht realisierbar. Daher werden sogenannte &#8222;Stichprobenorte&#8220; untersucht: Je vier der Stichprobenorte liegen in einem 10 x 10 km Quadrat (je 1 Kontrollpunkt \/ 5 x 5 km2). In Ober\u00f6sterreich kommt eine abgewandelte Form dieser Methode zum Einsatz, da diese zu besseren Ergebnissen f\u00fchrt. Hier werden mindestens 4 Br\u00fccken je 10 x 10 km Quadrat gepr\u00fcft. Diese Methode fand auch bei Fischotterkartierung im Jahre 2012 (Kranz &amp; Polednik 2013) Verwendung, wodurch eine Vergleichbarkeit der Ergebnisse gegeben ist. Da im Sommer deutlich weniger Nachweise gefunden werden, und im Fr\u00fchjahr h\u00e4ufig Hochwasser die Suche behindert, werden Verbreitungserhebungen vorrangig im Herbst\/Winter durchgef\u00fchrt. Die Stichprobennahme (der Losungen) wird dabei unter Br\u00fccken durchgef\u00fchrt. Unter Br\u00fccken, mit breiten, sandigen Uferstreifen, ist die Wahrscheinlichkeit Fischotterspuren zu finden, sehr viel h\u00f6her als an grasbewachsenen Rohrdurchl\u00e4ssen. Wird an einem Stichprobenort ein Nachweis des Otters gefunden, wird der Stichprobenort als \u201epositiv&#8220; bewertet. Werden unter der Br\u00fccke und in unmittelbarer N\u00e4he (100 m) keine Nachweise gefunden, so gilt der Stichprobenort als \u201enegativ&#8220;. Der Prozentsatz &#8222;positiver&#8220; Stichprobenorte, die in einem bestimmten Gebiet gefunden wurden, erlaubt eine Einsch\u00e4tzung der Verbreitung des Otters und erm\u00f6glicht einen Vergleich zwischen Regionen. Die standardisierte Methode erm\u00f6glicht die Erstellung digitaler Verbreitungskarten auf internationaler Ebene. Zudem lassen sich auch Fl\u00e4chen darstellen, auf denen nach der beschriebenen Methode gesucht wurde, sich aber keine Nachweise fanden <\/p>\n\n\n\n<h3 class=\"wp-block-heading\" id=\"was-gilt-als-nachweis\">Was gilt als Nachweis?<\/h3>\n\n\n\n<p class=\"wp-block-paragraph\">Als Nachweis des Vorkommens von Fischottern k\u00f6nnen f\u00fcr diese Kartierung nur Trittsiegel und\/oder der Kot gelten. Beide Hinterlassenschaften sind dem Otter eindeutig zuzuordnen, sofern sie deutlich ausgepr\u00e4gt und noch nicht zu sehr verwittert sind. Fischotter hinterlassen h\u00e4ufig Spuren, die ihnen nicht eindeutig zugeordnet werden k\u00f6nnen. Diese nicht eindeutig identifizierbaren Spuren k\u00f6nnen W\u00e4lzpl\u00e4tze und Fra\u00df Reste sein. Selbstverst\u00e4ndlich sind auch Tot- und Lebendfunde (zum Beispiel Findelkinder) Nachweise, die mit den entsprechenden Daten aufgenommen werden. Sichtbeobachtungen sollten durch Fotos belegt sein, da die Verwechselungsm\u00f6glichkeiten mit Nutria, Bisam, Biber und Nerz mitunter recht gro\u00df sind. Im Jahre 2012 (Kranz &amp; Polednik 2013) fand bereits eine ober\u00f6sterreichweite Kartierung von 521 Br\u00fcckenstandorten statt. Die Ergebnisse sind in nachfolgender Abbildung nach Flusseinzugsgebiet abgebildet dargestellt.<\/p>\n\n\n\n<figure class=\"wp-block-image size-large\"><img loading=\"lazy\" decoding=\"async\" width=\"975\" height=\"840\" src=\"https:\/\/huberpower.com\/wordpress\/wp-content\/uploads\/2021\/02\/image-29.png\" alt=\"\" class=\"wp-image-15666\" srcset=\"https:\/\/huberpower.com\/wordpress\/wp-content\/uploads\/2021\/02\/image-29.png 975w, https:\/\/huberpower.com\/wordpress\/wp-content\/uploads\/2021\/02\/image-29-371x320.png 371w\" sizes=\"auto, (max-width: 975px) 100vw, 975px\" \/><figcaption>Nachweisdichten in den Gew\u00e4ssereinzugsgebieten im Jahre 2012 (Kranz &amp; Polednik 2013).<\/figcaption><\/figure>\n\n\n\n<p class=\"wp-block-paragraph\">Um eine Absch\u00e4tzung \u00fcber den gegenw\u00e4rtigen Fischotterbestand zu erhalten und Managementma\u00dfnahmen setzen zu k\u00f6nnen, sollen diese 521 Br\u00fcckenstandorte plus einige weitere kontrolliert werden. Daf\u00fcr wurden an allen ober\u00f6sterreichischen Gew\u00e4sser Kartierungseinheiten gegliedert. Wir im FROSKG haben folgende Beobachtungspunkte dabei, die wir von der \u00dcberpr\u00fcfung her auf drei &#8222;Spurensucher&#8220; aufgeteilt haben. <\/p>\n\n\n\n<h2 class=\"wp-block-heading\" id=\"kartierung-im-froskg\">Kartierung im FROSKG<\/h2>\n\n\n\n<p class=\"wp-block-paragraph\"><strong>Warum nur vier?<\/strong> Der Formalismus ist recht aufwendig und je mehr Leute darauf eingeschult werden m\u00fcssen, umso mehr Zeit verlieren wir bei der Kartierung. Daher haben wir uns die Kontrollpunkte im FROSKG auf 4 Personen aufgeteilt.<\/p>\n\n\n\n<figure class=\"wp-block-image size-large\"><img loading=\"lazy\" decoding=\"async\" width=\"949\" height=\"1024\" src=\"https:\/\/huberpower.com\/wordpress\/wp-content\/uploads\/2021\/02\/image-39-949x1024.png\" alt=\"\" class=\"wp-image-15694\" srcset=\"https:\/\/huberpower.com\/wordpress\/wp-content\/uploads\/2021\/02\/image-39-949x1024.png 949w, https:\/\/huberpower.com\/wordpress\/wp-content\/uploads\/2021\/02\/image-39-297x320.png 297w, https:\/\/huberpower.com\/wordpress\/wp-content\/uploads\/2021\/02\/image-39.png 1338w\" sizes=\"auto, (max-width: 949px) 100vw, 949px\" \/><figcaption>Es werden die Otter Kartierung im FROSKG, wie auf der Grafik ersichtlich aufgeteilt und durchgef\u00fchrt. <\/figcaption><\/figure>\n\n\n\n<h2 class=\"wp-block-heading\" id=\"identifikation-von-fischotternachweisen\">IDENTIFIKATION von FISCHOTTERNACHWEISEN:<\/h2>\n\n\n\n<h3 class=\"wp-block-heading\" id=\"identifikation-von-fischotternachweisen\"><br \/>Losungen<\/h3>\n\n\n\n<p class=\"wp-block-paragraph\">Die Losung (Exkremente, Kot) des Fischotters ist der sicherste und am leichtesten zu f\u00fchrende Nachweis des Fischotters. Es handelt sich dabei in der Regel um recht formlose, rund fingernagelgro\u00dfe bis mehrere Zentimeter lange H\u00e4ufchen, welche meist mit Nahrungsresten (Schuppen, Gr\u00e4ten, Wirbeln, Amphibienknochen und Krebsschalen) durchsetzt sind.<\/p>\n\n\n\n<figure class=\"wp-block-image size-large\"><img loading=\"lazy\" decoding=\"async\" width=\"929\" height=\"304\" src=\"https:\/\/huberpower.com\/wordpress\/wp-content\/uploads\/2021\/02\/image-30.png\" alt=\"\" class=\"wp-image-15673\" srcset=\"https:\/\/huberpower.com\/wordpress\/wp-content\/uploads\/2021\/02\/image-30.png 929w, https:\/\/huberpower.com\/wordpress\/wp-content\/uploads\/2021\/02\/image-30-450x147.png 450w\" sizes=\"auto, (max-width: 929px) 100vw, 929px\" \/><figcaption>Kot (Quelle: Kranz &amp; Polednik 2013)<\/figcaption><\/figure>\n\n\n\n<figure class=\"wp-block-image size-large\"><img loading=\"lazy\" decoding=\"async\" width=\"838\" height=\"610\" src=\"https:\/\/huberpower.com\/wordpress\/wp-content\/uploads\/2021\/02\/image-31.png\" alt=\"\" class=\"wp-image-15676\" srcset=\"https:\/\/huberpower.com\/wordpress\/wp-content\/uploads\/2021\/02\/image-31.png 838w, https:\/\/huberpower.com\/wordpress\/wp-content\/uploads\/2021\/02\/image-31-440x320.png 440w, https:\/\/huberpower.com\/wordpress\/wp-content\/uploads\/2021\/02\/image-31-260x190.png 260w\" sizes=\"auto, (max-width: 838px) 100vw, 838px\" \/><figcaption>Sehr deutlich sind im Otter Kot die \u00dcberreste seiner Beute (z.B. Fischschuppen oder Gr\u00e4ten) erkennbar. (Quelle: otterspotter.de)<\/figcaption><\/figure>\n\n\n\n<figure class=\"wp-block-image size-large\"><img loading=\"lazy\" decoding=\"async\" width=\"1024\" height=\"748\" src=\"https:\/\/huberpower.com\/wordpress\/wp-content\/uploads\/2021\/02\/image-32-1024x748.png\" alt=\"\" class=\"wp-image-15679\" srcset=\"https:\/\/huberpower.com\/wordpress\/wp-content\/uploads\/2021\/02\/image-32-1024x748.png 1024w, https:\/\/huberpower.com\/wordpress\/wp-content\/uploads\/2021\/02\/image-32-438x320.png 438w, https:\/\/huberpower.com\/wordpress\/wp-content\/uploads\/2021\/02\/image-32-260x190.png 260w, https:\/\/huberpower.com\/wordpress\/wp-content\/uploads\/2021\/02\/image-32.png 1087w\" sizes=\"auto, (max-width: 1024px) 100vw, 1024px\" \/><figcaption>Weiters werden durch den Otter auch Fischotteranalsekrete, sogenanntes Jelly, abgeben. Dieses Jelly gilt ebenfalls als Nachweis. (Quelle: otterspotter.de)<\/figcaption><\/figure>\n\n\n\n<h3 class=\"wp-block-heading\" id=\"trittsiegel\">Trittsiegel<\/h3>\n\n\n\n<p class=\"wp-block-paragraph\">Auch Trittsiegel gelten als Nachweis, sind jedoch teils schwer identifizierbar und verwechselbar. Selbst auf optimalem Untergrund ist nur bei rund einem Drittel aller Trittsiegel der Fu\u00dfabdruck vollst\u00e4ndig. Dar\u00fcber hinaus sind diese auch noch leicht verg\u00e4nglich.<\/p>\n\n\n\n<figure class=\"wp-block-image size-large\"><img loading=\"lazy\" decoding=\"async\" width=\"1024\" height=\"431\" src=\"https:\/\/huberpower.com\/wordpress\/wp-content\/uploads\/2021\/02\/image-33-1024x431.png\" alt=\"\" class=\"wp-image-15684\" srcset=\"https:\/\/huberpower.com\/wordpress\/wp-content\/uploads\/2021\/02\/image-33-1024x431.png 1024w, https:\/\/huberpower.com\/wordpress\/wp-content\/uploads\/2021\/02\/image-33-450x189.png 450w, https:\/\/huberpower.com\/wordpress\/wp-content\/uploads\/2021\/02\/image-33.png 1117w\" sizes=\"auto, (max-width: 1024px) 100vw, 1024px\" \/><figcaption>Trittsiegel des Fischotters mit Gr\u00f6\u00dfenangabe und Bild (otterspotter.de), rechts, Hinterlauftrittsiegel (aus Reuther et. al. 2000)<\/figcaption><\/figure>\n\n\n\n<figure class=\"wp-block-image size-large\"><img loading=\"lazy\" decoding=\"async\" width=\"1024\" height=\"408\" src=\"https:\/\/huberpower.com\/wordpress\/wp-content\/uploads\/2021\/02\/image-34-1024x408.png\" alt=\"\" class=\"wp-image-15686\" srcset=\"https:\/\/huberpower.com\/wordpress\/wp-content\/uploads\/2021\/02\/image-34-1024x408.png 1024w, https:\/\/huberpower.com\/wordpress\/wp-content\/uploads\/2021\/02\/image-34-450x179.png 450w, https:\/\/huberpower.com\/wordpress\/wp-content\/uploads\/2021\/02\/image-34.png 1069w\" sizes=\"auto, (max-width: 1024px) 100vw, 1024px\" \/><figcaption>Vergleich zwischen Fuchs \u2013 Hund \u2013 Fischottertrittsiegeln (otterspotter.de)<\/figcaption><\/figure>\n\n\n\n<h3 class=\"wp-block-heading\" id=\"sonstige-spuren\">Sonstige Spuren <\/h3>\n\n\n\n<p class=\"wp-block-paragraph\">(Fra\u00df Pl\u00e4tze, H\u00f6hlen, Ein- und Ausstiege, Schwimmspuren)<\/p>\n\n\n\n<p class=\"wp-block-paragraph\">Ansammlungen von Fischschuppen k\u00f6nnen viele Ursachen haben: Greifv\u00f6gel, Mink oder auch Bisam fressen an Fischkadavern. Sauber skelettierte Fische weisen eher auf Rattenfra\u00df hin, welcher nicht eindeutig einem Pr\u00e4dator zuzuordnen sind. Bei vom Otter angefressenen Fischen bleibt nur selten etwas vom Skelett \u00fcbrig. Bei gr\u00f6\u00dferen Fischen, k\u00f6nnen Fischotter als typisches Fra\u00df Bild Ausbisse im Kehlbereich verursachen.<\/p>\n\n\n\n<figure class=\"wp-block-image size-large\"><img loading=\"lazy\" decoding=\"async\" width=\"1024\" height=\"616\" src=\"https:\/\/huberpower.com\/wordpress\/wp-content\/uploads\/2021\/02\/image-40-1024x616.png\" alt=\"\" class=\"wp-image-15696\" srcset=\"https:\/\/huberpower.com\/wordpress\/wp-content\/uploads\/2021\/02\/image-40-1024x616.png 1024w, https:\/\/huberpower.com\/wordpress\/wp-content\/uploads\/2021\/02\/image-40-450x271.png 450w, https:\/\/huberpower.com\/wordpress\/wp-content\/uploads\/2021\/02\/image-40-1536x925.png 1536w, https:\/\/huberpower.com\/wordpress\/wp-content\/uploads\/2021\/02\/image-40.png 1608w\" sizes=\"auto, (max-width: 1024px) 100vw, 1024px\" \/><figcaption>Laichreifer Bachforellen Rogner aus der die Eier herausquellen. (Quelle: ww.whuberpower.com, Weissenbach Tal)<\/figcaption><\/figure>\n\n\n\n<figure class=\"wp-block-image size-large\"><img loading=\"lazy\" decoding=\"async\" width=\"933\" height=\"852\" src=\"https:\/\/huberpower.com\/wordpress\/wp-content\/uploads\/2021\/02\/image-42.png\" alt=\"\" class=\"wp-image-15700\" srcset=\"https:\/\/huberpower.com\/wordpress\/wp-content\/uploads\/2021\/02\/image-42.png 933w, https:\/\/huberpower.com\/wordpress\/wp-content\/uploads\/2021\/02\/image-42-350x320.png 350w\" sizes=\"auto, (max-width: 933px) 100vw, 933px\" \/><figcaption>Vom Otter aufgerissene Regenbogenforelle. (Quelle: Peter, Goiserer Traun)<\/figcaption><\/figure>\n\n\n\n<figure class=\"wp-block-image size-large\"><img loading=\"lazy\" decoding=\"async\" width=\"1024\" height=\"366\" src=\"https:\/\/huberpower.com\/wordpress\/wp-content\/uploads\/2021\/02\/image-44-1024x366.png\" alt=\"\" class=\"wp-image-15704\" srcset=\"https:\/\/huberpower.com\/wordpress\/wp-content\/uploads\/2021\/02\/image-44-1024x366.png 1024w, https:\/\/huberpower.com\/wordpress\/wp-content\/uploads\/2021\/02\/image-44-450x161.png 450w, https:\/\/huberpower.com\/wordpress\/wp-content\/uploads\/2021\/02\/image-44.png 1490w\" sizes=\"auto, (max-width: 1024px) 100vw, 1024px\" \/><figcaption>Zwar nicht ganz erwischt, jedoch zum Sterben verurteilt &#8230;.. (Quelle: Peter, Goiserer Traun)<\/figcaption><\/figure>\n\n\n\n<figure class=\"wp-block-image size-large is-resized\"><img loading=\"lazy\" decoding=\"async\" src=\"https:\/\/huberpower.com\/wordpress\/wp-content\/uploads\/2021\/02\/image-45.png\" alt=\"\" class=\"wp-image-15706\" width=\"836\" height=\"647\" srcset=\"https:\/\/huberpower.com\/wordpress\/wp-content\/uploads\/2021\/02\/image-45.png 611w, https:\/\/huberpower.com\/wordpress\/wp-content\/uploads\/2021\/02\/image-45-413x320.png 413w\" sizes=\"auto, (max-width: 836px) 100vw, 836px\" \/><figcaption>Perlfisch Kadaver beim Fischaufstieg beim Schenner Polster. (Quelle: G\u00fcnther, Ischl) <\/figcaption><\/figure>\n\n\n\n<figure class=\"wp-block-image size-large\"><img loading=\"lazy\" decoding=\"async\" width=\"1024\" height=\"534\" src=\"https:\/\/huberpower.com\/wordpress\/wp-content\/uploads\/2021\/02\/image-46-1024x534.png\" alt=\"\" class=\"wp-image-15707\" srcset=\"https:\/\/huberpower.com\/wordpress\/wp-content\/uploads\/2021\/02\/image-46-1024x534.png 1024w, https:\/\/huberpower.com\/wordpress\/wp-content\/uploads\/2021\/02\/image-46-450x235.png 450w, https:\/\/huberpower.com\/wordpress\/wp-content\/uploads\/2021\/02\/image-46-1536x800.png 1536w, https:\/\/huberpower.com\/wordpress\/wp-content\/uploads\/2021\/02\/image-46-2048x1067.png 2048w\" sizes=\"auto, (max-width: 1024px) 100vw, 1024px\" \/><\/figure>\n\n\n\n<figure class=\"wp-block-image size-large\"><img loading=\"lazy\" decoding=\"async\" width=\"945\" height=\"816\" src=\"https:\/\/huberpower.com\/wordpress\/wp-content\/uploads\/2021\/02\/image-43.png\" alt=\"\" class=\"wp-image-15702\" srcset=\"https:\/\/huberpower.com\/wordpress\/wp-content\/uploads\/2021\/02\/image-43.png 945w, https:\/\/huberpower.com\/wordpress\/wp-content\/uploads\/2021\/02\/image-43-371x320.png 371w\" sizes=\"auto, (max-width: 945px) 100vw, 945px\" \/><figcaption>Vom Otter attakierte \u00c4sche! Jetzt gehts ans Familiensilber. (Quelle: Peter, Goiserer Traun)<\/figcaption><\/figure>\n\n\n\n<figure class=\"wp-block-image size-large\"><img loading=\"lazy\" decoding=\"async\" width=\"1024\" height=\"664\" src=\"https:\/\/huberpower.com\/wordpress\/wp-content\/uploads\/2021\/02\/image-41-1024x664.png\" alt=\"\" class=\"wp-image-15698\" srcset=\"https:\/\/huberpower.com\/wordpress\/wp-content\/uploads\/2021\/02\/image-41-1024x664.png 1024w, https:\/\/huberpower.com\/wordpress\/wp-content\/uploads\/2021\/02\/image-41-450x292.png 450w, https:\/\/huberpower.com\/wordpress\/wp-content\/uploads\/2021\/02\/image-41-1536x996.png 1536w, https:\/\/huberpower.com\/wordpress\/wp-content\/uploads\/2021\/02\/image-41.png 1596w\" sizes=\"auto, (max-width: 1024px) 100vw, 1024px\" \/><figcaption>In der Zwischenzeit haben wir einige Wild Kameras aufgeh\u00e4ngt, die laufend Otter<br \/>Sichtungen Meldungen &#8230;..  (Quelle: Manfred, Revier Ischl)<\/figcaption><\/figure>\n\n\n\n<p class=\"wp-block-paragraph\">Auch bei angefressenen Fr\u00f6schen und Schlangen ist nur schwer einsch\u00e4tzbar von welchem Tier diese erbeutet wurden. Fischotter entfernen beim Fressen von Kr\u00f6ten regelm\u00e4\u00dfig die Kr\u00f6tenhaut, die am Fra\u00df Platz als H\u00fclle liegen bleibt.<\/p>\n\n\n\n<figure class=\"wp-block-image size-large\"><img loading=\"lazy\" decoding=\"async\" width=\"813\" height=\"745\" src=\"https:\/\/huberpower.com\/wordpress\/wp-content\/uploads\/2021\/02\/image-35.png\" alt=\"\" class=\"wp-image-15687\" srcset=\"https:\/\/huberpower.com\/wordpress\/wp-content\/uploads\/2021\/02\/image-35.png 813w, https:\/\/huberpower.com\/wordpress\/wp-content\/uploads\/2021\/02\/image-35-349x320.png 349w\" sizes=\"auto, (max-width: 813px) 100vw, 813px\" \/><figcaption>H\u00f6hlen in der Uferb\u00f6schung sind nur ein Nachweis falls dort Trittsiegel (oder auch Kot) gefunden werden. (otterspotter.de)<\/figcaption><\/figure>\n\n\n\n<h2 class=\"wp-block-heading\" id=\"erfassungsbogen-anleitung\">Erfassungsbogen &#8211; Anleitung:<\/h2>\n\n\n\n<p class=\"wp-block-paragraph\">F\u00fcr eine erfolgreiche und ordnungsgem\u00e4\u00dfe Kartierung sind jedenfalls folgende Utensilien notwendig:<br \/>\uf0b7 <strong>Felderhebungsbogen<br \/>\uf0b7 Br\u00fccken-Lageplan in Ma\u00dfstab 1:25.000 (wird postalisch gemeinsam mit den Felderhebungsb\u00f6gen \u00fcbermittelt)<br \/>\uf0b7 Ma\u00dfband<br \/>\uf0b7 Kamera (oder Handy mit guter Kamera)<br \/>\uf0b7 Gummistiefel oder Wathose<\/strong><\/p>\n\n\n\n<figure class=\"wp-block-image size-large is-resized\"><img loading=\"lazy\" decoding=\"async\" src=\"https:\/\/huberpower.com\/wordpress\/wp-content\/uploads\/2021\/02\/image-50.png\" alt=\"\" class=\"wp-image-15720\" width=\"827\" height=\"787\" srcset=\"https:\/\/huberpower.com\/wordpress\/wp-content\/uploads\/2021\/02\/image-50.png 709w, https:\/\/huberpower.com\/wordpress\/wp-content\/uploads\/2021\/02\/image-50-336x320.png 336w\" sizes=\"auto, (max-width: 827px) 100vw, 827px\" \/><figcaption>Ausr\u00fcstung f\u00fcr den &#8222;F\u00e4hrtenleser&#8220;<strong> <\/strong>(Foto: \u00a9 by DI Karl Fehrer)<\/figcaption><\/figure>\n\n\n\n<p class=\"wp-block-paragraph\"><strong>Die Felderhebungsb\u00f6gen sind vollst\u00e4ndig und prinzipiell mit Bleistift leserlich auszuf\u00fcllen.<\/strong><br \/>Generell ist jeder Br\u00fccken-Standort mit mind. einem Foto zu dokumentieren! Die Fotos sind mit der Ref.Nr. (Br\u00fccke) abzuspeichern (z.B. Punkt 4 = 4_IMG_20323424) oder auszudrucken. Die Fotonummer ist auf dem Felderhebungsbogen einzutragen.<\/p>\n\n\n\n<h3 class=\"wp-block-heading\">Felderhebungsbogen<\/h3>\n\n\n\n<p class=\"wp-block-paragraph\">In den Felderhebungsbogen ist der Name des Kartierers einzutragen. Der Nachname ist zur besseren Lesbarkeit in BLOCKBUCHSTABEN auszuf\u00fcllen. F\u00fcr die jeweiligen Kartierungseinheiten werden f\u00fcr die Kartierer \u00dcbersichtskarten und Detailpl\u00e4ne im Ma\u00dfstab 1:25.000 mit Koordinaten zur Verf\u00fcgung gestellt. Dieser Detailplan ist mit der Br\u00fcckennummer und der Kartierungseinheit beschriftet und sollte im Anschluss an die Kartierung an den Erhebungsbogen angeheftet werden. In das Feld \u201eRef.Nr. (Br\u00fccke)\u201c ist die Br\u00fcckennummer einzutragen. Koordinaten k\u00f6nnen vom Detailplan \u00fcbernommen werden, der Gew\u00e4ssername ebenfalls. Die Gew\u00e4sserbreite ist im Kartierungs Bogen in einer von drei Kategorien einzutragen, n\u00e4mlich unter 5 m Breite, 5 \u2013 15 m Breite und \u00fcber 15 m Breite. Die Breite kann gesch\u00e4tzt werden, zum Beispiel durch Abschreiten der Br\u00fccke. Das Messen aus dem Luftbild w\u00e4re vorzuziehen. Bei der Wasserf\u00fchrung ist der zum Zeitpunkt der Kartierung vorherrschende Wasserstand einzutragen. Wenn vorhanden, ist ein Pegel in der N\u00e4he heranzuziehen. Dieser ist unter hydro.ooe.gv.at abrufbar. Im Falle eines Hochwasserereignisses ist die Kartierung einzutragen und kann abgebrochen und an einem anderen Tag nachgeholt werden. <\/p>\n\n\n\n<p class=\"wp-block-paragraph\">Unter Verbauungsgrad Uferlinie ist der Auspr\u00e4gung der Strecke (nicht der Br\u00fccke!) in einem Umkreis von ca. 200 m anzugeben. Dabei ist zwischen nat\u00fcrlich bis naturnah mit Uferbewuchs, gesichert (mit Wasserbausteinen, lichten Blockwurf etc.) und stark verbaut (begradigt und gesichert) zu unterscheiden. Unter Typnummer Umland ist einzutragen ob es sich um eine Ortsstrecke, also im verbauten Gebieten bzw. Siedlungsgebiet oder eine Freilandstrecke handelt. Als \u00dcbergangsstrecken sind Gew\u00e4sserabschnitte einzutragen, wenn diese nicht eindeutig zuordenbar sind, bzw. mehr oder weniger stark verbaut sind (Ausleitungsstrecken von Kraftwerken, begradigte Strecken etc.).<\/p>\n\n\n\n<h3 class=\"wp-block-heading\" id=\"erhebungsbogen\">Erhebungsbogen<\/h3>\n\n\n\n<figure class=\"wp-block-image size-large\"><img loading=\"lazy\" decoding=\"async\" width=\"753\" height=\"1024\" src=\"https:\/\/huberpower.com\/wordpress\/wp-content\/uploads\/2021\/02\/image-36-753x1024.png\" alt=\"\" class=\"wp-image-15688\" srcset=\"https:\/\/huberpower.com\/wordpress\/wp-content\/uploads\/2021\/02\/image-36-753x1024.png 753w, https:\/\/huberpower.com\/wordpress\/wp-content\/uploads\/2021\/02\/image-36-235x320.png 235w, https:\/\/huberpower.com\/wordpress\/wp-content\/uploads\/2021\/02\/image-36.png 1113w\" sizes=\"auto, (max-width: 753px) 100vw, 753px\" \/><figcaption>Ausf\u00fcllhilfe: siehe R\u00fcckseite<\/figcaption><\/figure>\n\n\n\n<figure class=\"wp-block-image size-large\"><img loading=\"lazy\" decoding=\"async\" width=\"684\" height=\"1024\" src=\"https:\/\/huberpower.com\/wordpress\/wp-content\/uploads\/2021\/02\/image-37-684x1024.png\" alt=\"\" class=\"wp-image-15689\" srcset=\"https:\/\/huberpower.com\/wordpress\/wp-content\/uploads\/2021\/02\/image-37-684x1024.png 684w, https:\/\/huberpower.com\/wordpress\/wp-content\/uploads\/2021\/02\/image-37-214x320.png 214w, https:\/\/huberpower.com\/wordpress\/wp-content\/uploads\/2021\/02\/image-37-1025x1536.png 1025w, https:\/\/huberpower.com\/wordpress\/wp-content\/uploads\/2021\/02\/image-37.png 1147w\" sizes=\"auto, (max-width: 684px) 100vw, 684px\" \/><\/figure>\n\n\n\n<h2 class=\"wp-block-heading\" id=\"dienstag-08-februar-2022-vorstellung-der-ergebnisse\">Dienstag, 08. Februar 2022 &#8211; Vorstellung der Ergebnisse<\/h2>\n\n\n\n<figure class=\"wp-block-image size-full\"><img loading=\"lazy\" decoding=\"async\" width=\"765\" height=\"918\" src=\"https:\/\/huberpower.com\/wordpress\/wp-content\/uploads\/2022\/02\/image-32.png\" alt=\"\" class=\"wp-image-19111\" srcset=\"https:\/\/huberpower.com\/wordpress\/wp-content\/uploads\/2022\/02\/image-32.png 765w, https:\/\/huberpower.com\/wordpress\/wp-content\/uploads\/2022\/02\/image-32-267x320.png 267w\" sizes=\"auto, (max-width: 765px) 100vw, 765px\" \/><\/figure>\n\n\n\n<figure class=\"wp-block-image size-full is-resized\"><img loading=\"lazy\" decoding=\"async\" src=\"https:\/\/huberpower.com\/wordpress\/wp-content\/uploads\/2022\/02\/image-31.png\" alt=\"\" class=\"wp-image-19110\" width=\"838\" height=\"366\" srcset=\"https:\/\/huberpower.com\/wordpress\/wp-content\/uploads\/2022\/02\/image-31.png 702w, https:\/\/huberpower.com\/wordpress\/wp-content\/uploads\/2022\/02\/image-31-450x197.png 450w\" sizes=\"auto, (max-width: 838px) 100vw, 838px\" \/><\/figure>\n\n\n\n<figure class=\"wp-block-image size-large\"><img loading=\"lazy\" decoding=\"async\" width=\"1024\" height=\"767\" src=\"https:\/\/huberpower.com\/wordpress\/wp-content\/uploads\/2022\/02\/image-38-1024x767.png\" alt=\"\" class=\"wp-image-19134\" srcset=\"https:\/\/huberpower.com\/wordpress\/wp-content\/uploads\/2022\/02\/image-38-1024x767.png 1024w, https:\/\/huberpower.com\/wordpress\/wp-content\/uploads\/2022\/02\/image-38-427x320.png 427w, https:\/\/huberpower.com\/wordpress\/wp-content\/uploads\/2022\/02\/image-38.png 1275w\" sizes=\"auto, (max-width: 1024px) 100vw, 1024px\" \/><figcaption>Der Otter ist in der Nacht unterwegs. Viele Wild Kamera Aufnahmen dokumentieren den &#8222;sehr guten Erhaltungszustand&#8220; an unseren &#8222;alpinen Gew\u00e4ssern&#8220; im Salzkammergut. <\/figcaption><\/figure>\n\n\n\n<p class=\"wp-block-paragraph\">Der Fischotter ist f\u00fcr den einen sch\u00fctzenswerter und liebenswerter Flussbewohner, f\u00fcr die anderen ein r\u00e4uberischer und gieriger Schlinghals, den es zu regulieren gilt. Die Wahrheit liegt wie bei jedem strittigen Thema irgendwo in der Mitte und schl\u00e4gt abh\u00e4ngig vom jeweiligen Standpunkt (und Standort) in die eine oder andere Richtung des Pendels aus. F\u00fcr das Land Ober\u00f6sterreich und seine neue Agrar-Landesr\u00e4tin Michaela Langer-Weninger z\u00e4hlt jedoch der rein objektive Sachverhalt. In diesem Sinne hat das Land beim Biologie-Institut der Naturwissenschaftlichen Fakult\u00e4t der Karl-Franzens-Universit\u00e4t Graz eine Studie zur Populationsgr\u00f6\u00dfe des Fischotters an den heimischen Flie\u00dfgew\u00e4ssern in Auftrag gegeben.<br \/><br \/>Unter der Leitung von Dr. Steven Weiss wurde untersucht wie der Erhaltungszustand und damit ein etwaiger erforderlicher Schutzstatus des Fischotters in Ober\u00f6sterreich zu beurteilen ist. Das Ergebnis ist ein erfreuliches: Die Liste der gef\u00e4hrdeten Tierrassen im Land ob der Enns kann um einen Namen gek\u00fcrzt werden. Der Erhaltungszustand der schwimmenden Marderart wird von den Experten als \u201eg\u00fcnstig\u201c eingestuft. \u201eDas Fischotter-Monitoring hat belegt, was vielen aus eigener Wahrnehmung bereits klar war: <\/p>\n\n\n\n<p class=\"wp-block-paragraph\"><strong><mark style=\"background-color:rgba(0, 0, 0, 0)\" class=\"has-inline-color has-luminous-vivid-orange-color\">Der Fischotter ist l\u00e4ngst wieder fl\u00e4chendeckend und in angemessener Zahl in Ober\u00f6sterreich zuhause. <\/mark><\/strong><br \/><\/p>\n\n\n\n<h2 class=\"wp-block-heading\" id=\"oo-fischotter-monitoring-details-zur-studie\">O\u00d6 Fischotter-Monitoring: Details zur Studie<\/h2>\n\n\n\n<p class=\"wp-block-paragraph\">Ein fast 70-seitiger Abschlussbericht ist das Ergebnis der umfassenden Studie zum Fischotter-Bestand in Ober\u00f6sterreich. Die \u201eStudie zur Populationsgr\u00f6\u00dfe des Fischotters an den Flie\u00dfgew\u00e4ssern Ober\u00f6sterreichs\u201c<br \/>\u2013 so der offizielle Titel \u2013 wurde von Dr. Tamara Schenekar unter Leitung von Professor Dr. Steven Weiss im Auftrag des Landes Ober\u00f6sterreich durchgef\u00fchrt. \u201eZiel des Projekts war es die aktuelle Verbreitung des Fischotters in Ober\u00f6sterreich zu erheben, als auch die Gr\u00f6\u00dfe der Gesamtpopulation des Eurasischen Fischotters an den Flie\u00dfgew\u00e4ssern zu sch\u00e4tzen. Des Weiteren sollte auch der Beitrag des Bundeslandes Ober\u00f6sterreichs zum guten Erhaltungszustand des Fischotters in der alpinen sowie der kontinentalen biogeografischen Region \u00d6sterreichs evaluiert werden\u201c, erl\u00e4utert Dr. Weiss. Die praktische Komponente der Studie war das Projekt \u201eFischotter Monitoring\u201c. Hierzu wurden Fischotter-Losungen unter Br\u00fccken gesammelt und genetisch analysiert. Insgesamt 524 Monitoring Br\u00fccken, fl\u00e4chendeckend \u00fcber Ober\u00f6sterreich verteilt, wurden begangen. Bei der Auswahl der Monitoring Br\u00fccken wurde neben der Eignung der Br\u00fccken zur Losungsabgabe auch auf eine Verteilung von vier Monitoring Br\u00fccken je 10x10km Rasterquadrat geachtet (siehe Abbildung 1).<\/p>\n\n\n\n<figure class=\"wp-block-image size-full\"><img loading=\"lazy\" decoding=\"async\" width=\"1008\" height=\"693\" src=\"https:\/\/huberpower.com\/wordpress\/wp-content\/uploads\/2022\/02\/image-33.png\" alt=\"\" class=\"wp-image-19112\" srcset=\"https:\/\/huberpower.com\/wordpress\/wp-content\/uploads\/2022\/02\/image-33.png 1008w, https:\/\/huberpower.com\/wordpress\/wp-content\/uploads\/2022\/02\/image-33-450x309.png 450w\" sizes=\"auto, (max-width: 1008px) 100vw, 1008px\" \/><figcaption>Abbildung 1: Verteilung der 524 Monitoring Br\u00fccken \u00fcber das Bundesland Ober\u00f6sterreich.<br \/>\u00a9 Karl-Franzens Universit\u00e4t Graz; Schenekar, T., Weiss, S. (2021<\/figcaption><\/figure>\n\n\n\n<p class=\"wp-block-paragraph\"><strong><mark style=\"background-color:rgba(0, 0, 0, 0)\" class=\"has-inline-color has-luminous-vivid-orange-color\">Anhand der erhobenen Daten kann man sagen, dass der Fischotter grunds\u00e4tzlich in ganz Ober\u00f6sterreich verbreitet ist. An 77 Prozent aller \u00fcberwachten Br\u00fccken konnte ein positiver Nachweis f\u00fcr das Vorkommen festgestellt werden\u201c, berichtet Biologe Weiss vom erfreulichen Ergebnis des Fischotter-Monitorings.<\/mark><\/strong> <\/p>\n\n\n\n<figure class=\"wp-block-image size-large\"><img loading=\"lazy\" decoding=\"async\" width=\"1024\" height=\"754\" src=\"https:\/\/huberpower.com\/wordpress\/wp-content\/uploads\/2022\/02\/image-37-1024x754.png\" alt=\"\" class=\"wp-image-19132\" srcset=\"https:\/\/huberpower.com\/wordpress\/wp-content\/uploads\/2022\/02\/image-37-1024x754.png 1024w, https:\/\/huberpower.com\/wordpress\/wp-content\/uploads\/2022\/02\/image-37-435x320.png 435w, https:\/\/huberpower.com\/wordpress\/wp-content\/uploads\/2022\/02\/image-37-260x190.png 260w, https:\/\/huberpower.com\/wordpress\/wp-content\/uploads\/2022\/02\/image-37.png 1281w\" sizes=\"auto, (max-width: 1024px) 100vw, 1024px\" \/><figcaption>Ein Otter Paar bei der Seeklause am Auslauf vom Hallst\u00e4ttersee in die Goiserer Traun. Gerade in diesen Bereich, wo wir noch \u00c4schen Best\u00e4nde, werden diese massiv durch eine \u00dcberpopulation von Otter gesch\u00e4digt. <\/figcaption><\/figure>\n\n\n\n<p class=\"wp-block-paragraph\">Den niedrigsten Anteil an Fischotter-positiven Br\u00fccken weist das Einzugsgebiet der Traun zwischen den St\u00e4dten Steyr, Wels, Grieskirchen und Linz auf. Den h\u00f6chsten Anteil an \u201eFischotter-positiven\u201c Br\u00fccken hingegen hat das Einzugsgebiet der linken Donauzubringer (M\u00fchlviertel) vorzuweisen. Diese Region wird auch als eines von zwei R\u00fcckzugsgebieten gehandelt, in dem der Fischotter nachdem er im 20. Jahrhundert beinahe in \u00d6sterreich ausgestorben war, \u00fcberlebt hat. \u201eDie Reliktpopulation im M\u00fchl &#8211; und Waldviertel, d\u00fcrfte eine der beiden Quellpopulationen f\u00fcr die Wiederausbreitung des Fischotters in \u00d6sterreich gewesen sein. Auch in Ober\u00f6sterreich ist von dort ausgehend eine klare Wiederansiedelung auf der gesamten Bundeslandfl\u00e4che beobachtbar\u201c, so der Experte. W\u00e4hrend der Fischotter 1990 noch in die Rote Liste der in \u00d6sterreich gef\u00e4hrdeten S\u00e4ugetierarten aufgenommen werden musste und 1992 mit der Fauna-Flora-Habitat-Richtlinie (FFH) europaweit unter Schutz gestellt wurde, hat sich in den vergangenen 20 Jahren hierzulande eine rasche Verbesserung vollzogen. W\u00e4hrend 2001 der Fischotter noch auf 52 Prozent (%) der Landesfl\u00e4che nachgewiesen wurde, sprach man bei der letzten Fischotter-Erhebung im Jahr 2012 bereits von einer fl\u00e4chendeckenden Verbreitung im Land ob der Enns. \u201eDaran hat sich nichts ge\u00e4ndert. Auch bei der aktuellen Studie gehen wir von einer Landschaftsabdeckung von 95 Prozent aus\u201c, so Dr. Weiss. Die Darstellung auf der n\u00e4chsten Seite untermauert dieses Ergebnis grafisch. Sie zeigt aufgrund der vielen Positivnachweise bei der Br\u00fcckenkontrolle 2021 ein fast durchwegs gr\u00fcn gerastertes Ober\u00f6sterreich. <\/p>\n\n\n\n<figure class=\"wp-block-image size-large\"><img loading=\"lazy\" decoding=\"async\" width=\"1024\" height=\"750\" src=\"https:\/\/huberpower.com\/wordpress\/wp-content\/uploads\/2022\/02\/image-34-1024x750.png\" alt=\"\" class=\"wp-image-19117\" srcset=\"https:\/\/huberpower.com\/wordpress\/wp-content\/uploads\/2022\/02\/image-34-1024x750.png 1024w, https:\/\/huberpower.com\/wordpress\/wp-content\/uploads\/2022\/02\/image-34-437x320.png 437w, https:\/\/huberpower.com\/wordpress\/wp-content\/uploads\/2022\/02\/image-34-260x190.png 260w, https:\/\/huberpower.com\/wordpress\/wp-content\/uploads\/2022\/02\/image-34.png 1058w\" sizes=\"auto, (max-width: 1024px) 100vw, 1024px\" \/><figcaption>Abbildung 2: Jeder Datenpunkt stellt eine Monitoringbr\u00fccke dar und die Farbe kodiert den Nachweis von Fischotterlosungen an dem Standort (gr\u00fcn: Nachweis positiv, rot: Nachweis negativ; wei\u00df: keine Daten). Die Farbe des jeweiligen Rasterquadrates gibt an, ob zumindest ein Positivnachweis in diesem Rasterquadrat erfolgte (gr\u00fcn) oder nur Negativnachweise (rot). Weiters ist die Lage der beiden biogeografischen Regionen Ober\u00f6sterreichs (alpin und kontinental) gezeigt. \u00a9 Uni Graz; Schenekar, T., Weiss, S. (2021)<\/figcaption><\/figure>\n\n\n\n<h2 class=\"wp-block-heading\" id=\"fischotterdichte-von-0-364-fischottern-je-flusskilometer\">Fischotterdichte von 0,364 Fischottern je Flusskilometer <\/h2>\n\n\n\n<p class=\"wp-block-paragraph\">Auch die Ergebnisse zur Fischotterdichte und der Populationsgr\u00f6\u00dfe sind als \u00e4u\u00dferst positiv zu bewerten. Letztere d\u00fcrfte sich im Zeitraum 2012 bis 2021 sogar verdoppelt haben. Zur Ermittlung beider Kenngr\u00f6\u00dfen erkl\u00e4rt Dr. Weiss N\u00e4heres: \u201eDie Fischotterdichte wurde mittels einer genetischen Analyse von Kotproben entlang von acht Referenzstrecken mit je 30 Fluss-Kilometern L\u00e4nge berechnet. Bei dieser Erhebung wurden 88 Fischotter identifiziert und es wurde eine durchschnittliche Dichte von etwa einem Fischotter pro vier Flusskilometer ermittelt.\u201c Die Anzahl der Individuen schwankte dabei je Referenzstrecke zwischen 6 (Enns) und 14 Tieren (Donau\/Gro\u00dfe M\u00fchl). Ausgehend von der durchschnittlichen Fischotterdichte wurde die Populationsgr\u00f6\u00dfe berechnet. \u201eDie gemittelte Fischotterdichte von 0,364 Fischottern je Flusskilometer wurde auf das Gew\u00e4ssernetz Ober\u00f6sterreichs extrapoliert und ergab eine Gesamtpopulation von etwa 646 Fischottern\u201c, so Dr. Weiss. Zum Vergleich 2012 wurde die Fischotter-Population auf 200 bis 300 Tiere gesch\u00e4tzt. \u201eDas bedeutet eine klare Zunahme der Fischotterpopulation\u201c, res\u00fcmiert Lander\u00e4tin Michaela Langer-Weninger: \u201eMit einer j\u00e4hrlichen Zuwachsrate von gut 12 Prozent in den vergangenen acht Jahren.\u201c<\/p>\n\n\n\n<h2 class=\"wp-block-heading\" id=\"genetische-referenzstrecken\">Genetische Referenzstrecken<\/h2>\n\n\n\n<figure class=\"wp-block-image size-large\"><img loading=\"lazy\" decoding=\"async\" width=\"1024\" height=\"680\" src=\"https:\/\/huberpower.com\/wordpress\/wp-content\/uploads\/2022\/02\/image-35-1024x680.png\" alt=\"\" class=\"wp-image-19123\" srcset=\"https:\/\/huberpower.com\/wordpress\/wp-content\/uploads\/2022\/02\/image-35-1024x680.png 1024w, https:\/\/huberpower.com\/wordpress\/wp-content\/uploads\/2022\/02\/image-35-450x299.png 450w, https:\/\/huberpower.com\/wordpress\/wp-content\/uploads\/2022\/02\/image-35.png 1222w\" sizes=\"auto, (max-width: 1024px) 100vw, 1024px\" \/><figcaption>Abbildung 3: Lage der acht Referenzstrecken f\u00fcr die genetischen Dichteerhebungen. A: Donau; B: Gro\u00dfe M\u00fchl, C: Waldaist, D: Enns, E \u2013Traun 1, <br \/>F \u2013 Traun 2, G \u2013 Schwemmbach, H \u2013 Antiesen. \u00a9 Uni Graz; Schenekar, T., Weiss, S. (2021)<\/figcaption><\/figure>\n\n\n\n<p class=\"wp-block-paragraph\">Ausgehend von der FFH-Bewertungspraxis zum Erhaltungszustand einer Art, welche in der EU-Richtlinie gelistet ist, sind bei der Beurteilung vier Parameter zu ber\u00fccksichtigen: Verbreitung, Populationsgr\u00f6\u00dfe,<br \/>Lebensraum und Zukunftsaussichten. Insgesamt k\u00f6nnen f\u00fcr Ober\u00f6sterreich derzeit alle vier Parameter f\u00fcr den Erhaltungszustand des Fischotters mit \u201ag\u00fcnstig\u2018 beurteilt werden. Somit bewerten wir auch den Beitrag des Landes O\u00d6 zum guten Erhaltungszustand als positiv\u201c, subsumiert Biologe Dr. Weiss abschlie\u00dfend.<\/p>\n\n\n\n<figure class=\"wp-block-image size-full is-resized\"><img loading=\"lazy\" decoding=\"async\" src=\"https:\/\/huberpower.com\/wordpress\/wp-content\/uploads\/2022\/02\/image-36.png\" alt=\"\" class=\"wp-image-19128\" width=\"840\" height=\"429\" srcset=\"https:\/\/huberpower.com\/wordpress\/wp-content\/uploads\/2022\/02\/image-36.png 1021w, https:\/\/huberpower.com\/wordpress\/wp-content\/uploads\/2022\/02\/image-36-450x230.png 450w\" sizes=\"auto, (max-width: 840px) 100vw, 840px\" \/><figcaption>Zur Erkl\u00e4rung: In der Tabelle wurden die Parameter zur Beurteilung des Erhaltungszustandes einer FFH-Art, sowie unsere Einsch\u00e4tzung des jeweiligen Zustandes dieses Parameters f\u00fcr den Fischotter in Ober\u00f6sterreich, getrennt nach der alpinen und kontinentalen biogeografischen Region dargestellt. Die Symbole in den Klammern geben Trends an (positiv (+), gleichbleibend(~))<\/figcaption><\/figure>\n\n\n\n<p class=\"wp-block-paragraph\">Quelle: Informationen sind aus den Unterlagen der Pressekonferenz vom 8. Februar 2022 entnommen.<\/p>\n\n\n\n\n\n<h2 class=\"wp-block-heading\" id=\"wildkameras-helfen-uns-im-revier\">Wildkameras helfen uns im Revier &#8230;.<\/h2>\n\n\n\n<figure class=\"wp-block-image size-large\"><img loading=\"lazy\" decoding=\"async\" width=\"1024\" height=\"556\" src=\"https:\/\/huberpower.com\/wordpress\/wp-content\/uploads\/2021\/02\/image-49-1024x556.png\" alt=\"\" class=\"wp-image-15718\" srcset=\"https:\/\/huberpower.com\/wordpress\/wp-content\/uploads\/2021\/02\/image-49-1024x556.png 1024w, https:\/\/huberpower.com\/wordpress\/wp-content\/uploads\/2021\/02\/image-49-450x244.png 450w, https:\/\/huberpower.com\/wordpress\/wp-content\/uploads\/2021\/02\/image-49-1536x834.png 1536w, https:\/\/huberpower.com\/wordpress\/wp-content\/uploads\/2021\/02\/image-49.png 1803w\" sizes=\"auto, (max-width: 1024px) 100vw, 1024px\" \/><\/figure>\n\n\n\n<figure class=\"wp-block-embed is-type-wp-embed is-provider-fischereimanagement-salzkammergut wp-block-embed-fischereimanagement-salzkammergut\"><div class=\"wp-block-embed__wrapper\">\n<blockquote class=\"wp-embedded-content\" data-secret=\"iuAnF3lvEQ\"><a href=\"https:\/\/huberpower.com\/wordpress\/?p=15459\">WILDKAMERA SECACAM PRO PLUS MOBILE LTE<\/a><\/blockquote><iframe loading=\"lazy\" class=\"wp-embedded-content\" sandbox=\"allow-scripts\" security=\"restricted\" style=\"position: absolute; clip: rect(1px, 1px, 1px, 1px);\" title=\"&#8222;WILDKAMERA SECACAM PRO PLUS MOBILE LTE&#8220; &#8212; Fischereimanagement Salzkammergut\" src=\"https:\/\/huberpower.com\/wordpress\/?p=15459&#038;embed=true#?secret=Ic9RtxIcFW#?secret=iuAnF3lvEQ\" data-secret=\"iuAnF3lvEQ\" width=\"600\" height=\"338\" frameborder=\"0\" marginwidth=\"0\" marginheight=\"0\" scrolling=\"no\"><\/iframe>\n<\/div><\/figure>\n\n\n\n<figure class=\"wp-block-image size-large\"><img loading=\"lazy\" decoding=\"async\" width=\"1024\" height=\"546\" src=\"https:\/\/huberpower.com\/wordpress\/wp-content\/uploads\/2021\/02\/image-52-1024x546.png\" alt=\"\" class=\"wp-image-15726\" srcset=\"https:\/\/huberpower.com\/wordpress\/wp-content\/uploads\/2021\/02\/image-52-1024x546.png 1024w, https:\/\/huberpower.com\/wordpress\/wp-content\/uploads\/2021\/02\/image-52-450x240.png 450w, https:\/\/huberpower.com\/wordpress\/wp-content\/uploads\/2021\/02\/image-52-1536x819.png 1536w, https:\/\/huberpower.com\/wordpress\/wp-content\/uploads\/2021\/02\/image-52.png 1944w\" sizes=\"auto, (max-width: 1024px) 100vw, 1024px\" \/><figcaption>https:\/\/www.otterspotter.de\/anleitung-isos-spurensuche<\/figcaption><\/figure>\n\n\n\n<h2 class=\"wp-block-heading\" id=\"weitere-informationen\">Weitere Informationen:<\/h2>\n\n\n\n<p class=\"wp-block-paragraph\"><a rel=\"noreferrer noopener\" href=\"https:\/\/www.otterspotter.de\/anleitung-isos-spurensuche\" data-type=\"URL\" data-id=\"https:\/\/www.otterspotter.de\/anleitung-isos-spurensuche\" target=\"_blank\">Die Europ\u00e4ische Standardmethode f\u00fcr die f\u00fcr Verbreitungserhebung von Fischotter<\/a><\/p>\n\n\n\n<p style=\"text-align: center;\"><strong><span style=\"color: #99cc00;\">\u201eWir k\u00f6nnen den Wind nicht \u00e4ndern, ab die Segel anders setzen.&#8220;<\/span><\/strong><\/p><p style=\"text-align: center;\"><strong><\/strong><strong><span style=\"\">Zitat: Aristoteles<\/span><\/strong><\/p><p style=\"text-align: center;\"><strong><\/strong><\/p><strong>\n&nbsp;<\/strong>\n","protected":false},"excerpt":{"rendered":"<p>Der Fischotter war lange Zeit im Inland gef\u00e4hrdet. Die Population hat sich in den vergangenen Jahren aber wieder stabilisiert. Neueste Forschungsergebnisse best\u00e4tigen diese Tatsache. Im Zuge des O\u00d6Fischotter-Monitorings der Karl-Franzens-Universit\u00e4t&#8230; <a class=\"read-more\" href=\"https:\/\/huberpower.com\/wordpress\/?p=15658\">[Weiterlesen]<\/a><\/p>\n","protected":false},"author":4,"featured_media":15720,"comment_status":"closed","ping_status":"closed","sticky":false,"template":"","format":"standard","meta":{"_crdt_document":"","footnotes":""},"categories":[172,187],"tags":[],"class_list":["post-15658","post","type-post","status-publish","format-standard","has-post-thumbnail","hentry","category-bewirtschaftungsplan","category-praedatoren"],"_links":{"self":[{"href":"https:\/\/huberpower.com\/wordpress\/index.php?rest_route=\/wp\/v2\/posts\/15658","targetHints":{"allow":["GET"]}}],"collection":[{"href":"https:\/\/huberpower.com\/wordpress\/index.php?rest_route=\/wp\/v2\/posts"}],"about":[{"href":"https:\/\/huberpower.com\/wordpress\/index.php?rest_route=\/wp\/v2\/types\/post"}],"author":[{"embeddable":true,"href":"https:\/\/huberpower.com\/wordpress\/index.php?rest_route=\/wp\/v2\/users\/4"}],"replies":[{"embeddable":true,"href":"https:\/\/huberpower.com\/wordpress\/index.php?rest_route=%2Fwp%2Fv2%2Fcomments&post=15658"}],"version-history":[{"count":3,"href":"https:\/\/huberpower.com\/wordpress\/index.php?rest_route=\/wp\/v2\/posts\/15658\/revisions"}],"predecessor-version":[{"id":31522,"href":"https:\/\/huberpower.com\/wordpress\/index.php?rest_route=\/wp\/v2\/posts\/15658\/revisions\/31522"}],"wp:featuredmedia":[{"embeddable":true,"href":"https:\/\/huberpower.com\/wordpress\/index.php?rest_route=\/wp\/v2\/media\/15720"}],"wp:attachment":[{"href":"https:\/\/huberpower.com\/wordpress\/index.php?rest_route=%2Fwp%2Fv2%2Fmedia&parent=15658"}],"wp:term":[{"taxonomy":"category","embeddable":true,"href":"https:\/\/huberpower.com\/wordpress\/index.php?rest_route=%2Fwp%2Fv2%2Fcategories&post=15658"},{"taxonomy":"post_tag","embeddable":true,"href":"https:\/\/huberpower.com\/wordpress\/index.php?rest_route=%2Fwp%2Fv2%2Ftags&post=15658"}],"curies":[{"name":"wp","href":"https:\/\/api.w.org\/{rel}","templated":true}]}}