{"id":14865,"date":"2021-01-01T07:00:00","date_gmt":"2021-01-01T06:00:00","guid":{"rendered":"http:\/\/huberpower.com\/wordpress\/?p=14865"},"modified":"2024-03-25T14:37:38","modified_gmt":"2024-03-25T13:37:38","slug":"2020er-jahresbericht-mit-pegel-und-temperatur-daten","status":"publish","type":"post","link":"https:\/\/huberpower.com\/wordpress\/?p=14865","title":{"rendered":"2020er JAHRESBERICHT MIT PEGEL UND TEMPERATUR DATEN"},"content":{"rendered":"\n<p class=\"wp-block-paragraph\">Das abgelaufene Jahr war f\u00fcr die ganze Welt eine Herausforderung, und f\u00fcr uns im FROSKG war es keine Ausnahme. Trotz der Schwierigkeiten der Coronavirus-Pandemie hatten wir das Gl\u00fcck, einen Gro\u00dfteil unserer Arbeit in die freien Slots der Corona Pausen zu bekommen. <\/p>\n\n\n\n<p class=\"wp-block-paragraph\">Unsere <strong><mark style=\"background-color:rgba(0, 0, 0, 0)\" class=\"has-inline-color has-vivid-green-cyan-color\">Reviervollversammlung hatten wir am 23. J\u00e4nner 2020 <\/mark><\/strong>und den j\u00e4hrlichen Fischerkurs mit Pr\u00fcfung hatten wir noch mit 50 Teilnehmer im Februar 2020 in Hallstatt abgehalten und unser <strong><mark style=\"background-color:rgba(0, 0, 0, 0)\" class=\"has-inline-color has-vivid-green-cyan-color\">SAEEP Projekt konnten wir noch um 5 vor 12, in einen Termin am 7. M\u00e4rz 2020, anl\u00e4sslich des \u00d6KF Forum in Linz mit Andreas Haas und Harald Ficker von den \u00d6BF besprechen und abstimmen.<\/mark><\/strong> Unsere Aktivit\u00e4ten im Brut Haus in der Miesen Bach M\u00fchle (MBM), bis hin zu einer \u00c4schen Befischung, sowie die Besatzma\u00dfnahmen mit beinahe 200.000 Bachforellen (Eier und Br\u00fctlinge) und \u00fcber 20.000 \u00c4schen Br\u00fctlinge wurden in freier Natur, mit minimaler personeller Besetzung unter Einhaltung der Corona Bestimmungen durchgef\u00fchrt. Weiters konnten wir unsere Tests mit m+s Brutboxen und &#8222;artificial nest&#8220;, sowie unsere Untersuchung von Fischen und unserer Gew\u00e4sser fortzusetzen. Unser Team, mit vielen Helfern hat sich als erfolgreich erwiesen, um unsere langfristige \u00dcberwachung und Bewirtschaftung sicher fortzusetzen und gleichzeitig sicher durch COVID-19 zu navigieren. <\/p>\n\n\n\n\n\n<figure class=\"wp-block-image size-large\"><img loading=\"lazy\" decoding=\"async\" width=\"1024\" height=\"591\" src=\"https:\/\/huberpower.com\/wordpress\/wp-content\/uploads\/2020\/09\/image-75-1024x591.png\" alt=\"\" class=\"wp-image-13421\" srcset=\"https:\/\/huberpower.com\/wordpress\/wp-content\/uploads\/2020\/09\/image-75-1024x591.png 1024w, https:\/\/huberpower.com\/wordpress\/wp-content\/uploads\/2020\/09\/image-75-450x260.png 450w, https:\/\/huberpower.com\/wordpress\/wp-content\/uploads\/2020\/09\/image-75-1536x886.png 1536w, https:\/\/huberpower.com\/wordpress\/wp-content\/uploads\/2020\/09\/image-75-2048x1182.png 2048w, https:\/\/huberpower.com\/wordpress\/wp-content\/uploads\/2020\/09\/image-75-305x175.png 305w\" sizes=\"auto, (max-width: 1024px) 100vw, 1024px\" \/><\/figure>\n\n\n\n<p class=\"wp-block-paragraph\">Wir haben unser Equipment zum Elektrobefischen erweitert, unser Brut Haus ausgebaut und wir haben einige Wildkameras angeschafft und installiert, um unsere Gew\u00e4sser auch aus der Ferne zu \u00fcberwachen. Auch hatten wir mehrere Fischrettungs &#8211; Aktionen, wie im Werkskanal vom KW Weinbach und auch Notabfischungen im Engleithen Altarm, bei denen allein \u00fcber 5.000 Fische gerettet und umgesiedelt wurden.<\/p>\n\n\n\n\n\n<p class=\"wp-block-paragraph\">Die meisten unserer Abstimmungen haben wir per Telefonkonferenzen durchgef\u00fchrt und viele haben sich daran gew\u00f6hnt unserer Termine von zu Hause, vom Computer aus zu machen. <\/p>\n\n\n\n<h2 class=\"wp-block-heading\">Revierkommunikation per Telco&#8217;s<\/h2>\n\n\n\n<p class=\"wp-block-paragraph\">Wir haben virtuelle Schulungen, Workshops und Konferenzen abgehalten und daran teilgenommen. Bei all den \u00c4nderungen und Anpassungen sind wir zutiefst dankbar f\u00fcr das Engagement unserer Bewirtschafter und Fischereischutzorgane (FSO) und der Unterst\u00fctzung von den involvierten Beh\u00f6rden, den Mitarbeitern der \u00d6BF und des O.\u00d6. Landesfischereiverband, unserer Partner, die es uns erm\u00f6glicht haben, in einem \u00e4u\u00dferst herausfordernden Jahr so \u200b\u200bviel zu erreichen. Wir w\u00fcnschen allen einen sicheren und erholsamen Abschluss und freuen uns auf eine weitere gute Zusammenarbeit im Jahr 2021!<\/p>\n\n\n\n<figure class=\"wp-block-image size-large\"><img loading=\"lazy\" decoding=\"async\" width=\"1024\" height=\"695\" src=\"https:\/\/huberpower.com\/wordpress\/wp-content\/uploads\/2020\/12\/image-96-1024x695.png\" alt=\"\" class=\"wp-image-15107\" srcset=\"https:\/\/huberpower.com\/wordpress\/wp-content\/uploads\/2020\/12\/image-96-1024x695.png 1024w, https:\/\/huberpower.com\/wordpress\/wp-content\/uploads\/2020\/12\/image-96-450x305.png 450w, https:\/\/huberpower.com\/wordpress\/wp-content\/uploads\/2020\/12\/image-96-1536x1042.png 1536w, https:\/\/huberpower.com\/wordpress\/wp-content\/uploads\/2020\/12\/image-96-2048x1389.png 2048w\" sizes=\"auto, (max-width: 1024px) 100vw, 1024px\" \/><figcaption>Unsere Abstimmungen verlagerten sich 2020 zu Telefonkonferenzen &#8230;. <\/figcaption><\/figure>\n\n\n\n<p class=\"has-medium-font-size wp-block-paragraph\"><strong>Nachfolgend die Pegel und Temperatur Daten vom Dezember 2020, sowie der komplette Jahresverlauf 2020 \u00fcber unsere Me\u00dfstellen im Fischereirevier (FROSKG): <\/strong><\/p>\n\n\n\n<h2 class=\"wp-block-heading\"><strong>Pegel Dezember 2020<\/strong><\/h2>\n\n\n\n<p class=\"wp-block-paragraph\">Hier die Pegelwerte der Messstellen im FROSKG im Dezember:<\/p>\n\n\n\n<figure class=\"wp-block-image size-large\"><img loading=\"lazy\" decoding=\"async\" width=\"1024\" height=\"970\" src=\"https:\/\/huberpower.com\/wordpress\/wp-content\/uploads\/2020\/12\/1_2020_DEZ_Koppen-TRAUN-1-1024x970.jpg\" alt=\"\" class=\"wp-image-15069\" srcset=\"https:\/\/huberpower.com\/wordpress\/wp-content\/uploads\/2020\/12\/1_2020_DEZ_Koppen-TRAUN-1-1024x970.jpg 1024w, https:\/\/huberpower.com\/wordpress\/wp-content\/uploads\/2020\/12\/1_2020_DEZ_Koppen-TRAUN-1-338x320.jpg 338w, https:\/\/huberpower.com\/wordpress\/wp-content\/uploads\/2020\/12\/1_2020_DEZ_Koppen-TRAUN-1.jpg 1430w\" sizes=\"auto, (max-width: 1024px) 100vw, 1024px\" \/><\/figure>\n\n\n\n<figure class=\"wp-block-image size-large\"><img loading=\"lazy\" decoding=\"async\" width=\"1024\" height=\"947\" src=\"https:\/\/huberpower.com\/wordpress\/wp-content\/uploads\/2020\/12\/2_2020_DEZ_HALLSTAeTTERSEE-1-1024x947.jpg\" alt=\"\" class=\"wp-image-15070\" srcset=\"https:\/\/huberpower.com\/wordpress\/wp-content\/uploads\/2020\/12\/2_2020_DEZ_HALLSTAeTTERSEE-1-1024x947.jpg 1024w, https:\/\/huberpower.com\/wordpress\/wp-content\/uploads\/2020\/12\/2_2020_DEZ_HALLSTAeTTERSEE-1-346x320.jpg 346w, https:\/\/huberpower.com\/wordpress\/wp-content\/uploads\/2020\/12\/2_2020_DEZ_HALLSTAeTTERSEE-1.jpg 1431w\" sizes=\"auto, (max-width: 1024px) 100vw, 1024px\" \/><\/figure>\n\n\n\n<figure class=\"wp-block-image size-large\"><img loading=\"lazy\" decoding=\"async\" width=\"1024\" height=\"940\" src=\"https:\/\/huberpower.com\/wordpress\/wp-content\/uploads\/2020\/12\/3_2020_DEZ_GOISERER-TRAUN-1-1024x940.jpg\" alt=\"\" class=\"wp-image-15072\" srcset=\"https:\/\/huberpower.com\/wordpress\/wp-content\/uploads\/2020\/12\/3_2020_DEZ_GOISERER-TRAUN-1-1024x940.jpg 1024w, https:\/\/huberpower.com\/wordpress\/wp-content\/uploads\/2020\/12\/3_2020_DEZ_GOISERER-TRAUN-1-348x320.jpg 348w, https:\/\/huberpower.com\/wordpress\/wp-content\/uploads\/2020\/12\/3_2020_DEZ_GOISERER-TRAUN-1.jpg 1443w\" sizes=\"auto, (max-width: 1024px) 100vw, 1024px\" \/><\/figure>\n\n\n\n<figure class=\"wp-block-image size-large\"><img loading=\"lazy\" decoding=\"async\" width=\"1024\" height=\"963\" src=\"https:\/\/huberpower.com\/wordpress\/wp-content\/uploads\/2020\/12\/4_2020_DEZ_ISCHLER-TRAUN-1-1024x963.jpg\" alt=\"\" class=\"wp-image-15073\" srcset=\"https:\/\/huberpower.com\/wordpress\/wp-content\/uploads\/2020\/12\/4_2020_DEZ_ISCHLER-TRAUN-1-1024x963.jpg 1024w, https:\/\/huberpower.com\/wordpress\/wp-content\/uploads\/2020\/12\/4_2020_DEZ_ISCHLER-TRAUN-1-340x320.jpg 340w, https:\/\/huberpower.com\/wordpress\/wp-content\/uploads\/2020\/12\/4_2020_DEZ_ISCHLER-TRAUN-1.jpg 1434w\" sizes=\"auto, (max-width: 1024px) 100vw, 1024px\" \/><\/figure>\n\n\n\n<figure class=\"wp-block-image size-large\"><img loading=\"lazy\" decoding=\"async\" width=\"1024\" height=\"960\" src=\"https:\/\/huberpower.com\/wordpress\/wp-content\/uploads\/2020\/12\/5_2020_DEZ_EBENSEER-TRAUN-1-1024x960.jpg\" alt=\"\" class=\"wp-image-15074\" srcset=\"https:\/\/huberpower.com\/wordpress\/wp-content\/uploads\/2020\/12\/5_2020_DEZ_EBENSEER-TRAUN-1-1024x960.jpg 1024w, https:\/\/huberpower.com\/wordpress\/wp-content\/uploads\/2020\/12\/5_2020_DEZ_EBENSEER-TRAUN-1-341x320.jpg 341w, https:\/\/huberpower.com\/wordpress\/wp-content\/uploads\/2020\/12\/5_2020_DEZ_EBENSEER-TRAUN-1.jpg 1427w\" sizes=\"auto, (max-width: 1024px) 100vw, 1024px\" \/><\/figure>\n\n\n\n<figure class=\"wp-block-image size-large\"><img loading=\"lazy\" decoding=\"async\" width=\"1024\" height=\"964\" src=\"https:\/\/huberpower.com\/wordpress\/wp-content\/uploads\/2020\/12\/6_2020_DEZ_STROBL_ISCHL-1-1024x964.jpg\" alt=\"\" class=\"wp-image-15075\" srcset=\"https:\/\/huberpower.com\/wordpress\/wp-content\/uploads\/2020\/12\/6_2020_DEZ_STROBL_ISCHL-1-1024x964.jpg 1024w, https:\/\/huberpower.com\/wordpress\/wp-content\/uploads\/2020\/12\/6_2020_DEZ_STROBL_ISCHL-1-340x320.jpg 340w, https:\/\/huberpower.com\/wordpress\/wp-content\/uploads\/2020\/12\/6_2020_DEZ_STROBL_ISCHL-1.jpg 1427w\" sizes=\"auto, (max-width: 1024px) 100vw, 1024px\" \/><\/figure>\n\n\n\n<figure class=\"wp-block-image size-large\"><img loading=\"lazy\" decoding=\"async\" width=\"1024\" height=\"939\" src=\"https:\/\/huberpower.com\/wordpress\/wp-content\/uploads\/2020\/12\/7_2020_DEZ_GISELA_ISCHL-1-1024x939.jpg\" alt=\"\" class=\"wp-image-15076\" srcset=\"https:\/\/huberpower.com\/wordpress\/wp-content\/uploads\/2020\/12\/7_2020_DEZ_GISELA_ISCHL-1-1024x939.jpg 1024w, https:\/\/huberpower.com\/wordpress\/wp-content\/uploads\/2020\/12\/7_2020_DEZ_GISELA_ISCHL-1-349x320.jpg 349w, https:\/\/huberpower.com\/wordpress\/wp-content\/uploads\/2020\/12\/7_2020_DEZ_GISELA_ISCHL-1.jpg 1439w\" sizes=\"auto, (max-width: 1024px) 100vw, 1024px\" \/><\/figure>\n\n\n\n<figure class=\"wp-block-image size-large\"><img loading=\"lazy\" decoding=\"async\" width=\"906\" height=\"600\" src=\"https:\/\/huberpower.com\/wordpress\/wp-content\/uploads\/2020\/12\/20121209-unbenannt-12-3.jpg\" alt=\"\" class=\"wp-image-15081\" srcset=\"https:\/\/huberpower.com\/wordpress\/wp-content\/uploads\/2020\/12\/20121209-unbenannt-12-3.jpg 906w, https:\/\/huberpower.com\/wordpress\/wp-content\/uploads\/2020\/12\/20121209-unbenannt-12-3-450x298.jpg 450w\" sizes=\"auto, (max-width: 906px) 100vw, 906px\" \/><\/figure>\n\n\n\n<h2 class=\"wp-block-heading\"><strong>Wassertemperatur Dezember 2020<\/strong><\/h2>\n\n\n\n<p class=\"wp-block-paragraph\">Hier die Temperaturwerte der Messstellen im FROSKG im Dezember:<\/p>\n\n\n\n<figure class=\"wp-block-image size-large\"><img loading=\"lazy\" decoding=\"async\" width=\"1024\" height=\"954\" src=\"https:\/\/huberpower.com\/wordpress\/wp-content\/uploads\/2020\/12\/11_2020_DEZ_Koppen-TRAUN-1-1024x954.jpg\" alt=\"\" class=\"wp-image-15077\" srcset=\"https:\/\/huberpower.com\/wordpress\/wp-content\/uploads\/2020\/12\/11_2020_DEZ_Koppen-TRAUN-1-1024x954.jpg 1024w, https:\/\/huberpower.com\/wordpress\/wp-content\/uploads\/2020\/12\/11_2020_DEZ_Koppen-TRAUN-1-344x320.jpg 344w, https:\/\/huberpower.com\/wordpress\/wp-content\/uploads\/2020\/12\/11_2020_DEZ_Koppen-TRAUN-1.jpg 1444w\" sizes=\"auto, (max-width: 1024px) 100vw, 1024px\" \/><\/figure>\n\n\n\n<figure class=\"wp-block-image size-large\"><img loading=\"lazy\" decoding=\"async\" width=\"1024\" height=\"955\" src=\"https:\/\/huberpower.com\/wordpress\/wp-content\/uploads\/2020\/12\/12_2020_DEZ_HALLSTAeTTERSEE-1-1024x955.jpg\" alt=\"\" class=\"wp-image-15078\" srcset=\"https:\/\/huberpower.com\/wordpress\/wp-content\/uploads\/2020\/12\/12_2020_DEZ_HALLSTAeTTERSEE-1-1024x955.jpg 1024w, https:\/\/huberpower.com\/wordpress\/wp-content\/uploads\/2020\/12\/12_2020_DEZ_HALLSTAeTTERSEE-1-343x320.jpg 343w, https:\/\/huberpower.com\/wordpress\/wp-content\/uploads\/2020\/12\/12_2020_DEZ_HALLSTAeTTERSEE-1.jpg 1434w\" sizes=\"auto, (max-width: 1024px) 100vw, 1024px\" \/><\/figure>\n\n\n\n<figure class=\"wp-block-image size-large\"><img loading=\"lazy\" decoding=\"async\" width=\"1024\" height=\"970\" src=\"https:\/\/huberpower.com\/wordpress\/wp-content\/uploads\/2020\/12\/13_2020_DEZ_GOISERER-TRAUN-1-1024x970.jpg\" alt=\"\" class=\"wp-image-15079\" srcset=\"https:\/\/huberpower.com\/wordpress\/wp-content\/uploads\/2020\/12\/13_2020_DEZ_GOISERER-TRAUN-1-1024x970.jpg 1024w, https:\/\/huberpower.com\/wordpress\/wp-content\/uploads\/2020\/12\/13_2020_DEZ_GOISERER-TRAUN-1-338x320.jpg 338w, https:\/\/huberpower.com\/wordpress\/wp-content\/uploads\/2020\/12\/13_2020_DEZ_GOISERER-TRAUN-1.jpg 1430w\" sizes=\"auto, (max-width: 1024px) 100vw, 1024px\" \/><\/figure>\n\n\n\n<figure class=\"wp-block-image size-large\"><img loading=\"lazy\" decoding=\"async\" width=\"1024\" height=\"953\" src=\"https:\/\/huberpower.com\/wordpress\/wp-content\/uploads\/2020\/12\/14_2020_DEZ_ISCHLER-TRAUN-2-1024x953.jpg\" alt=\"\" class=\"wp-image-15080\" srcset=\"https:\/\/huberpower.com\/wordpress\/wp-content\/uploads\/2020\/12\/14_2020_DEZ_ISCHLER-TRAUN-2-1024x953.jpg 1024w, https:\/\/huberpower.com\/wordpress\/wp-content\/uploads\/2020\/12\/14_2020_DEZ_ISCHLER-TRAUN-2-344x320.jpg 344w, https:\/\/huberpower.com\/wordpress\/wp-content\/uploads\/2020\/12\/14_2020_DEZ_ISCHLER-TRAUN-2.jpg 1431w\" sizes=\"auto, (max-width: 1024px) 100vw, 1024px\" \/><\/figure>\n\n\n\n<figure class=\"wp-block-image size-large\"><img loading=\"lazy\" decoding=\"async\" width=\"1024\" height=\"940\" src=\"https:\/\/huberpower.com\/wordpress\/wp-content\/uploads\/2020\/12\/15_2020_DEZ_EBENSEER-TRAUN-1-1024x940.jpg\" alt=\"\" class=\"wp-image-15082\" srcset=\"https:\/\/huberpower.com\/wordpress\/wp-content\/uploads\/2020\/12\/15_2020_DEZ_EBENSEER-TRAUN-1-1024x940.jpg 1024w, https:\/\/huberpower.com\/wordpress\/wp-content\/uploads\/2020\/12\/15_2020_DEZ_EBENSEER-TRAUN-1-349x320.jpg 349w, https:\/\/huberpower.com\/wordpress\/wp-content\/uploads\/2020\/12\/15_2020_DEZ_EBENSEER-TRAUN-1.jpg 1437w\" sizes=\"auto, (max-width: 1024px) 100vw, 1024px\" \/><\/figure>\n\n\n\n<figure class=\"wp-block-image size-large\"><img loading=\"lazy\" decoding=\"async\" width=\"1024\" height=\"961\" src=\"https:\/\/huberpower.com\/wordpress\/wp-content\/uploads\/2020\/12\/16_2020_DEZ_STROBL_ISCHL-1-1024x961.jpg\" alt=\"\" class=\"wp-image-15083\" srcset=\"https:\/\/huberpower.com\/wordpress\/wp-content\/uploads\/2020\/12\/16_2020_DEZ_STROBL_ISCHL-1-1024x961.jpg 1024w, https:\/\/huberpower.com\/wordpress\/wp-content\/uploads\/2020\/12\/16_2020_DEZ_STROBL_ISCHL-1-341x320.jpg 341w, https:\/\/huberpower.com\/wordpress\/wp-content\/uploads\/2020\/12\/16_2020_DEZ_STROBL_ISCHL-1.jpg 1432w\" sizes=\"auto, (max-width: 1024px) 100vw, 1024px\" \/><\/figure>\n\n\n\n<figure class=\"wp-block-image size-large\"><img loading=\"lazy\" decoding=\"async\" width=\"1024\" height=\"950\" src=\"https:\/\/huberpower.com\/wordpress\/wp-content\/uploads\/2020\/12\/17_2020_DEZ_GISELA_ISCHL-1-1024x950.jpg\" alt=\"\" class=\"wp-image-15084\" srcset=\"https:\/\/huberpower.com\/wordpress\/wp-content\/uploads\/2020\/12\/17_2020_DEZ_GISELA_ISCHL-1-1024x950.jpg 1024w, https:\/\/huberpower.com\/wordpress\/wp-content\/uploads\/2020\/12\/17_2020_DEZ_GISELA_ISCHL-1-345x320.jpg 345w, https:\/\/huberpower.com\/wordpress\/wp-content\/uploads\/2020\/12\/17_2020_DEZ_GISELA_ISCHL-1.jpg 1432w\" sizes=\"auto, (max-width: 1024px) 100vw, 1024px\" \/><\/figure>\n\n\n\n<figure class=\"wp-block-image size-large\"><img loading=\"lazy\" decoding=\"async\" width=\"1024\" height=\"676\" src=\"https:\/\/huberpower.com\/wordpress\/wp-content\/uploads\/2020\/12\/image-95-1024x676.png\" alt=\"\" class=\"wp-image-15085\" srcset=\"https:\/\/huberpower.com\/wordpress\/wp-content\/uploads\/2020\/12\/image-95-1024x676.png 1024w, https:\/\/huberpower.com\/wordpress\/wp-content\/uploads\/2020\/12\/image-95-450x297.png 450w, https:\/\/huberpower.com\/wordpress\/wp-content\/uploads\/2020\/12\/image-95-1536x1014.png 1536w, https:\/\/huberpower.com\/wordpress\/wp-content\/uploads\/2020\/12\/image-95.png 1973w\" sizes=\"auto, (max-width: 1024px) 100vw, 1024px\" \/><figcaption>Foto:  \u00a9 by Harald Eidinger   <\/figcaption><\/figure>\n\n\n\n<h2 class=\"wp-block-heading\"><strong>Pegel Jahresr\u00fcckblick 2020<\/strong><\/h2>\n\n\n\n<p class=\"wp-block-paragraph\">Das FROSKG ist das einzige von 39 Fischereirevieren in Ober\u00f6sterreich, in dem die Gew\u00e4sser unmittelbar vom Dachstein- und Gosau-Gletscher beeinflusst werden. Speziell die Auswirkungen der Wassertemperatur werden durch den Gletscher positiv geregelt und bringen uns f\u00fcr \u00c4schen eine wichtige Wohlf\u00fchl- und Lebensgrundlage, die es zu sch\u00fctzen, zu erhalten und zu entwickeln gilt. Daher wurde 2020 f\u00fcr die \u00c4sche, gemeinsam mit den <strong>\u00d6sterreichischen Bundesforsten (\u00d6BF), Gew\u00e4sserbezirk Gmunden<\/strong> und mit Unterst\u00fctzung des O.\u00d6. Landesfischereiverband (O\u00d6LFV) und der <strong>O.\u00d6. Landesregierung<\/strong>, <strong><span class=\"has-inline-color has-vivid-green-cyan-color\">SAEEP &#8211; Salzkammergut \u00c4schen Entwicklungs -und Erhaltungs Projekt<\/span><\/strong> aufgesetzt und mit mehreren Arbeitspakten auch bereits gestartet. F\u00fcr dieses Projekt ist es auch wichtig die hysterischen Daten zur Wasserf\u00fchrung und \u00fcber die Wassertemperatur zu kennen. <\/p>\n\n\n\n<figure class=\"wp-block-image size-large\"><img loading=\"lazy\" decoding=\"async\" width=\"1024\" height=\"959\" src=\"https:\/\/huberpower.com\/wordpress\/wp-content\/uploads\/2020\/12\/1_2020_JAHR_Koppen-TRAUN-1024x959.jpg\" alt=\"\" class=\"wp-image-15086\" srcset=\"https:\/\/huberpower.com\/wordpress\/wp-content\/uploads\/2020\/12\/1_2020_JAHR_Koppen-TRAUN-1024x959.jpg 1024w, https:\/\/huberpower.com\/wordpress\/wp-content\/uploads\/2020\/12\/1_2020_JAHR_Koppen-TRAUN-342x320.jpg 342w, https:\/\/huberpower.com\/wordpress\/wp-content\/uploads\/2020\/12\/1_2020_JAHR_Koppen-TRAUN.jpg 1440w\" sizes=\"auto, (max-width: 1024px) 100vw, 1024px\" \/><\/figure>\n\n\n\n<figure class=\"wp-block-image size-large\"><img loading=\"lazy\" decoding=\"async\" width=\"1024\" height=\"960\" src=\"https:\/\/huberpower.com\/wordpress\/wp-content\/uploads\/2020\/12\/2_2020_JAHR_HALLSTAeTTERSEE-1024x960.jpg\" alt=\"\" class=\"wp-image-15087\" srcset=\"https:\/\/huberpower.com\/wordpress\/wp-content\/uploads\/2020\/12\/2_2020_JAHR_HALLSTAeTTERSEE-1024x960.jpg 1024w, https:\/\/huberpower.com\/wordpress\/wp-content\/uploads\/2020\/12\/2_2020_JAHR_HALLSTAeTTERSEE-341x320.jpg 341w, https:\/\/huberpower.com\/wordpress\/wp-content\/uploads\/2020\/12\/2_2020_JAHR_HALLSTAeTTERSEE.jpg 1431w\" sizes=\"auto, (max-width: 1024px) 100vw, 1024px\" \/><\/figure>\n\n\n\n<figure class=\"wp-block-image size-large\"><img loading=\"lazy\" decoding=\"async\" width=\"1024\" height=\"943\" src=\"https:\/\/huberpower.com\/wordpress\/wp-content\/uploads\/2020\/12\/3_2020_JAHR_GOISERER-TRAUN-1024x943.jpg\" alt=\"\" class=\"wp-image-15088\" srcset=\"https:\/\/huberpower.com\/wordpress\/wp-content\/uploads\/2020\/12\/3_2020_JAHR_GOISERER-TRAUN-1024x943.jpg 1024w, https:\/\/huberpower.com\/wordpress\/wp-content\/uploads\/2020\/12\/3_2020_JAHR_GOISERER-TRAUN-347x320.jpg 347w, https:\/\/huberpower.com\/wordpress\/wp-content\/uploads\/2020\/12\/3_2020_JAHR_GOISERER-TRAUN.jpg 1435w\" sizes=\"auto, (max-width: 1024px) 100vw, 1024px\" \/><\/figure>\n\n\n\n<figure class=\"wp-block-image size-large\"><img loading=\"lazy\" decoding=\"async\" width=\"1024\" height=\"685\" src=\"https:\/\/huberpower.com\/wordpress\/wp-content\/uploads\/2021\/01\/image-1024x685.png\" alt=\"\" class=\"wp-image-15190\" srcset=\"https:\/\/huberpower.com\/wordpress\/wp-content\/uploads\/2021\/01\/image-1024x685.png 1024w, https:\/\/huberpower.com\/wordpress\/wp-content\/uploads\/2021\/01\/image-450x301.png 450w, https:\/\/huberpower.com\/wordpress\/wp-content\/uploads\/2021\/01\/image-1536x1028.png 1536w, https:\/\/huberpower.com\/wordpress\/wp-content\/uploads\/2021\/01\/image-2048x1371.png 2048w\" sizes=\"auto, (max-width: 1024px) 100vw, 1024px\" \/><\/figure>\n\n\n\n<figure class=\"wp-block-image size-large\"><img loading=\"lazy\" decoding=\"async\" width=\"1024\" height=\"957\" src=\"https:\/\/huberpower.com\/wordpress\/wp-content\/uploads\/2020\/12\/4_2020_JAHR_ISCHLER-TRAUN-1024x957.jpg\" alt=\"\" class=\"wp-image-15089\" srcset=\"https:\/\/huberpower.com\/wordpress\/wp-content\/uploads\/2020\/12\/4_2020_JAHR_ISCHLER-TRAUN-1024x957.jpg 1024w, https:\/\/huberpower.com\/wordpress\/wp-content\/uploads\/2020\/12\/4_2020_JAHR_ISCHLER-TRAUN-342x320.jpg 342w, https:\/\/huberpower.com\/wordpress\/wp-content\/uploads\/2020\/12\/4_2020_JAHR_ISCHLER-TRAUN.jpg 1429w\" sizes=\"auto, (max-width: 1024px) 100vw, 1024px\" \/><\/figure>\n\n\n\n<figure class=\"wp-block-image size-large\"><img loading=\"lazy\" decoding=\"async\" width=\"1024\" height=\"948\" src=\"https:\/\/huberpower.com\/wordpress\/wp-content\/uploads\/2020\/12\/5_2020_JAHR_EBENSEER-TRAUN-1024x948.jpg\" alt=\"\" class=\"wp-image-15091\" srcset=\"https:\/\/huberpower.com\/wordpress\/wp-content\/uploads\/2020\/12\/5_2020_JAHR_EBENSEER-TRAUN-1024x948.jpg 1024w, https:\/\/huberpower.com\/wordpress\/wp-content\/uploads\/2020\/12\/5_2020_JAHR_EBENSEER-TRAUN-346x320.jpg 346w, https:\/\/huberpower.com\/wordpress\/wp-content\/uploads\/2020\/12\/5_2020_JAHR_EBENSEER-TRAUN.jpg 1431w\" sizes=\"auto, (max-width: 1024px) 100vw, 1024px\" \/><\/figure>\n\n\n\n<figure class=\"wp-block-image size-large\"><img loading=\"lazy\" decoding=\"async\" width=\"1024\" height=\"951\" src=\"https:\/\/huberpower.com\/wordpress\/wp-content\/uploads\/2020\/12\/6_2020_JAHR_STROBL_ISCHL-1024x951.jpg\" alt=\"\" class=\"wp-image-15093\" srcset=\"https:\/\/huberpower.com\/wordpress\/wp-content\/uploads\/2020\/12\/6_2020_JAHR_STROBL_ISCHL-1024x951.jpg 1024w, https:\/\/huberpower.com\/wordpress\/wp-content\/uploads\/2020\/12\/6_2020_JAHR_STROBL_ISCHL-345x320.jpg 345w, https:\/\/huberpower.com\/wordpress\/wp-content\/uploads\/2020\/12\/6_2020_JAHR_STROBL_ISCHL.jpg 1432w\" sizes=\"auto, (max-width: 1024px) 100vw, 1024px\" \/><\/figure>\n\n\n\n<figure class=\"wp-block-image size-large\"><img loading=\"lazy\" decoding=\"async\" width=\"1024\" height=\"957\" src=\"https:\/\/huberpower.com\/wordpress\/wp-content\/uploads\/2020\/12\/7_2020_JAHR_GISELA_ISCHL-1024x957.jpg\" alt=\"\" class=\"wp-image-15094\" srcset=\"https:\/\/huberpower.com\/wordpress\/wp-content\/uploads\/2020\/12\/7_2020_JAHR_GISELA_ISCHL-1024x957.jpg 1024w, https:\/\/huberpower.com\/wordpress\/wp-content\/uploads\/2020\/12\/7_2020_JAHR_GISELA_ISCHL-342x320.jpg 342w, https:\/\/huberpower.com\/wordpress\/wp-content\/uploads\/2020\/12\/7_2020_JAHR_GISELA_ISCHL.jpg 1427w\" sizes=\"auto, (max-width: 1024px) 100vw, 1024px\" \/><\/figure>\n\n\n\n<h2 class=\"wp-block-heading\">Nachtrag Klauswehrverordnung<\/h2>\n\n\n\n<p class=\"wp-block-paragraph\">Am Pegel, bei der Seeklause ist auch der Betrieb des Hallst\u00e4tter See Klaus Wehres mit der winterlichen Absenkung recht sch\u00f6n zu erkennen.<\/p>\n\n\n\n<p class=\"wp-block-paragraph\"><strong>a) Normalbetrieb vom 01.-02. J\u00e4nner und vom 24. M\u00e4rz bis zum 02.01 des Folgejahres<\/strong><br \/>In diesem Zeitraum wird das Klaus Wehr entsprechend der Klauswehrverordnung abh\u00e4ngig vom See Pegel reguliert.<\/p>\n\n\n\n<p class=\"wp-block-paragraph\"><strong>b) Winterbetrieb vom 03. J\u00e4nner bis zum 23. M\u00e4rz jeden Jahres<\/strong><br \/>In diesem Zeitraum sind alle Wehr Tore ge\u00f6ffnet und die Klappe in der ehemaligen Flo\u00dfgasse ist vollst\u00e4ndig gelegt. Der Seespiegel wird damit abgesenkt und erleichtert den Seeanrainern Instandsetzungsarbeiten an den Seeufern. In diesem Zeitraum werden weder Seespiegel noch Abfluss in der Traun durch den Klaus Wehr betrieb beeinflusst.<\/p>\n\n\n\n<h2 class=\"wp-block-heading\">Seeabsenkung &#8211; Situation Anfang J\u00e4nner 2021<\/h2>\n\n\n\n<p class=\"wp-block-paragraph\"><strong><mark style=\"background-color:rgba(0, 0, 0, 0)\" class=\"has-inline-color has-luminous-vivid-orange-color\">Die Seeabsenkung am 4. J\u00e4nner 2021 &#8211; 6. J\u00e4nner 2021 war dramatisch.<br \/>Innerhalb von kurzer Zeit, stieg der Pegel Goiserer Traun von 90 cm um 30 cm auf 120 cm<\/mark><\/strong><\/p>\n\n\n\n<figure class=\"wp-block-image size-large\"><img loading=\"lazy\" decoding=\"async\" width=\"1024\" height=\"946\" src=\"https:\/\/huberpower.com\/wordpress\/wp-content\/uploads\/2021\/01\/image-14-1024x946.png\" alt=\"\" class=\"wp-image-15318\" srcset=\"https:\/\/huberpower.com\/wordpress\/wp-content\/uploads\/2021\/01\/image-14-1024x946.png 1024w, https:\/\/huberpower.com\/wordpress\/wp-content\/uploads\/2021\/01\/image-14-346x320.png 346w, https:\/\/huberpower.com\/wordpress\/wp-content\/uploads\/2021\/01\/image-14.png 1440w\" sizes=\"auto, (max-width: 1024px) 100vw, 1024px\" \/><\/figure>\n\n\n\n<figure class=\"wp-block-image size-large\"><img loading=\"lazy\" decoding=\"async\" width=\"1024\" height=\"927\" src=\"https:\/\/huberpower.com\/wordpress\/wp-content\/uploads\/2021\/01\/image-15-1024x927.png\" alt=\"\" class=\"wp-image-15319\" srcset=\"https:\/\/huberpower.com\/wordpress\/wp-content\/uploads\/2021\/01\/image-15-1024x927.png 1024w, https:\/\/huberpower.com\/wordpress\/wp-content\/uploads\/2021\/01\/image-15-353x320.png 353w, https:\/\/huberpower.com\/wordpress\/wp-content\/uploads\/2021\/01\/image-15.png 1450w\" sizes=\"auto, (max-width: 1024px) 100vw, 1024px\" \/><\/figure>\n\n\n\n<figure class=\"wp-block-image size-large\"><img loading=\"lazy\" decoding=\"async\" width=\"1024\" height=\"939\" src=\"https:\/\/huberpower.com\/wordpress\/wp-content\/uploads\/2021\/01\/image-13-1024x939.png\" alt=\"\" class=\"wp-image-15317\" srcset=\"https:\/\/huberpower.com\/wordpress\/wp-content\/uploads\/2021\/01\/image-13-1024x939.png 1024w, https:\/\/huberpower.com\/wordpress\/wp-content\/uploads\/2021\/01\/image-13-349x320.png 349w, https:\/\/huberpower.com\/wordpress\/wp-content\/uploads\/2021\/01\/image-13.png 1431w\" sizes=\"auto, (max-width: 1024px) 100vw, 1024px\" \/><\/figure>\n\n\n\n<h2 class=\"wp-block-heading\"><strong>Wassertemperatur Jahres\u00fcberblick 2020<\/strong><\/h2>\n\n\n\n<p class=\"wp-block-paragraph\">Wesentlich interessant ist die Betrachtung der Wassertemperaturwerte der Me\u00dfstellen im FROSKG. Den in den Gew\u00e4ssern im Salzkammergut ist ein \u00dcberlebenskampf im Gang. Zu warm werde die B\u00e4che und Fl\u00fcsse. Dadurch sinkt der Sauerstoffgehalt \u2013 mit fatalen Folgen f\u00fcr einige Fischarten. Die gr\u00f6\u00dften Sorgen bereiten uns die \u00c4schen und die Forellen. <\/p>\n\n\n\n<figure class=\"wp-block-image size-large\"><img loading=\"lazy\" decoding=\"async\" width=\"1024\" height=\"573\" src=\"https:\/\/huberpower.com\/wordpress\/wp-content\/uploads\/2020\/06\/image-128-1024x573.png\" alt=\"\" class=\"wp-image-12588\" srcset=\"https:\/\/huberpower.com\/wordpress\/wp-content\/uploads\/2020\/06\/image-128-1024x573.png 1024w, https:\/\/huberpower.com\/wordpress\/wp-content\/uploads\/2020\/06\/image-128-1536x860.png 1536w, https:\/\/huberpower.com\/wordpress\/wp-content\/uploads\/2020\/06\/image-128-2048x1146.png 2048w, https:\/\/huberpower.com\/wordpress\/wp-content\/uploads\/2020\/06\/image-128-680x381.png 680w, https:\/\/huberpower.com\/wordpress\/wp-content\/uploads\/2020\/06\/image-128-450x252.png 450w\" sizes=\"auto, (max-width: 1024px) 100vw, 1024px\" \/><figcaption>Die Wassertemperatur ist f\u00fcr unser \u00c4schenprojekt SAEEP ein wichtiger Faktor, denn wir genau beobachten.<\/figcaption><\/figure>\n\n\n\n<p class=\"wp-block-paragraph\">Die Bachforelle hat den Kampf um ihren Lebensraum in der Oberen Traun, zwischen Hallst\u00e4ttersee und Traunsee schon seit Jahren verloren. Salmoniden halten die warmen Temperaturen nicht aus. An unseren B\u00e4chen und Fl\u00fcssen fehlt der f\u00fcr sie lebenswichtige Schatten. Dieser Schatten entscheide mitunter \u00fcber zwei, drei Grade der Wassertemperatur. Bei einer l\u00e4ngeren Hitzeperiode wie dieser kann dies f\u00fcr sensible Arten wie die \u00c4sche \u00fcber Leben oder Tod entscheiden. Denn auch die \u00c4schen ist schon gef\u00e4hrdet.<\/p>\n\n\n\n<h2 class=\"wp-block-heading\">Kaltwasser Region<\/h2>\n\n\n\n<p class=\"wp-block-paragraph\"><strong><mark style=\"background-color:rgba(0, 0, 0, 0)\" class=\"has-inline-color has-luminous-vivid-amber-color\">Wir im Salzkammergut sind \u00fcber die Koppen Traun, Goiserer Traun, Ischler Traun bin zur Ebenseer Traun, noch in der gl\u00fccklichen Situation, dass wir kaum \u00fcber 20 Grad Wassertemperatur haben. Nur an der oberen Ischl als Seeausrinn vom Wolfgangsee erreicht die Wassertemperaturen bis zu kritischen 25 Grad. Erst nach der Einm\u00fcndung von kalten Nebenb\u00e4chen, wird die Temperatur bis zur M\u00fcndung in die Traun etwas k\u00e4lter.  <\/mark><\/strong><\/p>\n\n\n\n<figure class=\"wp-block-image size-large\"><img loading=\"lazy\" decoding=\"async\" width=\"1024\" height=\"955\" src=\"https:\/\/huberpower.com\/wordpress\/wp-content\/uploads\/2020\/12\/11_2020_JAHR_Koppen-TRAUN-1024x955.jpg\" alt=\"\" class=\"wp-image-15097\" srcset=\"https:\/\/huberpower.com\/wordpress\/wp-content\/uploads\/2020\/12\/11_2020_JAHR_Koppen-TRAUN-1024x955.jpg 1024w, https:\/\/huberpower.com\/wordpress\/wp-content\/uploads\/2020\/12\/11_2020_JAHR_Koppen-TRAUN-343x320.jpg 343w, https:\/\/huberpower.com\/wordpress\/wp-content\/uploads\/2020\/12\/11_2020_JAHR_Koppen-TRAUN.jpg 1432w\" sizes=\"auto, (max-width: 1024px) 100vw, 1024px\" \/><\/figure>\n\n\n\n<figure class=\"wp-block-image size-large\"><img loading=\"lazy\" decoding=\"async\" width=\"1024\" height=\"962\" src=\"https:\/\/huberpower.com\/wordpress\/wp-content\/uploads\/2020\/12\/12_2020_JAHR_HALLSTAeTTERSEE-1024x962.jpg\" alt=\"\" class=\"wp-image-15098\" srcset=\"https:\/\/huberpower.com\/wordpress\/wp-content\/uploads\/2020\/12\/12_2020_JAHR_HALLSTAeTTERSEE-1024x962.jpg 1024w, https:\/\/huberpower.com\/wordpress\/wp-content\/uploads\/2020\/12\/12_2020_JAHR_HALLSTAeTTERSEE-341x320.jpg 341w, https:\/\/huberpower.com\/wordpress\/wp-content\/uploads\/2020\/12\/12_2020_JAHR_HALLSTAeTTERSEE.jpg 1444w\" sizes=\"auto, (max-width: 1024px) 100vw, 1024px\" \/><\/figure>\n\n\n\n<figure class=\"wp-block-image size-large\"><img loading=\"lazy\" decoding=\"async\" width=\"1024\" height=\"963\" src=\"https:\/\/huberpower.com\/wordpress\/wp-content\/uploads\/2020\/12\/13_2020_JAHR_GOISERER-TRAUN-1024x963.jpg\" alt=\"\" class=\"wp-image-15099\" srcset=\"https:\/\/huberpower.com\/wordpress\/wp-content\/uploads\/2020\/12\/13_2020_JAHR_GOISERER-TRAUN-1024x963.jpg 1024w, https:\/\/huberpower.com\/wordpress\/wp-content\/uploads\/2020\/12\/13_2020_JAHR_GOISERER-TRAUN-340x320.jpg 340w, https:\/\/huberpower.com\/wordpress\/wp-content\/uploads\/2020\/12\/13_2020_JAHR_GOISERER-TRAUN.jpg 1435w\" sizes=\"auto, (max-width: 1024px) 100vw, 1024px\" \/><\/figure>\n\n\n\n<figure class=\"wp-block-image size-large\"><img loading=\"lazy\" decoding=\"async\" width=\"1024\" height=\"944\" src=\"https:\/\/huberpower.com\/wordpress\/wp-content\/uploads\/2020\/12\/14_2020_JAHR_ISCHLER-TRAUN-1024x944.jpg\" alt=\"\" class=\"wp-image-15100\" srcset=\"https:\/\/huberpower.com\/wordpress\/wp-content\/uploads\/2020\/12\/14_2020_JAHR_ISCHLER-TRAUN-1024x944.jpg 1024w, https:\/\/huberpower.com\/wordpress\/wp-content\/uploads\/2020\/12\/14_2020_JAHR_ISCHLER-TRAUN-347x320.jpg 347w, https:\/\/huberpower.com\/wordpress\/wp-content\/uploads\/2020\/12\/14_2020_JAHR_ISCHLER-TRAUN.jpg 1444w\" sizes=\"auto, (max-width: 1024px) 100vw, 1024px\" \/><\/figure>\n\n\n\n<figure class=\"wp-block-image size-large\"><img loading=\"lazy\" decoding=\"async\" width=\"1024\" height=\"943\" src=\"https:\/\/huberpower.com\/wordpress\/wp-content\/uploads\/2020\/12\/15_2020_JAHR_EBENSEER-TRAUN-1024x943.jpg\" alt=\"\" class=\"wp-image-15102\" srcset=\"https:\/\/huberpower.com\/wordpress\/wp-content\/uploads\/2020\/12\/15_2020_JAHR_EBENSEER-TRAUN-1024x943.jpg 1024w, https:\/\/huberpower.com\/wordpress\/wp-content\/uploads\/2020\/12\/15_2020_JAHR_EBENSEER-TRAUN-347x320.jpg 347w, https:\/\/huberpower.com\/wordpress\/wp-content\/uploads\/2020\/12\/15_2020_JAHR_EBENSEER-TRAUN.jpg 1430w\" sizes=\"auto, (max-width: 1024px) 100vw, 1024px\" \/><figcaption>Interessant, dass auch die Wassertemperatur am Pegel in Ebensee, obwohl durch den Zulauf der Ischl beeinflusst, unter 20 Grad bleibt. Hier merkt man den Zulauf der &#8222;kalten&#8220; Zubringer Rettenbach, Mitterwei\u00dfenbach und Frauenwei\u00dfenbach. <\/figcaption><\/figure>\n\n\n\n<figure class=\"wp-block-image size-large\"><img loading=\"lazy\" decoding=\"async\" width=\"1024\" height=\"951\" src=\"https:\/\/huberpower.com\/wordpress\/wp-content\/uploads\/2020\/12\/16_2020_JAHR_STROBL_ISCHL-1024x951.jpg\" alt=\"\" class=\"wp-image-15103\" srcset=\"https:\/\/huberpower.com\/wordpress\/wp-content\/uploads\/2020\/12\/16_2020_JAHR_STROBL_ISCHL-1024x951.jpg 1024w, https:\/\/huberpower.com\/wordpress\/wp-content\/uploads\/2020\/12\/16_2020_JAHR_STROBL_ISCHL-345x320.jpg 345w, https:\/\/huberpower.com\/wordpress\/wp-content\/uploads\/2020\/12\/16_2020_JAHR_STROBL_ISCHL.jpg 1430w\" sizes=\"auto, (max-width: 1024px) 100vw, 1024px\" \/><figcaption>Der Seeausrinn der &#8222;Warmen Ischl&#8220; oder auch Seeache, wie diese in historischen Aufzeichnungen bezeichnet wird, ist bis zum Zulauf von Nebenb\u00e4chen stark von der Temperatur des Wolfgangsee beeinflusst.  <\/figcaption><\/figure>\n\n\n\n<figure class=\"wp-block-image size-large\"><img loading=\"lazy\" decoding=\"async\" width=\"1024\" height=\"951\" src=\"https:\/\/huberpower.com\/wordpress\/wp-content\/uploads\/2020\/12\/17_2020_JAHR_GISELA_ISCHL-1024x951.jpg\" alt=\"\" class=\"wp-image-15104\" srcset=\"https:\/\/huberpower.com\/wordpress\/wp-content\/uploads\/2020\/12\/17_2020_JAHR_GISELA_ISCHL-1024x951.jpg 1024w, https:\/\/huberpower.com\/wordpress\/wp-content\/uploads\/2020\/12\/17_2020_JAHR_GISELA_ISCHL-345x320.jpg 345w, https:\/\/huberpower.com\/wordpress\/wp-content\/uploads\/2020\/12\/17_2020_JAHR_GISELA_ISCHL.jpg 1449w\" sizes=\"auto, (max-width: 1024px) 100vw, 1024px\" \/><figcaption>Erst durch den Zulauf von Schwarzenbach, Russbach, Srobler Weissenbach, Radaubach und weiterer kleinerer Zubringer, wird die Temperatur der &#8222;unteren&#8220; Ischl nach unten gedr\u00fcckt.   <\/figcaption><\/figure>\n\n\n\n<h2 class=\"wp-block-heading\">Ischl wird warm<\/h2>\n\n\n\n<p class=\"wp-block-paragraph\">Alle Jahre wieder, taucht an der Ischl \u2013 vor allem in den Monaten Juli und August \u2013 das Problem der hohen Wassertemperaturen auf. Wobei das Jahr 2020 ja recht k\u00fchl und durch kurze Intervalle an Niederschlagsperioden recht ausgeglichen verlief haben wir die Situation, dass wir vor 30 Jahren im Hochsommer an zwei bis drei Tagen Lufttemperaturen mit 30\u00b0C erreicht wurden, so sind es jetzt bereits \u00fcber 20 Tage. Dabei wird dieser Wert oftmals \u00fcberschritten und extreme 35\u00b0C sind auch keine Seltenheit mehr. Nat\u00fcrlich wirkt sich dies, zwar mit Verz\u00f6gerung, gravierend auf die Wassertemperatur des Flusses aus. Noch dazu entspringt die Ischl aus dem Wolfgangsee, der es auch sehr schnell auf \u00fcber 20\u00b0C schafft.<\/p>\n\n\n\n<h2 class=\"wp-block-heading\">Ischl als Salmoniden Gew\u00e4sser nicht mehr tragbar<\/h2>\n\n\n\n<p class=\"wp-block-paragraph\">H\u00e4tten wir da nicht den Zustrom kalter Grundquellen oder den Eintrag der sommerkalten Zubringerb\u00e4che, w\u00e4re die Ischl als Salmoniden Gew\u00e4sser nicht mehr tragbar. Doch auch jetzt schon strecken wir uns fallweise nach der Decke. Es beginnt f\u00fcr Salmoniden der Hitzestress ab 16\u00b0C aufw\u00e4rts. Zwar haben wir mit der Sauerstoffversorgung im Fluss absolut kein Problem, da ja aufgrund der in den letzten Jahren eingebauten <strong>Pendelrampen<\/strong> f\u00fcr reichlich Str\u00f6mungsbrecher gesorgt wurde. <strong>Dennoch, jene Forellenart, die diese hohen Temperaturen noch am besten verkraften kann, ist die Regenbogenforelle. Allerdings reagiert auch sie \u00e4u\u00dferst empfindlich auf Drillstress bei Wassertemperaturen \u00fcber 21\u00b0C.<\/strong> Durch die Geschiebesperren Entleerungen im Strobler Wei\u00dfenbach ergaben sich 2020 eine neue Situation die es in einen Bewirtschaftungsplan f\u00fcr die Ischl zu regeln gilt. Dazu sind auch die Auswertungen und Bestandsaufnahmen der letzten Jahre eine wichtige Grundlage.     <\/p>\n\n\n\n<figure class=\"wp-block-embed is-type-wp-embed is-provider-fischereimanagement-salzkammergut wp-block-embed-fischereimanagement-salzkammergut\"><div class=\"wp-block-embed__wrapper\">\n<blockquote class=\"wp-embedded-content\" data-secret=\"8uuvMvYeSk\"><a href=\"https:\/\/huberpower.com\/wordpress\/?p=11562\">KLAUSWEHRVERORDNUNG STEEG<\/a><\/blockquote><iframe loading=\"lazy\" class=\"wp-embedded-content\" sandbox=\"allow-scripts\" security=\"restricted\" style=\"position: absolute; clip: rect(1px, 1px, 1px, 1px);\" title=\"&#8222;KLAUSWEHRVERORDNUNG STEEG&#8220; &#8212; Fischereimanagement Salzkammergut\" src=\"https:\/\/huberpower.com\/wordpress\/?p=11562&#038;embed=true#?secret=16f6EYAF0O#?secret=8uuvMvYeSk\" data-secret=\"8uuvMvYeSk\" width=\"600\" height=\"338\" frameborder=\"0\" marginwidth=\"0\" marginheight=\"0\" scrolling=\"no\"><\/iframe>\n<\/div><\/figure>\n\n\n\n<figure class=\"wp-block-embed is-type-wp-embed is-provider-fischereimanagement-salzkammergut wp-block-embed-fischereimanagement-salzkammergut\"><div class=\"wp-block-embed__wrapper\">\n<blockquote class=\"wp-embedded-content\" data-secret=\"OE6sB8inAD\"><a href=\"https:\/\/huberpower.com\/wordpress\/?p=43\">PEGEL MAXQUELL BAD ISCHL<\/a><\/blockquote><iframe loading=\"lazy\" class=\"wp-embedded-content\" sandbox=\"allow-scripts\" security=\"restricted\" style=\"position: absolute; clip: rect(1px, 1px, 1px, 1px);\" title=\"&#8222;PEGEL MAXQUELL BAD ISCHL&#8220; &#8212; Fischereimanagement Salzkammergut\" src=\"https:\/\/huberpower.com\/wordpress\/?p=43&#038;embed=true#?secret=TWYs7VmkmS#?secret=OE6sB8inAD\" data-secret=\"OE6sB8inAD\" width=\"600\" height=\"338\" frameborder=\"0\" marginwidth=\"0\" marginheight=\"0\" scrolling=\"no\"><\/iframe>\n<\/div><\/figure>\n\n\n\n&nbsp;\n<p style=\"text-align: center;\"><strong><span style=\"color: #99cc00;\">\u201eWer die Vergangenheit nicht kennt, kann die Gegenwart nicht verstehen. <\/span><\/strong><\/p><p style=\"text-align: center;\"><strong><\/strong><strong><span style=\"color: #99cc00;\">Wer die Gegenwart nicht versteht, kann die Zukunft nicht gestalten..\u201c<\/span><\/strong><\/p><p style=\"text-align: center;\"><strong><\/strong><\/p><strong>\n&nbsp;<\/strong>\n","protected":false},"excerpt":{"rendered":"<p>Das abgelaufene Jahr war f\u00fcr die ganze Welt eine Herausforderung, und f\u00fcr uns im FROSKG war es keine Ausnahme. Trotz der Schwierigkeiten der Coronavirus-Pandemie hatten wir das Gl\u00fcck, einen Gro\u00dfteil&#8230; <a class=\"read-more\" href=\"https:\/\/huberpower.com\/wordpress\/?p=14865\">[Weiterlesen]<\/a><\/p>\n","protected":false},"author":4,"featured_media":15085,"comment_status":"closed","ping_status":"closed","sticky":false,"template":"","format":"standard","meta":{"_crdt_document":"","footnotes":""},"categories":[18,94,101,88,190],"tags":[],"class_list":["post-14865","post","type-post","status-publish","format-standard","has-post-thumbnail","hentry","category-bewirtschaftung","category-fischereirevier-oberes-salzkammergut","category-ischl","category-pegel","category-temperatur"],"_links":{"self":[{"href":"https:\/\/huberpower.com\/wordpress\/index.php?rest_route=\/wp\/v2\/posts\/14865","targetHints":{"allow":["GET"]}}],"collection":[{"href":"https:\/\/huberpower.com\/wordpress\/index.php?rest_route=\/wp\/v2\/posts"}],"about":[{"href":"https:\/\/huberpower.com\/wordpress\/index.php?rest_route=\/wp\/v2\/types\/post"}],"author":[{"embeddable":true,"href":"https:\/\/huberpower.com\/wordpress\/index.php?rest_route=\/wp\/v2\/users\/4"}],"replies":[{"embeddable":true,"href":"https:\/\/huberpower.com\/wordpress\/index.php?rest_route=%2Fwp%2Fv2%2Fcomments&post=14865"}],"version-history":[{"count":3,"href":"https:\/\/huberpower.com\/wordpress\/index.php?rest_route=\/wp\/v2\/posts\/14865\/revisions"}],"predecessor-version":[{"id":31520,"href":"https:\/\/huberpower.com\/wordpress\/index.php?rest_route=\/wp\/v2\/posts\/14865\/revisions\/31520"}],"wp:featuredmedia":[{"embeddable":true,"href":"https:\/\/huberpower.com\/wordpress\/index.php?rest_route=\/wp\/v2\/media\/15085"}],"wp:attachment":[{"href":"https:\/\/huberpower.com\/wordpress\/index.php?rest_route=%2Fwp%2Fv2%2Fmedia&parent=14865"}],"wp:term":[{"taxonomy":"category","embeddable":true,"href":"https:\/\/huberpower.com\/wordpress\/index.php?rest_route=%2Fwp%2Fv2%2Fcategories&post=14865"},{"taxonomy":"post_tag","embeddable":true,"href":"https:\/\/huberpower.com\/wordpress\/index.php?rest_route=%2Fwp%2Fv2%2Ftags&post=14865"}],"curies":[{"name":"wp","href":"https:\/\/api.w.org\/{rel}","templated":true}]}}