{"id":11164,"date":"2022-03-31T21:14:00","date_gmt":"2022-03-31T19:14:00","guid":{"rendered":"http:\/\/huberpower.com\/wordpress\/?p=11164"},"modified":"2024-03-25T14:37:37","modified_gmt":"2024-03-25T13:37:37","slug":"schuetzenswerte-gewaesserstrecken-im-salzkammergut","status":"publish","type":"post","link":"https:\/\/huberpower.com\/wordpress\/?p=11164","title":{"rendered":"VERORDNUNG Nr. 66 \u00dcBER SCH\u00dcTZENSWERTE GEW\u00c4SSER IM SALZKAMMERGUT"},"content":{"rendered":"\n<p class=\"wp-block-paragraph\"><strong>Prinzipiell sind alle Gew\u00e4sser bei uns im Salzkammergut sch\u00fctzenswert.<\/strong> Nachfolgend gibt es jedoch einige Gew\u00e4sserabschnitte, die einen ganz besonderen gesetzlichen Schutz haben. In diesen Bericht verweise ich auf diese Gew\u00e4sser die lt. <a rel=\"noreferrer noopener\" aria-label=\"Verordnung Nr. 66, (\u00f6ffnet in neuem Tab)\" href=\"https:\/\/www.ris.bka.gv.at\/Dokument.wxe?Abfrage=LgblAuth&amp;Dokumentnummer=LGBLA_OB_20190820_66\" target=\"_blank\">Verordnung Nr. 66,<\/a> von August 2019, von der O.\u00d6. Landesregierung verabschiedet wurde&nbsp;und uns in der fischereilichen Bewirtschaftung nicht unwesentlich ist.<\/p>\n\n\n\n<p class=\"wp-block-paragraph\"><strong><mark style=\"background-color:rgba(0, 0, 0, 0)\" class=\"has-inline-color has-luminous-vivid-orange-color\">Ziel der Verordnung ist die Erhaltung des sehr guten hydromorphologischen Zustands ausgewiesenen Gew\u00e4sserstrecken und die Erhaltung deren besonderen gew\u00e4sser\u00f6kologischen Funktion.&nbsp;<\/mark><\/strong><\/p>\n\n\n\n\n\n<h2 class=\"wp-block-heading\">Involvierten Gew\u00e4sserstrecken<\/h2>\n\n\n\n<figure class=\"wp-block-image size-large\"><img loading=\"lazy\" decoding=\"async\" width=\"1024\" height=\"768\" src=\"https:\/\/huberpower.com\/wordpress\/wp-content\/uploads\/2019\/06\/ISCHL_STROBL_DSCN9193-1024x768.jpg\" alt=\"\" class=\"wp-image-9896\" srcset=\"https:\/\/huberpower.com\/wordpress\/wp-content\/uploads\/2019\/06\/ISCHL_STROBL_DSCN9193-1024x768.jpg 1024w, https:\/\/huberpower.com\/wordpress\/wp-content\/uploads\/2019\/06\/ISCHL_STROBL_DSCN9193-427x320.jpg 427w, https:\/\/huberpower.com\/wordpress\/wp-content\/uploads\/2019\/06\/ISCHL_STROBL_DSCN9193-200x150.jpg 200w, https:\/\/huberpower.com\/wordpress\/wp-content\/uploads\/2019\/06\/ISCHL_STROBL_DSCN9193-680x510.jpg 680w, https:\/\/huberpower.com\/wordpress\/wp-content\/uploads\/2019\/06\/ISCHL_STROBL_DSCN9193.jpg 1200w\" sizes=\"auto, (max-width: 1024px) 100vw, 1024px\" \/><figcaption class=\"wp-element-caption\">Die Ischler Ache ist ein wichtiges Laichgebiet f\u00fcr den Perlfisch und die Seeforelle.  <\/figcaption><\/figure>\n\n\n\n<figure class=\"wp-block-image size-large\"><img loading=\"lazy\" decoding=\"async\" width=\"1024\" height=\"449\" src=\"https:\/\/huberpower.com\/wordpress\/wp-content\/uploads\/2019\/01\/KOPPENTRAUN_20180901-unbenannt-9013821-1024x449.jpg\" alt=\"\" class=\"wp-image-9269\" srcset=\"https:\/\/huberpower.com\/wordpress\/wp-content\/uploads\/2019\/01\/KOPPENTRAUN_20180901-unbenannt-9013821-1024x449.jpg 1024w, https:\/\/huberpower.com\/wordpress\/wp-content\/uploads\/2019\/01\/KOPPENTRAUN_20180901-unbenannt-9013821-450x197.jpg 450w, https:\/\/huberpower.com\/wordpress\/wp-content\/uploads\/2019\/01\/KOPPENTRAUN_20180901-unbenannt-9013821-680x298.jpg 680w, https:\/\/huberpower.com\/wordpress\/wp-content\/uploads\/2019\/01\/KOPPENTRAUN_20180901-unbenannt-9013821.jpg 2000w\" sizes=\"auto, (max-width: 1024px) 100vw, 1024px\" \/><figcaption class=\"wp-element-caption\">Die Koppen Traun ist ein \u00fcberregional bedeutender Laichplatz f\u00fcr Reinanken aus dem Hallst\u00e4tter See. Im Oktober ziehen in der D\u00e4mmerung hunderte Rainanken in die Koppen Traun hinauf um zu laichen. Etwas zeitversetzt sp\u00e4ter folgt die Seeforelle.<\/figcaption><\/figure>\n\n\n\n<figure class=\"wp-block-image size-large\"><img loading=\"lazy\" decoding=\"async\" width=\"1024\" height=\"678\" src=\"https:\/\/huberpower.com\/wordpress\/wp-content\/uploads\/2019\/01\/GOISERER_TRAUN_20110323-unbenannt-1399-1024x678.jpg\" alt=\"\" class=\"wp-image-9271\" srcset=\"https:\/\/huberpower.com\/wordpress\/wp-content\/uploads\/2019\/01\/GOISERER_TRAUN_20110323-unbenannt-1399-1024x678.jpg 1024w, https:\/\/huberpower.com\/wordpress\/wp-content\/uploads\/2019\/01\/GOISERER_TRAUN_20110323-unbenannt-1399-450x298.jpg 450w, https:\/\/huberpower.com\/wordpress\/wp-content\/uploads\/2019\/01\/GOISERER_TRAUN_20110323-unbenannt-1399-680x450.jpg 680w, https:\/\/huberpower.com\/wordpress\/wp-content\/uploads\/2019\/01\/GOISERER_TRAUN_20110323-unbenannt-1399.jpg 1812w\" sizes=\"auto, (max-width: 1024px) 100vw, 1024px\" \/><figcaption class=\"wp-element-caption\">Die Goiserer Traun ist ein \u00fcberregional bedeutender Laichplatz f\u00fcr die Seeforelle aus dem Hallst\u00e4tter See und eine essenzielle Ausstrahlstrecke f\u00fcr unterliegende Gew\u00e4sserbereiche.<\/figcaption><\/figure>\n\n\n\n<p class=\"wp-block-paragraph\">In der Folge habe ich die involvierten Gew\u00e4sserstrecken die im FROSKG liegen, herausgearbeitet &#8230;. Danke an Harald Eidinger f\u00fcr die grafische Auswertung der Gew\u00e4sserstrecken, lt. den in der Verordnung angegebenen Koordinaten. Diese Verordnung wird speziell in Zusammenhang mit wasserbaulichen Ma\u00dfnahmen zur Anwendung kommen.&nbsp;Wirksam ist sie, f\u00fcr die Fischereireviere:<\/p>\n\n\n\n<ul class=\"wp-block-list\">\n<li>Koppen Traun<\/li>\n\n\n\n<li>Goiserer Weissenbach <\/li>\n\n\n\n<li>Ischler Ache <\/li>\n\n\n\n<li>Ebenseer Traun <\/li>\n\n\n\n<li>Goiserer Traun <\/li>\n\n\n\n<li>Rettenbach<\/li>\n\n\n\n<li>Rindbach<\/li>\n<\/ul>\n\n\n\n<figure class=\"wp-block-image size-large\"><img loading=\"lazy\" decoding=\"async\" width=\"1016\" height=\"1024\" src=\"https:\/\/huberpower.com\/wordpress\/wp-content\/uploads\/2022\/04\/image-1016x1024.png\" alt=\"\" class=\"wp-image-20200\" srcset=\"https:\/\/huberpower.com\/wordpress\/wp-content\/uploads\/2022\/04\/image-1016x1024.png 1016w, https:\/\/huberpower.com\/wordpress\/wp-content\/uploads\/2022\/04\/image-318x320.png 318w, https:\/\/huberpower.com\/wordpress\/wp-content\/uploads\/2022\/04\/image.png 1040w\" sizes=\"auto, (max-width: 1016px) 100vw, 1016px\" \/><\/figure>\n\n\n\n<p class=\"wp-block-paragraph\">Bei diesen Gew\u00e4sserstrecken handelt es sich um solche, mit besonderen \u00f6kologischen Funktionen im Salzkammergut. Angegeben sind der Gew\u00e4ssername, die Stationierung (km) am Berichtsgew\u00e4ssernetz (Version 10.1), die besondere \u00f6kologische Funktion sowie die Gau\u00df-Kr\u00fcger Koordinaten (MGI M31) des Anfangs- und Endpunkts der jeweiligen Gew\u00e4sserstrecken. Bei Ver\u00e4nderungen des Gew\u00e4sserverlaufs gilt der in rechtwinkeliger Projektion n\u00e4chstgelegene Punkt im Gew\u00e4sser als Anfangs- oder Endpunkt.<\/p>\n\n\n\n<h4 class=\"wp-block-heading\" id=\"bedeutende-gewaaserabschnitte-mit-einem-sehr-guten-hydromorphologischen-zustand-im-salzkammergut\"><mark style=\"background-color:rgba(0, 0, 0, 0)\" class=\"has-inline-color has-luminous-vivid-orange-color\">Bedeutende Gew\u00e4sserabschnitte mit einem sehr guten hydromorphologischen Zustand im Salzkammergut:<\/mark><\/h4>\n\n\n\n<h2 class=\"wp-block-heading\" id=\"ischler-ache\">Ischler Ache <\/h2>\n\n\n\n<figure class=\"wp-block-image size-large\"><img loading=\"lazy\" decoding=\"async\" width=\"1024\" height=\"512\" src=\"https:\/\/huberpower.com\/wordpress\/wp-content\/uploads\/2020\/01\/image-17-1024x512.png\" alt=\"\" class=\"wp-image-11179\" srcset=\"https:\/\/huberpower.com\/wordpress\/wp-content\/uploads\/2020\/01\/image-17-1024x512.png 1024w, https:\/\/huberpower.com\/wordpress\/wp-content\/uploads\/2020\/01\/image-17-450x225.png 450w, https:\/\/huberpower.com\/wordpress\/wp-content\/uploads\/2020\/01\/image-17-680x340.png 680w, https:\/\/huberpower.com\/wordpress\/wp-content\/uploads\/2020\/01\/image-17.png 1069w\" sizes=\"auto, (max-width: 1024px) 100vw, 1024px\" \/><figcaption class=\"wp-element-caption\">Ischler Ache Fluss K 6,59 bis Km 12,31<\/figcaption><\/figure>\n\n\n\n<h2 class=\"wp-block-heading\" id=\"koppen-traun\">Koppen Traun<\/h2>\n\n\n\n<figure class=\"wp-block-image size-large\"><img loading=\"lazy\" decoding=\"async\" width=\"1024\" height=\"680\" src=\"https:\/\/huberpower.com\/wordpress\/wp-content\/uploads\/2020\/01\/image-21-1024x680.png\" alt=\"\" class=\"wp-image-11198\" srcset=\"https:\/\/huberpower.com\/wordpress\/wp-content\/uploads\/2020\/01\/image-21-1024x680.png 1024w, https:\/\/huberpower.com\/wordpress\/wp-content\/uploads\/2020\/01\/image-21-450x299.png 450w, https:\/\/huberpower.com\/wordpress\/wp-content\/uploads\/2020\/01\/image-21-1536x1021.png 1536w, https:\/\/huberpower.com\/wordpress\/wp-content\/uploads\/2020\/01\/image-21-2048x1361.png 2048w, https:\/\/huberpower.com\/wordpress\/wp-content\/uploads\/2020\/01\/image-21-680x452.png 680w\" sizes=\"auto, (max-width: 1024px) 100vw, 1024px\" \/><figcaption class=\"wp-element-caption\">Koppentraun Fluss Km 126,55 bis Km 132,23<\/figcaption><\/figure>\n\n\n\n<h2 class=\"wp-block-heading\" id=\"goiserer-traun\">Goiserer Traun<\/h2>\n\n\n\n<figure class=\"wp-block-image size-large is-resized\"><img loading=\"lazy\" decoding=\"async\" width=\"683\" height=\"1024\" src=\"https:\/\/huberpower.com\/wordpress\/wp-content\/uploads\/2020\/01\/image-20-683x1024.png\" alt=\"\" class=\"wp-image-11197\" style=\"width:843px;height:1264px\" srcset=\"https:\/\/huberpower.com\/wordpress\/wp-content\/uploads\/2020\/01\/image-20-683x1024.png 683w, https:\/\/huberpower.com\/wordpress\/wp-content\/uploads\/2020\/01\/image-20-214x320.png 214w, https:\/\/huberpower.com\/wordpress\/wp-content\/uploads\/2020\/01\/image-20-680x1019.png 680w, https:\/\/huberpower.com\/wordpress\/wp-content\/uploads\/2020\/01\/image-20.png 848w\" sizes=\"auto, (max-width: 683px) 100vw, 683px\" \/><figcaption class=\"wp-element-caption\">Goiserer Traun Fluss Km 116,00 bis Km 118,27<\/figcaption><\/figure>\n\n\n\n<h2 class=\"wp-block-heading\" id=\"goiserer-weissenbach\">Goiserer Weissenbach<\/h2>\n\n\n\n<figure class=\"wp-block-image size-large\"><img loading=\"lazy\" decoding=\"async\" width=\"1024\" height=\"682\" src=\"https:\/\/huberpower.com\/wordpress\/wp-content\/uploads\/2020\/01\/image-22-1024x682.png\" alt=\"\" class=\"wp-image-11200\" srcset=\"https:\/\/huberpower.com\/wordpress\/wp-content\/uploads\/2020\/01\/image-22-1024x682.png 1024w, https:\/\/huberpower.com\/wordpress\/wp-content\/uploads\/2020\/01\/image-22-450x300.png 450w, https:\/\/huberpower.com\/wordpress\/wp-content\/uploads\/2020\/01\/image-22-1536x1024.png 1536w, https:\/\/huberpower.com\/wordpress\/wp-content\/uploads\/2020\/01\/image-22-2048x1365.png 2048w, https:\/\/huberpower.com\/wordpress\/wp-content\/uploads\/2020\/01\/image-22-680x453.png 680w\" sizes=\"auto, (max-width: 1024px) 100vw, 1024px\" \/><figcaption class=\"wp-element-caption\">Wei\u00dfenbach Goisern Fluss Km 0,90 bis Km 4,81<\/figcaption><\/figure>\n\n\n\n<h2 class=\"wp-block-heading\" id=\"ebenseer-traun\">Ebenseer Traun<\/h2>\n\n\n\n<figure class=\"wp-block-image size-large\"><img loading=\"lazy\" decoding=\"async\" width=\"1024\" height=\"682\" src=\"https:\/\/huberpower.com\/wordpress\/wp-content\/uploads\/2020\/01\/image-19-1024x682.png\" alt=\"\" class=\"wp-image-11195\" srcset=\"https:\/\/huberpower.com\/wordpress\/wp-content\/uploads\/2020\/01\/image-19-1024x682.png 1024w, https:\/\/huberpower.com\/wordpress\/wp-content\/uploads\/2020\/01\/image-19-450x300.png 450w, https:\/\/huberpower.com\/wordpress\/wp-content\/uploads\/2020\/01\/image-19-680x453.png 680w, https:\/\/huberpower.com\/wordpress\/wp-content\/uploads\/2020\/01\/image-19.png 1330w\" sizes=\"auto, (max-width: 1024px) 100vw, 1024px\" \/><figcaption class=\"wp-element-caption\">Ebenseer Traun Fluss Km 85,69 bis Km 92,00<\/figcaption><\/figure>\n\n\n\n<h2 class=\"wp-block-heading\" id=\"rettenbach\">Rettenbach<\/h2>\n\n\n\n<figure class=\"wp-block-image size-large\"><img loading=\"lazy\" decoding=\"async\" width=\"1024\" height=\"682\" src=\"https:\/\/huberpower.com\/wordpress\/wp-content\/uploads\/2020\/01\/image-23-1024x682.png\" alt=\"\" class=\"wp-image-11202\" srcset=\"https:\/\/huberpower.com\/wordpress\/wp-content\/uploads\/2020\/01\/image-23-1024x682.png 1024w, https:\/\/huberpower.com\/wordpress\/wp-content\/uploads\/2020\/01\/image-23-450x300.png 450w, https:\/\/huberpower.com\/wordpress\/wp-content\/uploads\/2020\/01\/image-23-1536x1023.png 1536w, https:\/\/huberpower.com\/wordpress\/wp-content\/uploads\/2020\/01\/image-23-2048x1364.png 2048w, https:\/\/huberpower.com\/wordpress\/wp-content\/uploads\/2020\/01\/image-23-680x453.png 680w\" sizes=\"auto, (max-width: 1024px) 100vw, 1024px\" \/><figcaption class=\"wp-element-caption\">Rettenbach Fluss Km 1,20 bis Km 7,30<\/figcaption><\/figure>\n\n\n\n<h2 class=\"wp-block-heading\" id=\"rettenbach-alm\">Rettenbach Alm<\/h2>\n\n\n\n<figure class=\"wp-block-image size-large\"><img loading=\"lazy\" decoding=\"async\" width=\"1024\" height=\"681\" src=\"https:\/\/huberpower.com\/wordpress\/wp-content\/uploads\/2020\/01\/image-24-1024x681.png\" alt=\"\" class=\"wp-image-11204\" srcset=\"https:\/\/huberpower.com\/wordpress\/wp-content\/uploads\/2020\/01\/image-24-1024x681.png 1024w, https:\/\/huberpower.com\/wordpress\/wp-content\/uploads\/2020\/01\/image-24-450x299.png 450w, https:\/\/huberpower.com\/wordpress\/wp-content\/uploads\/2020\/01\/image-24-1536x1021.png 1536w, https:\/\/huberpower.com\/wordpress\/wp-content\/uploads\/2020\/01\/image-24-2048x1362.png 2048w, https:\/\/huberpower.com\/wordpress\/wp-content\/uploads\/2020\/01\/image-24-680x452.png 680w\" sizes=\"auto, (max-width: 1024px) 100vw, 1024px\" \/><figcaption class=\"wp-element-caption\">Rettenbach Fluss Km 7,34 bis Km 9,05<\/figcaption><\/figure>\n\n\n\n<h2 class=\"wp-block-heading\" id=\"rindbach\">Rindbach<\/h2>\n\n\n\n<figure class=\"wp-block-image size-large\"><img loading=\"lazy\" decoding=\"async\" width=\"1024\" height=\"681\" src=\"https:\/\/huberpower.com\/wordpress\/wp-content\/uploads\/2020\/01\/image-25-1024x681.png\" alt=\"\" class=\"wp-image-11206\" srcset=\"https:\/\/huberpower.com\/wordpress\/wp-content\/uploads\/2020\/01\/image-25-1024x681.png 1024w, https:\/\/huberpower.com\/wordpress\/wp-content\/uploads\/2020\/01\/image-25-450x299.png 450w, https:\/\/huberpower.com\/wordpress\/wp-content\/uploads\/2020\/01\/image-25-1536x1021.png 1536w, https:\/\/huberpower.com\/wordpress\/wp-content\/uploads\/2020\/01\/image-25-2048x1362.png 2048w, https:\/\/huberpower.com\/wordpress\/wp-content\/uploads\/2020\/01\/image-25-680x452.png 680w\" sizes=\"auto, (max-width: 1024px) 100vw, 1024px\" \/><figcaption class=\"wp-element-caption\">Rindbach Fluss Km 2,24 bis Km 5,20 <\/figcaption><\/figure>\n\n\n\n<figure class=\"wp-block-image size-large\"><img loading=\"lazy\" decoding=\"async\" width=\"1024\" height=\"684\" src=\"https:\/\/huberpower.com\/wordpress\/wp-content\/uploads\/2020\/02\/Rindbach-KM-526-bis-KM-915-1024x684.jpg\" alt=\"\" class=\"wp-image-11272\" srcset=\"https:\/\/huberpower.com\/wordpress\/wp-content\/uploads\/2020\/02\/Rindbach-KM-526-bis-KM-915-1024x684.jpg 1024w, https:\/\/huberpower.com\/wordpress\/wp-content\/uploads\/2020\/02\/Rindbach-KM-526-bis-KM-915-450x300.jpg 450w, https:\/\/huberpower.com\/wordpress\/wp-content\/uploads\/2020\/02\/Rindbach-KM-526-bis-KM-915-1536x1025.jpg 1536w, https:\/\/huberpower.com\/wordpress\/wp-content\/uploads\/2020\/02\/Rindbach-KM-526-bis-KM-915-680x454.jpg 680w, https:\/\/huberpower.com\/wordpress\/wp-content\/uploads\/2020\/02\/Rindbach-KM-526-bis-KM-915.jpg 1853w\" sizes=\"auto, (max-width: 1024px) 100vw, 1024px\" \/><figcaption class=\"wp-element-caption\">Rindbach Fluss Km 5,26 bis Km 9,15.<\/figcaption><\/figure>\n\n\n\n<h2 class=\"wp-block-heading\" id=\"verordnung-des-landeshauptmanns-von-o-o\">Verordnung des Landeshauptmanns von O.\u00d6.<\/h2>\n\n\n\n<p class=\"wp-block-paragraph\">Mit der ein Regionalprogramm f\u00fcr besonders sch\u00fctzenswerte Gew\u00e4sserstrecken erlassen wird. Auf Grund des \u00a7 55g Abs. 1 Z 1 des Wasserrechtsgesetzes 1959 (WRG 1959), BGBl. Nr. 215\/1959, in der Fassung des Bundesgesetzes BGBl. I Nr. 73\/2018, wird verordnet:<\/p>\n\n\n\n<h3 class=\"wp-block-heading has-text-align-left\" id=\"paragraf-1-ziele-und-grundsatze\"><strong>Paragraf 1 Ziele und Grunds\u00e4tze<\/strong><\/h3>\n\n\n\n<p class=\"wp-block-paragraph\">(1) Ziel der Verordnung ist die Erhaltung des sehr guten hydromorphologischen Zustands der wie oben ausgewiesenen Gew\u00e4sserstrecken und die Erhaltung der besonderen gew\u00e4sser\u00f6kologischen Funktion der ausgewiesenen Gew\u00e4sserstrecken.<br \/>(2) Eine besondere gew\u00e4sser\u00f6kologische Funktion einer Gew\u00e4sserstrecke im Sinn dieser Verordnung liegt vor, wenn diese Strecke einen Laichplatz oder eine Ausstrahlstrecke von besonderer Bedeutung f\u00fcr das \u00fcbergeordnete Gew\u00e4ssernetz darstellt.<br \/>(3) Die in der Anlage 1 ausgewiesenen Gew\u00e4sserstrecken sind im sehr guten hydromorphologischen Zustand zu erhalten.<br \/>(4) Die besondere gew\u00e4sser\u00f6kologische Funktion der Gew\u00e4sserstrecken gem\u00e4\u00df Anlage 2 ist unter Bedachtnahme auf ihre gegenw\u00e4rtige Beschaffenheit und ihr Nutzungspotential zu erhalten.<br \/>(5) In bestehende Rechte wird durch diese Verordnung nicht eingegriffen.<\/p>\n\n\n\n<h3 class=\"wp-block-heading has-text-align-left\" id=\"paragraf-2-begriffsbestimmungen\"><strong> Paragraf&nbsp;2 Begriffsbestimmungen<\/strong><\/h3>\n\n\n\n<p class=\"wp-block-paragraph\">Hydromorphologisch sehr gute Gew\u00e4sserstrecken: Gew\u00e4sserstrecken, deren Beschaffenheit in Bezug auf den Wasserhaushalt, die Morphologie und die Durchg\u00e4ngigkeit entsprechend den Festlegungen von \u00a7 12 der Qualit\u00e4tszielverordnung \u00d6kologie Oberfl\u00e4chengew\u00e4sser (QZV \u00d6kologie OG), BGBl. II Nr. 99\/2010, in der Fassung der Verordnung BGBl. II Nr. 128\/2019, einem durch den Menschen unbeeinflussten Zustand entspricht oder nahekommt; Laichplatz: Bereich eines Oberfl\u00e4chengew\u00e4ssers, der Fischen auf Grund seiner Lage und besonderen hydromorphologischen Eigenschaften zur Fortpflanzung dient; Ausstrahlstrecke: Gew\u00e4sserstrecke, die auf Grund ihrer Ausstrahlwirkung f\u00fcr die in angrenzenden Strecken zu erreichenden Umweltziele von besonders hoher Bedeutung ist.<\/p>\n\n\n\n<h3 class=\"wp-block-heading has-text-align-left\" id=\"paragraf-3\"><br \/>Paragraf 3 Verschlechterungsverbot<\/h3>\n\n\n\n<p class=\"wp-block-paragraph\">Vorgaben f\u00fcr Vorhaben mit Auswirkungen auf den sehr guten hydromorphologischen Zustand der in der Anlage 1 ausgewiesenen Gew\u00e4sserstrecken. In wasserrechtlichen Bewilligungsverfahren f\u00fcr Vorhaben zur Wasserkraftnutzung mit Auswirkungen auf den sehr guten hydromorphologischen Zustand der in der Anlage 1 ausgewiesenen Gew\u00e4sserstrecken ist bei der Handhabung der \u00a7\u00a7 9, 32 und 38 WRG 1959 sicher zu stellen, dass der sehr gute hydromorphologische Zustand der in der Anlage 1 ausgewiesenen Gew\u00e4sserstrecken nicht verschlechtert wird.<\/p>\n\n\n\n<h3 class=\"wp-block-heading\" id=\"beispielsweise-unzulassig-sind-somit-massnahmen\">Beispielsweise unzul\u00e4ssig sind somit Ma\u00dfnahmen<\/h3>\n\n\n\n<ul class=\"wp-block-list\">\n<li>zur Sicherung der Ufer, sofern sie \u00fcber punktuelle Sicherungsma\u00dfnahmen hinausgehen, wobei der Summationseffekt und die Vorbelastung zu beachten sind,<\/li>\n\n\n\n<li>zur Stabilisierung der Gew\u00e4ssersohle, insbesondere wenn sie zu einer Beeintr\u00e4chtigung des Feststoffhaushalts f\u00fchren,<\/li>\n\n\n\n<li>zur Wasserentnahme, sofern diese mehr als sehr geringf\u00fcgig im Sinn der QZV \u00d6kologie OG ist,<\/li>\n\n\n\n<li>zur Verursachung von &#8211; hinsichtlich Ausma\u00df und Auftreten &#8211; unnat\u00fcrlichen Wasserstands Schwankungen (Schwall- und Sunk Erscheinungen),<\/li>\n\n\n\n<li>die zu einem mehr als vereinzelt und mehr als nur auf sehr kurzen Strecken auftretenden Aufstau von Gew\u00e4ssern f\u00fchren,<\/li>\n\n\n\n<li>die das Gew\u00e4sserkontinuum soweit beeinflussen, dass der nat\u00fcrliche Transport von Sedimenten oder die Migration von gew\u00e4ssertypischen Organismen gest\u00f6rt wird.<\/li>\n<\/ul>\n\n\n\n<h3 class=\"wp-block-heading has-text-align-left\" id=\"paragraf-4\">Paragraf 4 Vorgaben f\u00fcr Vorhaben<\/h3>\n\n\n\n<p class=\"wp-block-paragraph\">Vorgaben f\u00fcr Vorhaben in den in der Anlage 2 ausgewiesenen Gew\u00e4sserstrecken mit besonderer gew\u00e4sser\u00f6kologischer Funktion<br \/>(1) In wasserrechtlichen Verfahren f\u00fcr Vorhaben zur Wasserkraftnutzung in den in der Anlage 2 ausgewiesenen Gew\u00e4sserstrecken mit besonderer gew\u00e4sser\u00f6kologischer Funktion ist bei der Handhabung der \u00a7\u00a7 9, 28, 32 und 38 WRG 1959 sicher zu stellen, dass die Gew\u00e4sserstrecken der Anlage 2 in ihrer besonderen gew\u00e4sser\u00f6kologischen Funktion als Laichplatz oder Ausstrahlstrecke nicht mehr als sehr geringf\u00fcgig beeintr\u00e4chtigt werden.<br \/>(2) Zur Erhaltung von Gew\u00e4sserstrecken mit der besonderen gew\u00e4sser\u00f6kologischen Funktion \u201eLaichplatz\u201c ist bei der Durchf\u00fchrung von Verfahren gem\u00e4\u00df Abs. 1 sicher zu stellen, dass<\/p>\n\n\n\n<ul class=\"wp-block-list\">\n<li>keine Querbauwerke errichtet werden, die entweder die Erreichbarkeit der in Anlage 2 als \u00fcberregional bedeutende Laichpl\u00e4tze bzw. als Laichpl\u00e4tze f\u00fcr Seefischarten aufgelisteten Gew\u00e4sserstrecken f\u00fcr laichwillige Fische oder die R\u00fcckwanderm\u00f6glichkeiten f\u00fcr Laich- und Jungfische mehr als sehr geringf\u00fcgig beeintr\u00e4chtigen,<\/li>\n\n\n\n<li>die Qualit\u00e4t der Gew\u00e4ssersohle oder die Flie\u00dfgeschwindigkeit nicht so ver\u00e4ndert wird, dass der Reproduktionserfolg mehr als sehr geringf\u00fcgig beeintr\u00e4chtigt werden kann,<\/li>\n\n\n\n<li>keine Wasserentnahmen, Stauhaltungen und sonstigen hydromorphologischen Ma\u00dfnahmen bewilligt werden, die das Laichplatzangebot und die Laichplatzqualit\u00e4t mehr als sehr geringf\u00fcgig beeintr\u00e4chtigen.<\/li>\n<\/ul>\n\n\n\n<p class=\"wp-block-paragraph\">(3) Zur Erhaltung von Gew\u00e4sserstrecken mit der besonderen gew\u00e4sser\u00f6kologischen Funktion \u201eAusstrahlstrecke\u201c ist bei der Durchf\u00fchrung von Verfahren gem\u00e4\u00df Abs. 1 sicher zu stellen, dass keine Querbauwerke errichtet werden, welche die Erreichbarkeit der in Anlage 2 als essentielle Ausstrahlstrecken aufgelisteten Gew\u00e4sserstrecken f\u00fcr Fische oder die R\u00fcckwanderm\u00f6glichkeit aus diesen Strecken mehr als sehr geringf\u00fcgig beeintr\u00e4chtigen, keine Wasserentnahmen, Stauhaltungen und sonstigen hydromorphologischen Ma\u00dfnahmen bewilligt werden, welche die Reproduktionsm\u00f6glichkeiten, das Lebensraumangebot f\u00fcr Jungfische sowie die Fischbiomasse in den in der Anlage 2 aufgelisteten Gew\u00e4sserstrecken insgesamt mehr als sehr geringf\u00fcgig beeintr\u00e4chtigen.<\/p>\n\n\n\n<h3 class=\"wp-block-heading has-text-align-left\" id=\"paragraf-5-ausnahmen\"><br \/>Paragraf 5 Ausnahmen<br \/><\/h3>\n\n\n\n<p class=\"wp-block-paragraph\">Die \u00a7 3 und 4 dieser Verordnung gelten nicht f\u00fcr Vorhaben in Zusammenhang mit Anpassungen im \u00f6ffentlichen Interesse (Ab\u00e4nderungen von Bewilligungen nach \u00a7\u00a7 21a und 33d WRG 1959) sowie Wiederverleihungen bestehender Wasserbenutzungsrechte nach \u00a7 21 Abs. 3 WRG 1959 und Instandhaltungsma\u00dfnahmen nach \u00a7 50 WRG 1959.<\/p>\n\n\n\n<h3 class=\"wp-block-heading has-text-align-left\" id=\"paragraf-6-schlussbestimmungen\">Paragraf 6 Schlussbestimmungen<\/h3>\n\n\n\n<p class=\"wp-block-paragraph\">(1) Diese Verordnung tritt mit Ablauf des Tages ihrer Kundmachung im Landesgesetzblatt f\u00fcr Ober\u00f6sterreich in Kraft und 20 Jahre nach diesem Tag au\u00dfer Kraft.<br \/>(2) Mit Inkrafttreten dieser Verordnung tritt die Verordnung des Bundesministers f\u00fcr Land- und Forstwirtschaft vom 4. M\u00e4rz 1971, mit der die wasserwirtschaftliche Rahmenverf\u00fcgung f\u00fcr die Wassernutzungen im Einzugsgebiet des Steyrflusses erlassen wird, BGBl. Nr. 114\/1971, au\u00dfer Kraft.<\/p>\n\n\n\n<h2 class=\"wp-block-heading\">Quellen:<\/h2>\n\n\n\n<p class=\"wp-block-paragraph\"><a href=\"https:\/\/www.ris.bka.gv.at\/Dokument.wxe?Abfrage=LgblAuth&amp;Dokumentnummer=LGBLA_OB_20190820_66\" target=\"_blank\" rel=\"noreferrer noopener\" aria-label=\"Landesgesetzblatt Nr. LGBl. Nr. 66\/2019 vom 20.08.2019 (\u00f6ffnet in neuem Tab)\">Landesgesetzblatt Nr. LGBl. Nr. 66\/2019 vom 20.08.2019<\/a><\/p>\n\n\n\n<p class=\"wp-block-paragraph\"><a rel=\"noreferrer noopener\" aria-label=\"Doris - Digitale Ober\u00f6sterreichische Raum Informations System - das Geographische Informationssystem des Landes O\u00f6. (\u00f6ffnet in neuem Tab)\" href=\"https:\/\/www.doris.at\/\" target=\"_blank\">Doris &#8211; <strong>D<\/strong>igitale <strong>O<\/strong>ber\u00f6sterreichische <strong>R<\/strong>aum <strong>I<\/strong>nformations<strong> S<\/strong>ystem &#8211; das Geographische Informationssystem des Landes O\u00f6.<\/a><\/p>\n\n\n\n<p style=\"text-align: center;\"><strong><span style=\"color: #99cc00;\">Pr\u00e4ambel WRRL:\n <\/span><\/strong><strong><span style=\"color: #99cc00;\">Wasser ist keine \u00fcbliche Handelsware, sondern ein ererbtes Gut, dass gesch\u00fctzt, verteidigt und entsprechend behandelt werden muss. <\/span><\/strong><\/p><p style=\"text-align: center;\">Zitat: Hans-Peter D\u00fcrr<\/p><span style=\"font-size: small; color: #99cc00;\"><\/span>\n<p style=\"text-align: center;\"><\/p>&nbsp;<p style=\"text-align: center;\"><span style=\"color: #99cc00;\">\n<\/span><\/p>\n","protected":false},"excerpt":{"rendered":"<p>Prinzipiell sind alle Gew\u00e4sser bei uns im Salzkammergut sch\u00fctzenswert. Nachfolgend gibt es jedoch einige Gew\u00e4sserabschnitte, die einen ganz besonderen gesetzlichen Schutz haben. In diesen Bericht verweise ich auf diese Gew\u00e4sser&#8230; <a class=\"read-more\" href=\"https:\/\/huberpower.com\/wordpress\/?p=11164\">[Weiterlesen]<\/a><\/p>\n","protected":false},"author":4,"featured_media":11169,"comment_status":"closed","ping_status":"open","sticky":false,"template":"","format":"standard","meta":{"_crdt_document":"","footnotes":""},"categories":[239,221,172,197,76,91,188,101,182,180,232,225,191,123,150,178,122,90],"tags":[],"class_list":["post-11164","post","type-post","status-publish","format-standard","has-post-thumbnail","hentry","category-artenvielfalt","category-aufzuchtbach","category-bewirtschaftungsplan","category-ffh-richtlinie","category-fischschutz","category-gesetze","category-gzuev","category-ischl","category-koppen-traun","category-laichplatz-kartierung","category-leitbild","category-monitoring","category-natura-aquatica","category-oekologischer-zustand","category-perlfisch","category-schutzgebiet","category-wasserrahmenrichtlinie","category-wrrl"],"_links":{"self":[{"href":"https:\/\/huberpower.com\/wordpress\/index.php?rest_route=\/wp\/v2\/posts\/11164","targetHints":{"allow":["GET"]}}],"collection":[{"href":"https:\/\/huberpower.com\/wordpress\/index.php?rest_route=\/wp\/v2\/posts"}],"about":[{"href":"https:\/\/huberpower.com\/wordpress\/index.php?rest_route=\/wp\/v2\/types\/post"}],"author":[{"embeddable":true,"href":"https:\/\/huberpower.com\/wordpress\/index.php?rest_route=\/wp\/v2\/users\/4"}],"replies":[{"embeddable":true,"href":"https:\/\/huberpower.com\/wordpress\/index.php?rest_route=%2Fwp%2Fv2%2Fcomments&post=11164"}],"version-history":[{"count":4,"href":"https:\/\/huberpower.com\/wordpress\/index.php?rest_route=\/wp\/v2\/posts\/11164\/revisions"}],"predecessor-version":[{"id":31515,"href":"https:\/\/huberpower.com\/wordpress\/index.php?rest_route=\/wp\/v2\/posts\/11164\/revisions\/31515"}],"wp:featuredmedia":[{"embeddable":true,"href":"https:\/\/huberpower.com\/wordpress\/index.php?rest_route=\/wp\/v2\/media\/11169"}],"wp:attachment":[{"href":"https:\/\/huberpower.com\/wordpress\/index.php?rest_route=%2Fwp%2Fv2%2Fmedia&parent=11164"}],"wp:term":[{"taxonomy":"category","embeddable":true,"href":"https:\/\/huberpower.com\/wordpress\/index.php?rest_route=%2Fwp%2Fv2%2Fcategories&post=11164"},{"taxonomy":"post_tag","embeddable":true,"href":"https:\/\/huberpower.com\/wordpress\/index.php?rest_route=%2Fwp%2Fv2%2Ftags&post=11164"}],"curies":[{"name":"wp","href":"https:\/\/api.w.org\/{rel}","templated":true}]}}